{"id":1049,"date":"2012-10-27T18:42:06","date_gmt":"2012-10-27T17:42:06","guid":{"rendered":"http:\/\/www.asavar.net\/blog\/?p=1049"},"modified":"2024-06-16T17:51:16","modified_gmt":"2024-06-16T16:51:16","slug":"acte-de-naissance-oublie-des-registres","status":"publish","type":"post","link":"https:\/\/www.asavar.net\/blog\/2012\/10\/27\/acte-de-naissance-oublie-des-registres\/","title":{"rendered":"Acte de naissance oubli\u00e9 : Il porte r\u00e9clamation"},"content":{"rendered":"<h4>Machine \u00e0 Ecrire en 1787 ?<\/h4>\n<p>En balayant les registres, nous tombons certaine fois sur des perles. Pr\u00eatre Fac\u00e9tieux, Anecdote gliss\u00e9e entre les actes &#8230; c&rsquo;est toujours un bonheur de faire la trouvaille.<br \/>\nEncore une fois aujourd&rsquo;hui c&rsquo;est une p\u00eache tr\u00e8s interessante que j&rsquo;ai fait.<\/p>\n<p>En remettant \u00e0 jour ma g\u00e9n\u00e9alogie B\u00e9nard, je suis retomb\u00e9 sur ce document trouv\u00e9 en lieu d&rsquo;acte de naissance de Mr Pierre Fr\u00e9d\u00e9ric Dain (6 Mai 1787) \u00e0 <a title=\"Vorges dans Google maps\" href=\"http:\/\/maps.google.fr\/maps?sugexp=chrome,mod%3D0&amp;client=ubuntu&amp;channel=cs&amp;q=vorges&amp;um=1&amp;ie=UTF-8&amp;hl=fr&amp;sa=N&amp;tab=wl\" target=\"_blank\" rel=\"noopener noreferrer\">Vorges<\/a> dans l&rsquo;Aisne.<\/p>\n<h4>Naissance&nbsp;plut\u00f4t&nbsp;originale \u00e0 deux titres.<\/h4>\n<p><span style=\"font-family: -apple-system, BlinkMacSystemFont, 'Segoe UI', Roboto, Oxygen-Sans, Ubuntu, Cantarell, 'Helvetica Neue', sans-serif;\">Tout d&rsquo;abord, un acte de naissance tap\u00e9 \u00e0 la machine dans les registres de 1787 a de quoi surprendre !!<\/span><\/p>\n<p>Bon, l&rsquo;id\u00e9e que l&rsquo;usage de la machine \u00e0 \u00e9crire soit d&rsquo;\u00e9poque ne tient pas deux secondes &#8230; mais toutefois en consultant <a title=\"machine a ecrire\" href=\"http:\/\/fr.wikipedia.org\/wiki\/Machine_%C3%A0_%C3%A9crire\" target=\"_blank\" rel=\"noopener noreferrer\">wikipedia<\/a>,on lit quand m\u00eame que le premier brevet d\u00e9pos\u00e9 pour un syst\u00e8me de machine \u00e0 \u00e9crire est ant\u00e9rieur \u00e0 la naissance de mon&nbsp;a\u00efeul.<!--more--><\/p>\n<p>Un certain <a title=\"Henry Mill\" href=\"http:\/\/fr.wikipedia.org\/wiki\/Henry_Mill\" target=\"_blank\" rel=\"noopener noreferrer\">Heny Mill<\/a> (qui n&rsquo;a d&rsquo;ailleurs d\u00e9pos\u00e9 que deux brevets dans toute sa vie d&rsquo;inventeur) a d\u00e9pos\u00e9 le premier brevet pour un syst\u00e8me automatisant l&rsquo;\u00e9criture en &#8230; 1714 ! Soit tout de m\u00eame pr\u00e9s de 73 ans avant les fameux registres de naissance.<\/p>\n<p>Par contre nul ne sait si cette machine a r\u00e9ellement \u00e9t\u00e9 construite.<\/p>\n<h4>Pas d&rsquo;inscription dans le registre de Naissance<\/h4>\n<p>Autre raison pour lequel cet \u00ab\u00a0acte de naissance\u00a0\u00bb est int\u00e9ressant : l&rsquo;oubli d&rsquo;inscription dudit Pierre Fr\u00e9d\u00e9ric. Il a du porter r\u00e9clamation devant la premi\u00e8re chambre du tribunal civil de Laon.<\/p>\n<p>C&rsquo;est vingt quatre ans plus tard, qu&rsquo;il est venu \u00e0 la mairie de <a title=\"Laon sur Google maps\" href=\"http:\/\/maps.google.fr\/maps?aq=0&amp;sugexp=chrome,mod%3D0&amp;client=ubuntu&amp;channel=cs&amp;q=laon&amp;um=1&amp;ie=UTF-8&amp;hl=fr&amp;sa=N&amp;tab=wl\" target=\"_blank\" rel=\"noopener noreferrer\">Laon<\/a>&nbsp;pour faire enregistrer enfin sa naissance. Il y est m\u00eame venu avec son p\u00e8re (<a title=\"Louis Antoine Gabriel Dain\" href=\"https:\/\/gw.geneanet.org\/vmarty_w?lang=fr&amp;pz=denise+mauricette+angele&amp;nz=benard&amp;ocz=0&amp;p=louis+antoine+gabriel&amp;n=dain\" target=\"_blank\" rel=\"noopener noreferrer\">Louis Antoine Gabriel Dain 1746-1819)<\/a> alors&nbsp;\u00e2g\u00e9&nbsp;de 64 ans.<\/p>\n<p>On peut imaginer, qu&rsquo;il n&rsquo;\u00e9tait pas tr\u00e8s agr\u00e9able de se sentir inexistant au regard de l&rsquo;\u00e9tat civil en 1787. Quoique cela pouvait permettre d&rsquo;\u00e9viter une <a title=\"Conscription wikipedia\" href=\"http:\/\/fr.wikipedia.org\/wiki\/Conscription\" target=\"_blank\" rel=\"noopener noreferrer\">conscription<\/a> quelconque comme celle de masse de l&rsquo;an II de la r\u00e9volution. Soit pas si longtemps apr\u00e8s sa naissance mais heureusement trop t\u00f4t pour qu&rsquo;il soit&nbsp;appel\u00e9.<\/p>\n<p>On peut \u00e9galement imaginer qu&rsquo;aujourd&rsquo;hui ce serait bien plus probl\u00e9matique en cas d&rsquo;absence d&rsquo;acte de naissance. Puisque de papier d&rsquo;identit\u00e9 point, de mariage ou de Pacs point etc &#8230;<\/p>\n<p>Je vous mets ci-dessous la photo de la d\u00e9claration relev\u00e9e aux archives de&nbsp;l&rsquo;Aisne&nbsp; ainsi que la transcription que j&rsquo;en ai faite (pour une fois sans trop de mal je l&rsquo;avoue \ud83d\ude09 )<\/p>\n<p>On peut penser que l&rsquo;usage de la machine \u00e0 \u00e9crire vient d&rsquo;une sauvegarde faite d&rsquo;un document en mauvais \u00e9tat, ou d&rsquo;une transmission tr\u00e8s &#8230; tr\u00e8s tardive et&nbsp;apr\u00e8s&nbsp;reprise sur un outil plus moderne.<\/p>\n<p>On constate \u00e9galement que la personne ayant tap\u00e9 cette d\u00e9claration ne maitrisait pas totalement l&rsquo;outil car on rel\u00e8ve quelques fautes.<\/p>\n<p style=\"text-align: center;\"><a href=\"https:\/\/www.asavar.net\/blog\/wp-content\/uploads\/2012\/10\/Declaration-Pierre-Frederic-DAIN.jpg\"><img loading=\"lazy\" decoding=\"async\" class=\"aligncenter wp-image-1053 size-medium\" title=\"Declaration Pierre Frederic Dain\" src=\"https:\/\/www.asavar.net\/blog\/wp-content\/uploads\/2012\/10\/Declaration-Pierre-Frederic-DAIN-225x300.jpg\" alt=\"Registres de naissance\" width=\"225\" height=\"300\" srcset=\"https:\/\/www.asavar.net\/blog\/wp-content\/uploads\/2012\/10\/Declaration-Pierre-Frederic-DAIN-225x300.jpg 225w, https:\/\/www.asavar.net\/blog\/wp-content\/uploads\/2012\/10\/Declaration-Pierre-Frederic-DAIN-768x1024.jpg 768w, https:\/\/www.asavar.net\/blog\/wp-content\/uploads\/2012\/10\/Declaration-Pierre-Frederic-DAIN.jpg 1200w\" sizes=\"auto, (max-width: 225px) 100vw, 225px\" \/><\/a><\/p>\n<p>&nbsp;<\/p>\n<h6>Transcription de la d\u00e9claration d&rsquo;acte de naissance :<\/h6>\n<p><em>Est Comparu Pierre Fr\u00e9d\u00e9ric Dain ag\u00e9 de vingt quatre ans, gar\u00e7on demeurant \u00e0 Vorges lequel nous a requis en vertu d&rsquo;un jugement par lui obtenu en premi\u00e8re chambre du tribunal civil de Laon, le seize de ce mois \u00e0 nous signifi\u00e9e, le jour d&rsquo;hier au soir de dresser note de sa naissance dont la r\u00e9daction a \u00e9t\u00e9 omise sur les registres de l&rsquo;\u00e9tat civil, dans les termes dudit jugement par lesquels elle a \u00e9t\u00e9 fis\u00e9 et retenue , et \u00e0 laquelle r\u00e9quisition il a \u00e9t\u00e9 d\u00e9f\u00e9re, ainsi qu&rsquo;\u00e0 celle de Louis Antoine Gabriel Dain ag\u00e9 de soixante quatre ans , meunier, demeurant \u00e0 Vorges, ici pr\u00e9sent lequel nous a d\u00e9clar\u00e9 \u00eatre le p\u00e8re dudit Pierre Fr\u00e9d\u00e9ric.<\/em><\/p>\n<p><em>Nous avons de l&rsquo;aveu des dits requ\u00e9rants et en vertu du jugement pr\u00e9cit\u00e9, et qui sera ci apr\u00e8s transcrit , r\u00e9dig\u00e9 le pr\u00e9sent acte portant que : le dit Pierre Fr\u00e9d\u00e9ric, gar\u00e7on majeur, demeurant \u00e0 Vorges, est n\u00e9 dans la dite commune de Vorges, le six mai mil sept cent quatre vingt sept du mariage de Louis Antoine Gabriel Dain, Meunier demeurant audit Vorges et de Marie Jeanne Carlier.<\/em><br \/>\n<em>Et ont les requ\u00e9rants sign\u00e9 avec nous le pr\u00e9sent acte de naissance apr\u00e8s qu&rsquo;il leur en a \u00e9t\u00e9 fait lecture.<\/em><br \/>\n<em>Dain Dain Mauclercq.<\/em><\/p>\n<p>&nbsp;<\/p>\n","protected":false},"excerpt":{"rendered":"<p>Machine \u00e0 Ecrire en 1787 ? En balayant les registres, nous tombons certaine fois sur des perles. Pr\u00eatre Fac\u00e9tieux, Anecdote gliss\u00e9e entre les actes &#8230; c&rsquo;est toujours un bonheur de faire la trouvaille. Encore une fois aujourd&rsquo;hui c&rsquo;est une p\u00eache&hellip; <a href=\"https:\/\/www.asavar.net\/blog\/2012\/10\/27\/acte-de-naissance-oublie-des-registres\/\" class=\"more-link\">Continuer la lecture <span class=\"meta-nav\">&rarr;<\/span><\/a><\/p>\n","protected":false},"author":2,"featured_media":1306,"comment_status":"open","ping_status":"closed","sticky":false,"template":"","format":"standard","meta":{"ngg_post_thumbnail":0,"jetpack_post_was_ever_published":false,"_jetpack_newsletter_access":"","_jetpack_dont_email_post_to_subs":false,"_jetpack_newsletter_tier_id":0,"_jetpack_memberships_contains_paywalled_content":false,"_jetpack_memberships_contains_paid_content":false,"footnotes":"","jetpack_publicize_message":"","jetpack_publicize_feature_enabled":true,"jetpack_social_post_already_shared":false,"jetpack_social_options":{"image_generator_settings":{"template":"highway","default_image_id":0,"font":"","enabled":false},"version":2}},"categories":[45],"tags":[88,46,147,151],"class_list":["post-1049","post","type-post","status-publish","format-standard","has-post-thumbnail","hentry","category-genealogie","tag-archives","tag-benard","tag-featured","tag-genealogie"],"yoast_head":"<!-- This site is optimized with the Yoast SEO plugin v26.4 - https:\/\/yoast.com\/wordpress\/plugins\/seo\/ -->\n<title>Acte de naissance oubli\u00e9 des registres : Il porte r\u00e9clamation<\/title>\n<meta name=\"description\" content=\"Dans les actes de naissance, on trouve r\u00e9guli\u00e8rement quelques documents peu communs et int\u00e9ressant, lorsque l&#039;acte est tap\u00e9 \u00e0 la machine !\" \/>\n<meta name=\"robots\" content=\"index, follow, max-snippet:-1, max-image-preview:large, max-video-preview:-1\" \/>\n<link rel=\"canonical\" href=\"https:\/\/www.asavar.net\/blog\/2012\/10\/27\/acte-de-naissance-oublie-des-registres\/\" \/>\n<meta property=\"og:locale\" content=\"fr_FR\" \/>\n<meta property=\"og:type\" content=\"article\" \/>\n<meta property=\"og:title\" content=\"Acte de naissance oubli\u00e9 des registres : Il porte r\u00e9clamation\" \/>\n<meta property=\"og:description\" content=\"Dans les actes de naissance, on trouve r\u00e9guli\u00e8rement quelques documents peu communs et int\u00e9ressant, lorsque l&#039;acte est tap\u00e9 \u00e0 la machine !\" \/>\n<meta property=\"og:url\" content=\"https:\/\/www.asavar.net\/blog\/2012\/10\/27\/acte-de-naissance-oublie-des-registres\/\" \/>\n<meta property=\"og:site_name\" content=\"Le vide-grenier d&#039;Asavar\" \/>\n<meta property=\"article:published_time\" content=\"2012-10-27T17:42:06+00:00\" \/>\n<meta property=\"article:modified_time\" content=\"2024-06-16T16:51:16+00:00\" \/>\n<meta property=\"og:image\" content=\"https:\/\/www.asavar.net\/blog\/wp-content\/uploads\/2012\/10\/800px-Smith_Premier_Typewriter-300x2251.jpeg\" \/>\n\t<meta property=\"og:image:width\" content=\"300\" \/>\n\t<meta property=\"og:image:height\" content=\"225\" \/>\n\t<meta property=\"og:image:type\" content=\"image\/jpeg\" \/>\n<meta name=\"author\" content=\"Asavar\" \/>\n<meta name=\"twitter:card\" content=\"summary_large_image\" \/>\n<meta name=\"twitter:creator\" content=\"@vmarty\" \/>\n<meta name=\"twitter:site\" content=\"@vmarty\" \/>\n<meta name=\"twitter:label1\" content=\"\u00c9crit par\" \/>\n\t<meta name=\"twitter:data1\" content=\"Asavar\" \/>\n\t<meta name=\"twitter:label2\" content=\"Dur\u00e9e de lecture estim\u00e9e\" \/>\n\t<meta name=\"twitter:data2\" content=\"4 minutes\" \/>\n<script type=\"application\/ld+json\" class=\"yoast-schema-graph\">{\"@context\":\"https:\/\/schema.org\",\"@graph\":[{\"@type\":\"Article\",\"@id\":\"https:\/\/www.asavar.net\/blog\/2012\/10\/27\/acte-de-naissance-oublie-des-registres\/#article\",\"isPartOf\":{\"@id\":\"https:\/\/www.asavar.net\/blog\/2012\/10\/27\/acte-de-naissance-oublie-des-registres\/\"},\"author\":{\"name\":\"Asavar\",\"@id\":\"https:\/\/www.asavar.net\/blog\/#\/schema\/person\/1dac85d1f2ae9333ccd3fd359d1bf303\"},\"headline\":\"Acte de naissance oubli\u00e9 : Il porte r\u00e9clamation\",\"datePublished\":\"2012-10-27T17:42:06+00:00\",\"dateModified\":\"2024-06-16T16:51:16+00:00\",\"mainEntityOfPage\":{\"@id\":\"https:\/\/www.asavar.net\/blog\/2012\/10\/27\/acte-de-naissance-oublie-des-registres\/\"},\"wordCount\":759,\"commentCount\":2,\"publisher\":{\"@id\":\"https:\/\/www.asavar.net\/blog\/#\/schema\/person\/1dac85d1f2ae9333ccd3fd359d1bf303\"},\"image\":{\"@id\":\"https:\/\/www.asavar.net\/blog\/2012\/10\/27\/acte-de-naissance-oublie-des-registres\/#primaryimage\"},\"thumbnailUrl\":\"https:\/\/www.asavar.net\/blog\/wp-content\/uploads\/2012\/10\/800px-Smith_Premier_Typewriter-300x2251.jpeg\",\"keywords\":[\"archives\",\"B\u00e9nard\",\"featured\",\"G\u00e9n\u00e9alogie\"],\"articleSection\":[\"G\u00e9n\u00e9alogie\"],\"inLanguage\":\"fr-FR\",\"potentialAction\":[{\"@type\":\"CommentAction\",\"name\":\"Comment\",\"target\":[\"https:\/\/www.asavar.net\/blog\/2012\/10\/27\/acte-de-naissance-oublie-des-registres\/#respond\"]}]},{\"@type\":\"WebPage\",\"@id\":\"https:\/\/www.asavar.net\/blog\/2012\/10\/27\/acte-de-naissance-oublie-des-registres\/\",\"url\":\"https:\/\/www.asavar.net\/blog\/2012\/10\/27\/acte-de-naissance-oublie-des-registres\/\",\"name\":\"Acte de naissance oubli\u00e9 des registres : Il porte r\u00e9clamation\",\"isPartOf\":{\"@id\":\"https:\/\/www.asavar.net\/blog\/#website\"},\"primaryImageOfPage\":{\"@id\":\"https:\/\/www.asavar.net\/blog\/2012\/10\/27\/acte-de-naissance-oublie-des-registres\/#primaryimage\"},\"image\":{\"@id\":\"https:\/\/www.asavar.net\/blog\/2012\/10\/27\/acte-de-naissance-oublie-des-registres\/#primaryimage\"},\"thumbnailUrl\":\"https:\/\/www.asavar.net\/blog\/wp-content\/uploads\/2012\/10\/800px-Smith_Premier_Typewriter-300x2251.jpeg\",\"datePublished\":\"2012-10-27T17:42:06+00:00\",\"dateModified\":\"2024-06-16T16:51:16+00:00\",\"description\":\"Dans les actes de naissance, on trouve r\u00e9guli\u00e8rement quelques documents peu communs et int\u00e9ressant, lorsque l'acte est tap\u00e9 \u00e0 la machine !\",\"inLanguage\":\"fr-FR\",\"potentialAction\":[{\"@type\":\"ReadAction\",\"target\":[\"https:\/\/www.asavar.net\/blog\/2012\/10\/27\/acte-de-naissance-oublie-des-registres\/\"]}]},{\"@type\":\"ImageObject\",\"inLanguage\":\"fr-FR\",\"@id\":\"https:\/\/www.asavar.net\/blog\/2012\/10\/27\/acte-de-naissance-oublie-des-registres\/#primaryimage\",\"url\":\"https:\/\/www.asavar.net\/blog\/wp-content\/uploads\/2012\/10\/800px-Smith_Premier_Typewriter-300x2251.jpeg\",\"contentUrl\":\"https:\/\/www.asavar.net\/blog\/wp-content\/uploads\/2012\/10\/800px-Smith_Premier_Typewriter-300x2251.jpeg\",\"width\":300,\"height\":225},{\"@type\":\"WebSite\",\"@id\":\"https:\/\/www.asavar.net\/blog\/#website\",\"url\":\"https:\/\/www.asavar.net\/blog\/\",\"name\":\"Le vide-grenier d&#039;Asavar\",\"description\":\"Virtuel mais pas forc\u00e9ment poussi\u00e9reux\",\"publisher\":{\"@id\":\"https:\/\/www.asavar.net\/blog\/#\/schema\/person\/1dac85d1f2ae9333ccd3fd359d1bf303\"},\"potentialAction\":[{\"@type\":\"SearchAction\",\"target\":{\"@type\":\"EntryPoint\",\"urlTemplate\":\"https:\/\/www.asavar.net\/blog\/?s={search_term_string}\"},\"query-input\":{\"@type\":\"PropertyValueSpecification\",\"valueRequired\":true,\"valueName\":\"search_term_string\"}}],\"inLanguage\":\"fr-FR\"},{\"@type\":[\"Person\",\"Organization\"],\"@id\":\"https:\/\/www.asavar.net\/blog\/#\/schema\/person\/1dac85d1f2ae9333ccd3fd359d1bf303\",\"name\":\"Asavar\",\"image\":{\"@type\":\"ImageObject\",\"inLanguage\":\"fr-FR\",\"@id\":\"https:\/\/www.asavar.net\/blog\/#\/schema\/person\/image\/\",\"url\":\"https:\/\/secure.gravatar.com\/avatar\/417bd47d3e1676e2b0d7c39b2ef87304659819698adabc98296ebe9b659a0e21?s=96&d=wavatar&r=g\",\"contentUrl\":\"https:\/\/secure.gravatar.com\/avatar\/417bd47d3e1676e2b0d7c39b2ef87304659819698adabc98296ebe9b659a0e21?s=96&d=wavatar&r=g\",\"caption\":\"Asavar\"},\"logo\":{\"@id\":\"https:\/\/www.asavar.net\/blog\/#\/schema\/person\/image\/\"},\"sameAs\":[\"http:\/\/www.asavar.net\"]}]}<\/script>\n<!-- \/ Yoast SEO plugin. -->","yoast_head_json":{"title":"Acte de naissance oubli\u00e9 des registres : Il porte r\u00e9clamation","description":"Dans les actes de naissance, on trouve r\u00e9guli\u00e8rement quelques documents peu communs et int\u00e9ressant, lorsque l'acte est tap\u00e9 \u00e0 la machine !","robots":{"index":"index","follow":"follow","max-snippet":"max-snippet:-1","max-image-preview":"max-image-preview:large","max-video-preview":"max-video-preview:-1"},"canonical":"https:\/\/www.asavar.net\/blog\/2012\/10\/27\/acte-de-naissance-oublie-des-registres\/","og_locale":"fr_FR","og_type":"article","og_title":"Acte de naissance oubli\u00e9 des registres : Il porte r\u00e9clamation","og_description":"Dans les actes de naissance, on trouve r\u00e9guli\u00e8rement quelques documents peu communs et int\u00e9ressant, lorsque l'acte est tap\u00e9 \u00e0 la machine !","og_url":"https:\/\/www.asavar.net\/blog\/2012\/10\/27\/acte-de-naissance-oublie-des-registres\/","og_site_name":"Le vide-grenier d&#039;Asavar","article_published_time":"2012-10-27T17:42:06+00:00","article_modified_time":"2024-06-16T16:51:16+00:00","og_image":[{"width":300,"height":225,"url":"https:\/\/www.asavar.net\/blog\/wp-content\/uploads\/2012\/10\/800px-Smith_Premier_Typewriter-300x2251.jpeg","type":"image\/jpeg"}],"author":"Asavar","twitter_card":"summary_large_image","twitter_creator":"@vmarty","twitter_site":"@vmarty","twitter_misc":{"\u00c9crit par":"Asavar","Dur\u00e9e de lecture estim\u00e9e":"4 minutes"},"schema":{"@context":"https:\/\/schema.org","@graph":[{"@type":"Article","@id":"https:\/\/www.asavar.net\/blog\/2012\/10\/27\/acte-de-naissance-oublie-des-registres\/#article","isPartOf":{"@id":"https:\/\/www.asavar.net\/blog\/2012\/10\/27\/acte-de-naissance-oublie-des-registres\/"},"author":{"name":"Asavar","@id":"https:\/\/www.asavar.net\/blog\/#\/schema\/person\/1dac85d1f2ae9333ccd3fd359d1bf303"},"headline":"Acte de naissance oubli\u00e9 : Il porte r\u00e9clamation","datePublished":"2012-10-27T17:42:06+00:00","dateModified":"2024-06-16T16:51:16+00:00","mainEntityOfPage":{"@id":"https:\/\/www.asavar.net\/blog\/2012\/10\/27\/acte-de-naissance-oublie-des-registres\/"},"wordCount":759,"commentCount":2,"publisher":{"@id":"https:\/\/www.asavar.net\/blog\/#\/schema\/person\/1dac85d1f2ae9333ccd3fd359d1bf303"},"image":{"@id":"https:\/\/www.asavar.net\/blog\/2012\/10\/27\/acte-de-naissance-oublie-des-registres\/#primaryimage"},"thumbnailUrl":"https:\/\/www.asavar.net\/blog\/wp-content\/uploads\/2012\/10\/800px-Smith_Premier_Typewriter-300x2251.jpeg","keywords":["archives","B\u00e9nard","featured","G\u00e9n\u00e9alogie"],"articleSection":["G\u00e9n\u00e9alogie"],"inLanguage":"fr-FR","potentialAction":[{"@type":"CommentAction","name":"Comment","target":["https:\/\/www.asavar.net\/blog\/2012\/10\/27\/acte-de-naissance-oublie-des-registres\/#respond"]}]},{"@type":"WebPage","@id":"https:\/\/www.asavar.net\/blog\/2012\/10\/27\/acte-de-naissance-oublie-des-registres\/","url":"https:\/\/www.asavar.net\/blog\/2012\/10\/27\/acte-de-naissance-oublie-des-registres\/","name":"Acte de naissance oubli\u00e9 des registres : Il porte r\u00e9clamation","isPartOf":{"@id":"https:\/\/www.asavar.net\/blog\/#website"},"primaryImageOfPage":{"@id":"https:\/\/www.asavar.net\/blog\/2012\/10\/27\/acte-de-naissance-oublie-des-registres\/#primaryimage"},"image":{"@id":"https:\/\/www.asavar.net\/blog\/2012\/10\/27\/acte-de-naissance-oublie-des-registres\/#primaryimage"},"thumbnailUrl":"https:\/\/www.asavar.net\/blog\/wp-content\/uploads\/2012\/10\/800px-Smith_Premier_Typewriter-300x2251.jpeg","datePublished":"2012-10-27T17:42:06+00:00","dateModified":"2024-06-16T16:51:16+00:00","description":"Dans les actes de naissance, on trouve r\u00e9guli\u00e8rement quelques documents peu communs et int\u00e9ressant, lorsque l'acte est tap\u00e9 \u00e0 la machine !","inLanguage":"fr-FR","potentialAction":[{"@type":"ReadAction","target":["https:\/\/www.asavar.net\/blog\/2012\/10\/27\/acte-de-naissance-oublie-des-registres\/"]}]},{"@type":"ImageObject","inLanguage":"fr-FR","@id":"https:\/\/www.asavar.net\/blog\/2012\/10\/27\/acte-de-naissance-oublie-des-registres\/#primaryimage","url":"https:\/\/www.asavar.net\/blog\/wp-content\/uploads\/2012\/10\/800px-Smith_Premier_Typewriter-300x2251.jpeg","contentUrl":"https:\/\/www.asavar.net\/blog\/wp-content\/uploads\/2012\/10\/800px-Smith_Premier_Typewriter-300x2251.jpeg","width":300,"height":225},{"@type":"WebSite","@id":"https:\/\/www.asavar.net\/blog\/#website","url":"https:\/\/www.asavar.net\/blog\/","name":"Le vide-grenier d&#039;Asavar","description":"Virtuel mais pas forc\u00e9ment poussi\u00e9reux","publisher":{"@id":"https:\/\/www.asavar.net\/blog\/#\/schema\/person\/1dac85d1f2ae9333ccd3fd359d1bf303"},"potentialAction":[{"@type":"SearchAction","target":{"@type":"EntryPoint","urlTemplate":"https:\/\/www.asavar.net\/blog\/?s={search_term_string}"},"query-input":{"@type":"PropertyValueSpecification","valueRequired":true,"valueName":"search_term_string"}}],"inLanguage":"fr-FR"},{"@type":["Person","Organization"],"@id":"https:\/\/www.asavar.net\/blog\/#\/schema\/person\/1dac85d1f2ae9333ccd3fd359d1bf303","name":"Asavar","image":{"@type":"ImageObject","inLanguage":"fr-FR","@id":"https:\/\/www.asavar.net\/blog\/#\/schema\/person\/image\/","url":"https:\/\/secure.gravatar.com\/avatar\/417bd47d3e1676e2b0d7c39b2ef87304659819698adabc98296ebe9b659a0e21?s=96&d=wavatar&r=g","contentUrl":"https:\/\/secure.gravatar.com\/avatar\/417bd47d3e1676e2b0d7c39b2ef87304659819698adabc98296ebe9b659a0e21?s=96&d=wavatar&r=g","caption":"Asavar"},"logo":{"@id":"https:\/\/www.asavar.net\/blog\/#\/schema\/person\/image\/"},"sameAs":["http:\/\/www.asavar.net"]}]}},"jetpack_publicize_connections":[],"jetpack_featured_media_url":"https:\/\/www.asavar.net\/blog\/wp-content\/uploads\/2012\/10\/800px-Smith_Premier_Typewriter-300x2251.jpeg","jetpack_shortlink":"https:\/\/wp.me\/pkpG2-gV","jetpack_likes_enabled":true,"jetpack-related-posts":[],"jetpack_sharing_enabled":true,"_links":{"self":[{"href":"https:\/\/www.asavar.net\/blog\/wp-json\/wp\/v2\/posts\/1049","targetHints":{"allow":["GET"]}}],"collection":[{"href":"https:\/\/www.asavar.net\/blog\/wp-json\/wp\/v2\/posts"}],"about":[{"href":"https:\/\/www.asavar.net\/blog\/wp-json\/wp\/v2\/types\/post"}],"author":[{"embeddable":true,"href":"https:\/\/www.asavar.net\/blog\/wp-json\/wp\/v2\/users\/2"}],"replies":[{"embeddable":true,"href":"https:\/\/www.asavar.net\/blog\/wp-json\/wp\/v2\/comments?post=1049"}],"version-history":[{"count":30,"href":"https:\/\/www.asavar.net\/blog\/wp-json\/wp\/v2\/posts\/1049\/revisions"}],"predecessor-version":[{"id":3552,"href":"https:\/\/www.asavar.net\/blog\/wp-json\/wp\/v2\/posts\/1049\/revisions\/3552"}],"wp:featuredmedia":[{"embeddable":true,"href":"https:\/\/www.asavar.net\/blog\/wp-json\/wp\/v2\/media\/1306"}],"wp:attachment":[{"href":"https:\/\/www.asavar.net\/blog\/wp-json\/wp\/v2\/media?parent=1049"}],"wp:term":[{"taxonomy":"category","embeddable":true,"href":"https:\/\/www.asavar.net\/blog\/wp-json\/wp\/v2\/categories?post=1049"},{"taxonomy":"post_tag","embeddable":true,"href":"https:\/\/www.asavar.net\/blog\/wp-json\/wp\/v2\/tags?post=1049"}],"curies":[{"name":"wp","href":"https:\/\/api.w.org\/{rel}","templated":true}]}}