{"id":1230,"date":"2013-04-15T11:35:38","date_gmt":"2013-04-15T10:35:38","guid":{"rendered":"http:\/\/www.asavar.net\/blog\/?p=1230"},"modified":"2024-06-02T14:05:37","modified_gmt":"2024-06-02T13:05:37","slug":"la-sixieme-ile-daniel-chavarria","status":"publish","type":"post","link":"https:\/\/www.asavar.net\/blog\/2013\/04\/15\/la-sixieme-ile-daniel-chavarria\/","title":{"rendered":"La sixi\u00e8me Ile par Daniel Chavarria"},"content":{"rendered":"<h4>La sixi\u00e8me ile par Daniel Chavarria<\/h4>\n<p>Nouvelle critique gr\u00e2ce \u00e0 <a title=\"Babelio\" href=\"https:\/\/www.babelio.com\" target=\"_blank\" rel=\"noopener noreferrer\">Babelio<\/a> et son <a href=\"asavar.net\/blog\/2010\/12\/10\/nouvelle-operation-masse-critique\/\">op\u00e9ration Masse Critique<\/a> : La sixi\u00e8me ile de <a title=\"Wikipedia chavarria\" href=\"http:\/\/fr.wikipedia.org\/wiki\/Daniel_Chavarr%C3%ADa\" target=\"_blank\" rel=\"noopener noreferrer\">Daniel Chavarria<\/a> aux \u00e9ditions <a href=\"http:\/\/www.payot-rivages.fr\" target=\"_blank\" rel=\"noopener noreferrer\">Rivages \/ Noir<\/a>.<\/p>\n<p>La quatri\u00e8me de couverture, fort all\u00e9chante nous promet croisements historiques, suspens, piraterie et chasse au tr\u00e9sor. Ce roman, traduit de l&rsquo;espagnol, d\u00e9marre par trois histoires qui s&rsquo;entrecroisent et dont on peine \u00e0 distinguer les raccords. Cependant le style d&rsquo;\u00e9criture reprenant les grands artifices du thriller nous fait avancer dans le livre \u00e0 une vitesse insoup\u00e7onn\u00e9e.<\/p>\n<p>Petits chapitres courts, passage d&rsquo;une histoire \u00e0 l&rsquo;autre, d&rsquo;une \u00e9poque \u00e0 l&rsquo;autre, fin de chapitre nous laissant en attente, bref tout y est !<\/p>\n<p>A tel point que je suis arriv\u00e9 au milieu de l&rsquo;ouvrage sans m&rsquo;en apercevoir. Mais petite d\u00e9ception, j&rsquo;y suis surtout arriv\u00e9 en r\u00e9alisant que j&rsquo;avais toujours l&rsquo;impression que l&rsquo;on plantait le d\u00e9cor de l&rsquo;aventure&#8230;<\/p>\n<h4>Le synopsis<\/h4>\n<p>La structure du r\u00e9cit choisie par l&rsquo;auteur nous entraine sur l&rsquo;histoire de la vie de trois personnages en des lieux et des \u00e9poques diff\u00e9rentes. Tout cela sans que l&rsquo;on ne distingue aucun lien visible entre eux.<br \/>\nM\u00eame si ce type de r\u00e9cit est assez courant de nos jours, g\u00e9n\u00e9ralement, on devine ce lien assez vite dans l&rsquo;histoire. Ce n&rsquo;est pas le cas de ce roman. Si le fil de l&rsquo;histoire est li\u00e9 \u00e0 la confession d&rsquo;Alvaro de Mendoza \u00e0 l&rsquo;aube du XVII eme si\u00e8cle, on peine \u00e0 rapprocher Mendoza du scientifique d&rsquo;ITT au XX\u00e8me si\u00e8cle et de Bernardo Orphelin uruguayen \u00e9lev\u00e9 chez les j\u00e9suites.<\/p>\n<p>Ajoutons \u00e0 cela que chacun de ces personnages poss\u00e8dent des rapports un peu sp\u00e9ciaux \u00e0 la&nbsp;sexualit\u00e9 et donc nous traversons cette histoire en croisant&nbsp;all\u00e8grement voyeurs, f\u00e9tichistes, sodomie, prostitu\u00e9es et supplices du pal. Je n&rsquo;ai rien contre ces choix mais la c&rsquo;est un peu beaucoup, on en finirait par se dire que la \u00ab\u00a0normalit\u00e9\u00a0\u00bb n&rsquo;existe plus et cela devient un peu lassant.<\/p>\n<h4>Ce que j&rsquo;en ai pens\u00e9<\/h4>\n<p>Si l&rsquo;histoire \u00e9tait all\u00e9chante, elle souffre d&rsquo;un peu trop de longueurs, de complexit\u00e9 gratuite. Finalement&nbsp;l&rsquo;enchev\u00eatrement&nbsp;des trois r\u00e9cits apporte peu. D&rsquo;autant plus que l&rsquo;un d&rsquo;entre eux s&rsquo;arr\u00eate brutalement et donne l&rsquo;impression d&rsquo;avoir \u00e9t\u00e9 ajout\u00e9 pour la richesse au d\u00e9triment de la compr\u00e9hension. Finalement l&rsquo;objet de l&rsquo;histoire se d\u00e9noue et n&rsquo;apparait&nbsp;vraiment&nbsp;que dans le dernier quart du livre.<\/p>\n<p>Je suis arriv\u00e9 \u00e0 la moiti\u00e9 sans m&rsquo;en rendre compte. Il aura fallu que je m&rsquo;accroche s\u00e9rieusement pour passer de la moiti\u00e9 au trois quarts. J&rsquo;avais l&rsquo;impression que cette histoire ne d\u00e9marrerait jamais !<br \/>\nD&rsquo;ailleurs, j&rsquo;ai pass\u00e9 les trois quarts de l&rsquo;histoire \u00e0 chercher \u00e0 comprendre ce qu&rsquo;\u00e9tait la sixi\u00e8me ile, pensant ne jamais la voir apparaitre&#8230;<\/p>\n<p>Je suis all\u00e9 au bout de ce livre prometteur. Il m&rsquo;a laiss\u00e9 une sensation tr\u00e8s mitig\u00e9e. Sensation d&rsquo;une histoire non aboutie, o\u00f9 l&rsquo;on aurait voulu en faire un peu trop. On se surprend \u00e0 se dire que ce pourrait \u00eatre un premier roman. Avec un peu d&rsquo;exp\u00e9rience et de maturit\u00e9, il aurait \u00e9t\u00e9 alors particuli\u00e8rement efficace.<\/p>\n<p>Et pourtant <a title=\"Actu du noir\" href=\"http:\/\/actu-du-noir.over-blog.com\/article-23449974.html\" target=\"_blank\" rel=\"noopener noreferrer\">un peu de recherche sur l&rsquo;auteur <\/a>nous apprendra qu&rsquo;il n&rsquo;en est pas \u00e0 son coup d&rsquo;essai. Il est d\u00e9sormais une r\u00e9f\u00e9rence du roman noir sud am\u00e9ricain.<br \/>\nL&rsquo;histoire de sa vie aide d&rsquo;ailleurs \u00e0 comprendre les parcours des personnages sus cit\u00e9s. Elle pourrait donner une lecture diff\u00e9rente de l&rsquo;ouvrage.<\/p>\n<h4>En conclusion<\/h4>\n<p>La sixi\u00e8me ile est un roman sur lequel je n&rsquo;ai pas&nbsp;compl\u00e8tement&nbsp;accroch\u00e9.&nbsp; Ce n&rsquo;est d&rsquo;ailleurs pas la premi\u00e8re fois sur des \u00e9crits d&rsquo;origine espagnole ou sud am\u00e9ricaine. Peut \u00eatre que ceux ci n&rsquo;\u00e9veillent pas chez moi les&nbsp;m\u00e9canismes&nbsp;d&rsquo;une lecture r\u00e9ussie.<br \/>\nUne jolie r\u00e9ussite dans l&rsquo;\u00e9criture de la confession d&rsquo;Alvaro de Mendoza. Confession r\u00e9alis\u00e9e en espagnol ancien dans le texte original et tr\u00e8s bien traduite en Fran\u00e7ais.<\/p>\n<p><em>La sixi\u00e8me ile par Daniel Chavarria aux \u00e9ditions Rivages \/ Noir<\/em><\/p>\n","protected":false},"excerpt":{"rendered":"<p>La structure du r\u00e9cit choisie par l&rsquo;auteur nous entraine sur l&rsquo;histoire de la vie de trois personnages en des lieux et des \u00e9poques diff\u00e9rentes et tout cela sans aucun lien visibles entre eux, m\u00eame si ce type de r\u00e9cit est assez courant de nos jours, g\u00e9n\u00e9ralement, on retrouve ou devine ce lien assez vite dans l&rsquo;histoire. Ce n&rsquo;est pas le cas de ce roman, et si le fil de l&rsquo;histoire est li\u00e9 \u00e0 la confession d&rsquo;Alvaro de Mendoza \u00e0 l&rsquo;aube du XVII eme si\u00e8cle, on peine \u00e0 rapprocher Mendoza du scientifique d&rsquo;ITT au XX\u00e8me si\u00e8cle et de Bernardo Orphelin uruguayen \u00e9lev\u00e9 chez les j\u00e9suites. <a href=\"https:\/\/www.asavar.net\/blog\/2013\/04\/15\/la-sixieme-ile-daniel-chavarria\/\" class=\"more-link\">Continuer la lecture <span class=\"meta-nav\">&rarr;<\/span><\/a><\/p>\n","protected":false},"author":2,"featured_media":1814,"comment_status":"open","ping_status":"closed","sticky":false,"template":"","format":"standard","meta":{"ngg_post_thumbnail":0,"jetpack_post_was_ever_published":false,"_jetpack_newsletter_access":"","_jetpack_dont_email_post_to_subs":false,"_jetpack_newsletter_tier_id":0,"_jetpack_memberships_contains_paywalled_content":false,"_jetpack_memberships_contains_paid_content":false,"footnotes":"","jetpack_publicize_message":"","jetpack_publicize_feature_enabled":true,"jetpack_social_post_already_shared":true,"jetpack_social_options":{"image_generator_settings":{"template":"highway","default_image_id":0,"font":"","enabled":false},"version":2}},"categories":[73],"tags":[57,106,119,149],"class_list":["post-1230","post","type-post","status-publish","format-standard","has-post-thumbnail","hentry","category-lectures","tag-babelio","tag-masse-critique","tag-roman","tag-tresor"],"yoast_head":"<!-- This site is optimized with the Yoast SEO plugin v26.4 - https:\/\/yoast.com\/wordpress\/plugins\/seo\/ -->\n<title>La sixi\u00e8me Ile par Daniel Chavarria - Le vide-grenier d&#039;Asavar<\/title>\n<meta name=\"description\" content=\"La sixi\u00e8me ile dernier roman de Daniel Chavarria, \u00e9crivain d&#039;origine uruguayenne et vivant \u00e0 Cuba. Lu gr\u00e2ce \u00e0 l&#039;op\u00e9ration Masse Critique.\" \/>\n<meta name=\"robots\" content=\"index, follow, max-snippet:-1, max-image-preview:large, max-video-preview:-1\" \/>\n<link rel=\"canonical\" href=\"https:\/\/www.asavar.net\/blog\/2013\/04\/15\/la-sixieme-ile-daniel-chavarria\/\" \/>\n<meta property=\"og:locale\" content=\"fr_FR\" \/>\n<meta property=\"og:type\" content=\"article\" \/>\n<meta property=\"og:title\" content=\"La sixi\u00e8me Ile par Daniel Chavarria - Le vide-grenier d&#039;Asavar\" \/>\n<meta property=\"og:description\" content=\"La sixi\u00e8me ile dernier roman de Daniel Chavarria, \u00e9crivain d&#039;origine uruguayenne et vivant \u00e0 Cuba. Lu gr\u00e2ce \u00e0 l&#039;op\u00e9ration Masse Critique.\" \/>\n<meta property=\"og:url\" content=\"https:\/\/www.asavar.net\/blog\/2013\/04\/15\/la-sixieme-ile-daniel-chavarria\/\" \/>\n<meta property=\"og:site_name\" content=\"Le vide-grenier d&#039;Asavar\" \/>\n<meta property=\"article:published_time\" content=\"2013-04-15T10:35:38+00:00\" \/>\n<meta property=\"article:modified_time\" content=\"2024-06-02T13:05:37+00:00\" \/>\n<meta property=\"og:image\" content=\"https:\/\/www.asavar.net\/blog\/wp-content\/uploads\/2013\/04\/La-sixieme-ile.jpeg\" \/>\n\t<meta property=\"og:image:width\" content=\"230\" \/>\n\t<meta property=\"og:image:height\" content=\"358\" \/>\n\t<meta property=\"og:image:type\" content=\"image\/jpeg\" \/>\n<meta name=\"author\" content=\"Asavar\" \/>\n<meta name=\"twitter:card\" content=\"summary_large_image\" \/>\n<meta name=\"twitter:creator\" content=\"@vmarty\" \/>\n<meta name=\"twitter:site\" content=\"@vmarty\" \/>\n<meta name=\"twitter:label1\" content=\"\u00c9crit par\" \/>\n\t<meta name=\"twitter:data1\" content=\"Asavar\" \/>\n\t<meta name=\"twitter:label2\" content=\"Dur\u00e9e de lecture estim\u00e9e\" \/>\n\t<meta name=\"twitter:data2\" content=\"3 minutes\" \/>\n<script type=\"application\/ld+json\" class=\"yoast-schema-graph\">{\"@context\":\"https:\/\/schema.org\",\"@graph\":[{\"@type\":\"Article\",\"@id\":\"https:\/\/www.asavar.net\/blog\/2013\/04\/15\/la-sixieme-ile-daniel-chavarria\/#article\",\"isPartOf\":{\"@id\":\"https:\/\/www.asavar.net\/blog\/2013\/04\/15\/la-sixieme-ile-daniel-chavarria\/\"},\"author\":{\"name\":\"Asavar\",\"@id\":\"https:\/\/www.asavar.net\/blog\/#\/schema\/person\/1dac85d1f2ae9333ccd3fd359d1bf303\"},\"headline\":\"La sixi\u00e8me Ile par Daniel Chavarria\",\"datePublished\":\"2013-04-15T10:35:38+00:00\",\"dateModified\":\"2024-06-02T13:05:37+00:00\",\"mainEntityOfPage\":{\"@id\":\"https:\/\/www.asavar.net\/blog\/2013\/04\/15\/la-sixieme-ile-daniel-chavarria\/\"},\"wordCount\":741,\"commentCount\":0,\"publisher\":{\"@id\":\"https:\/\/www.asavar.net\/blog\/#\/schema\/person\/1dac85d1f2ae9333ccd3fd359d1bf303\"},\"image\":{\"@id\":\"https:\/\/www.asavar.net\/blog\/2013\/04\/15\/la-sixieme-ile-daniel-chavarria\/#primaryimage\"},\"thumbnailUrl\":\"https:\/\/www.asavar.net\/blog\/wp-content\/uploads\/2013\/04\/La-sixieme-ile.jpeg\",\"keywords\":[\"babelio\",\"masse critique\",\"Roman\",\"tr\u00e9sor\"],\"articleSection\":[\"Lectures\"],\"inLanguage\":\"fr-FR\",\"potentialAction\":[{\"@type\":\"CommentAction\",\"name\":\"Comment\",\"target\":[\"https:\/\/www.asavar.net\/blog\/2013\/04\/15\/la-sixieme-ile-daniel-chavarria\/#respond\"]}]},{\"@type\":\"WebPage\",\"@id\":\"https:\/\/www.asavar.net\/blog\/2013\/04\/15\/la-sixieme-ile-daniel-chavarria\/\",\"url\":\"https:\/\/www.asavar.net\/blog\/2013\/04\/15\/la-sixieme-ile-daniel-chavarria\/\",\"name\":\"La sixi\u00e8me Ile par Daniel Chavarria - Le vide-grenier d&#039;Asavar\",\"isPartOf\":{\"@id\":\"https:\/\/www.asavar.net\/blog\/#website\"},\"primaryImageOfPage\":{\"@id\":\"https:\/\/www.asavar.net\/blog\/2013\/04\/15\/la-sixieme-ile-daniel-chavarria\/#primaryimage\"},\"image\":{\"@id\":\"https:\/\/www.asavar.net\/blog\/2013\/04\/15\/la-sixieme-ile-daniel-chavarria\/#primaryimage\"},\"thumbnailUrl\":\"https:\/\/www.asavar.net\/blog\/wp-content\/uploads\/2013\/04\/La-sixieme-ile.jpeg\",\"datePublished\":\"2013-04-15T10:35:38+00:00\",\"dateModified\":\"2024-06-02T13:05:37+00:00\",\"description\":\"La sixi\u00e8me ile dernier roman de Daniel Chavarria, \u00e9crivain d'origine uruguayenne et vivant \u00e0 Cuba. Lu gr\u00e2ce \u00e0 l'op\u00e9ration Masse Critique.\",\"inLanguage\":\"fr-FR\",\"potentialAction\":[{\"@type\":\"ReadAction\",\"target\":[\"https:\/\/www.asavar.net\/blog\/2013\/04\/15\/la-sixieme-ile-daniel-chavarria\/\"]}]},{\"@type\":\"ImageObject\",\"inLanguage\":\"fr-FR\",\"@id\":\"https:\/\/www.asavar.net\/blog\/2013\/04\/15\/la-sixieme-ile-daniel-chavarria\/#primaryimage\",\"url\":\"https:\/\/www.asavar.net\/blog\/wp-content\/uploads\/2013\/04\/La-sixieme-ile.jpeg\",\"contentUrl\":\"https:\/\/www.asavar.net\/blog\/wp-content\/uploads\/2013\/04\/La-sixieme-ile.jpeg\",\"width\":230,\"height\":358,\"caption\":\"Couverture la sixi\u00e8me ile\"},{\"@type\":\"WebSite\",\"@id\":\"https:\/\/www.asavar.net\/blog\/#website\",\"url\":\"https:\/\/www.asavar.net\/blog\/\",\"name\":\"Le vide-grenier d&#039;Asavar\",\"description\":\"Virtuel mais pas forc\u00e9ment poussi\u00e9reux\",\"publisher\":{\"@id\":\"https:\/\/www.asavar.net\/blog\/#\/schema\/person\/1dac85d1f2ae9333ccd3fd359d1bf303\"},\"potentialAction\":[{\"@type\":\"SearchAction\",\"target\":{\"@type\":\"EntryPoint\",\"urlTemplate\":\"https:\/\/www.asavar.net\/blog\/?s={search_term_string}\"},\"query-input\":{\"@type\":\"PropertyValueSpecification\",\"valueRequired\":true,\"valueName\":\"search_term_string\"}}],\"inLanguage\":\"fr-FR\"},{\"@type\":[\"Person\",\"Organization\"],\"@id\":\"https:\/\/www.asavar.net\/blog\/#\/schema\/person\/1dac85d1f2ae9333ccd3fd359d1bf303\",\"name\":\"Asavar\",\"image\":{\"@type\":\"ImageObject\",\"inLanguage\":\"fr-FR\",\"@id\":\"https:\/\/www.asavar.net\/blog\/#\/schema\/person\/image\/\",\"url\":\"https:\/\/secure.gravatar.com\/avatar\/417bd47d3e1676e2b0d7c39b2ef87304659819698adabc98296ebe9b659a0e21?s=96&d=wavatar&r=g\",\"contentUrl\":\"https:\/\/secure.gravatar.com\/avatar\/417bd47d3e1676e2b0d7c39b2ef87304659819698adabc98296ebe9b659a0e21?s=96&d=wavatar&r=g\",\"caption\":\"Asavar\"},\"logo\":{\"@id\":\"https:\/\/www.asavar.net\/blog\/#\/schema\/person\/image\/\"},\"sameAs\":[\"http:\/\/www.asavar.net\"]}]}<\/script>\n<!-- \/ Yoast SEO plugin. -->","yoast_head_json":{"title":"La sixi\u00e8me Ile par Daniel Chavarria - Le vide-grenier d&#039;Asavar","description":"La sixi\u00e8me ile dernier roman de Daniel Chavarria, \u00e9crivain d'origine uruguayenne et vivant \u00e0 Cuba. Lu gr\u00e2ce \u00e0 l'op\u00e9ration Masse Critique.","robots":{"index":"index","follow":"follow","max-snippet":"max-snippet:-1","max-image-preview":"max-image-preview:large","max-video-preview":"max-video-preview:-1"},"canonical":"https:\/\/www.asavar.net\/blog\/2013\/04\/15\/la-sixieme-ile-daniel-chavarria\/","og_locale":"fr_FR","og_type":"article","og_title":"La sixi\u00e8me Ile par Daniel Chavarria - Le vide-grenier d&#039;Asavar","og_description":"La sixi\u00e8me ile dernier roman de Daniel Chavarria, \u00e9crivain d'origine uruguayenne et vivant \u00e0 Cuba. Lu gr\u00e2ce \u00e0 l'op\u00e9ration Masse Critique.","og_url":"https:\/\/www.asavar.net\/blog\/2013\/04\/15\/la-sixieme-ile-daniel-chavarria\/","og_site_name":"Le vide-grenier d&#039;Asavar","article_published_time":"2013-04-15T10:35:38+00:00","article_modified_time":"2024-06-02T13:05:37+00:00","og_image":[{"width":230,"height":358,"url":"https:\/\/www.asavar.net\/blog\/wp-content\/uploads\/2013\/04\/La-sixieme-ile.jpeg","type":"image\/jpeg"}],"author":"Asavar","twitter_card":"summary_large_image","twitter_creator":"@vmarty","twitter_site":"@vmarty","twitter_misc":{"\u00c9crit par":"Asavar","Dur\u00e9e de lecture estim\u00e9e":"3 minutes"},"schema":{"@context":"https:\/\/schema.org","@graph":[{"@type":"Article","@id":"https:\/\/www.asavar.net\/blog\/2013\/04\/15\/la-sixieme-ile-daniel-chavarria\/#article","isPartOf":{"@id":"https:\/\/www.asavar.net\/blog\/2013\/04\/15\/la-sixieme-ile-daniel-chavarria\/"},"author":{"name":"Asavar","@id":"https:\/\/www.asavar.net\/blog\/#\/schema\/person\/1dac85d1f2ae9333ccd3fd359d1bf303"},"headline":"La sixi\u00e8me Ile par Daniel Chavarria","datePublished":"2013-04-15T10:35:38+00:00","dateModified":"2024-06-02T13:05:37+00:00","mainEntityOfPage":{"@id":"https:\/\/www.asavar.net\/blog\/2013\/04\/15\/la-sixieme-ile-daniel-chavarria\/"},"wordCount":741,"commentCount":0,"publisher":{"@id":"https:\/\/www.asavar.net\/blog\/#\/schema\/person\/1dac85d1f2ae9333ccd3fd359d1bf303"},"image":{"@id":"https:\/\/www.asavar.net\/blog\/2013\/04\/15\/la-sixieme-ile-daniel-chavarria\/#primaryimage"},"thumbnailUrl":"https:\/\/www.asavar.net\/blog\/wp-content\/uploads\/2013\/04\/La-sixieme-ile.jpeg","keywords":["babelio","masse critique","Roman","tr\u00e9sor"],"articleSection":["Lectures"],"inLanguage":"fr-FR","potentialAction":[{"@type":"CommentAction","name":"Comment","target":["https:\/\/www.asavar.net\/blog\/2013\/04\/15\/la-sixieme-ile-daniel-chavarria\/#respond"]}]},{"@type":"WebPage","@id":"https:\/\/www.asavar.net\/blog\/2013\/04\/15\/la-sixieme-ile-daniel-chavarria\/","url":"https:\/\/www.asavar.net\/blog\/2013\/04\/15\/la-sixieme-ile-daniel-chavarria\/","name":"La sixi\u00e8me Ile par Daniel Chavarria - Le vide-grenier d&#039;Asavar","isPartOf":{"@id":"https:\/\/www.asavar.net\/blog\/#website"},"primaryImageOfPage":{"@id":"https:\/\/www.asavar.net\/blog\/2013\/04\/15\/la-sixieme-ile-daniel-chavarria\/#primaryimage"},"image":{"@id":"https:\/\/www.asavar.net\/blog\/2013\/04\/15\/la-sixieme-ile-daniel-chavarria\/#primaryimage"},"thumbnailUrl":"https:\/\/www.asavar.net\/blog\/wp-content\/uploads\/2013\/04\/La-sixieme-ile.jpeg","datePublished":"2013-04-15T10:35:38+00:00","dateModified":"2024-06-02T13:05:37+00:00","description":"La sixi\u00e8me ile dernier roman de Daniel Chavarria, \u00e9crivain d'origine uruguayenne et vivant \u00e0 Cuba. Lu gr\u00e2ce \u00e0 l'op\u00e9ration Masse Critique.","inLanguage":"fr-FR","potentialAction":[{"@type":"ReadAction","target":["https:\/\/www.asavar.net\/blog\/2013\/04\/15\/la-sixieme-ile-daniel-chavarria\/"]}]},{"@type":"ImageObject","inLanguage":"fr-FR","@id":"https:\/\/www.asavar.net\/blog\/2013\/04\/15\/la-sixieme-ile-daniel-chavarria\/#primaryimage","url":"https:\/\/www.asavar.net\/blog\/wp-content\/uploads\/2013\/04\/La-sixieme-ile.jpeg","contentUrl":"https:\/\/www.asavar.net\/blog\/wp-content\/uploads\/2013\/04\/La-sixieme-ile.jpeg","width":230,"height":358,"caption":"Couverture la sixi\u00e8me ile"},{"@type":"WebSite","@id":"https:\/\/www.asavar.net\/blog\/#website","url":"https:\/\/www.asavar.net\/blog\/","name":"Le vide-grenier d&#039;Asavar","description":"Virtuel mais pas forc\u00e9ment poussi\u00e9reux","publisher":{"@id":"https:\/\/www.asavar.net\/blog\/#\/schema\/person\/1dac85d1f2ae9333ccd3fd359d1bf303"},"potentialAction":[{"@type":"SearchAction","target":{"@type":"EntryPoint","urlTemplate":"https:\/\/www.asavar.net\/blog\/?s={search_term_string}"},"query-input":{"@type":"PropertyValueSpecification","valueRequired":true,"valueName":"search_term_string"}}],"inLanguage":"fr-FR"},{"@type":["Person","Organization"],"@id":"https:\/\/www.asavar.net\/blog\/#\/schema\/person\/1dac85d1f2ae9333ccd3fd359d1bf303","name":"Asavar","image":{"@type":"ImageObject","inLanguage":"fr-FR","@id":"https:\/\/www.asavar.net\/blog\/#\/schema\/person\/image\/","url":"https:\/\/secure.gravatar.com\/avatar\/417bd47d3e1676e2b0d7c39b2ef87304659819698adabc98296ebe9b659a0e21?s=96&d=wavatar&r=g","contentUrl":"https:\/\/secure.gravatar.com\/avatar\/417bd47d3e1676e2b0d7c39b2ef87304659819698adabc98296ebe9b659a0e21?s=96&d=wavatar&r=g","caption":"Asavar"},"logo":{"@id":"https:\/\/www.asavar.net\/blog\/#\/schema\/person\/image\/"},"sameAs":["http:\/\/www.asavar.net"]}]}},"jetpack_publicize_connections":[],"jetpack_featured_media_url":"https:\/\/www.asavar.net\/blog\/wp-content\/uploads\/2013\/04\/La-sixieme-ile.jpeg","jetpack_shortlink":"https:\/\/wp.me\/pkpG2-jQ","jetpack_likes_enabled":true,"jetpack-related-posts":[],"jetpack_sharing_enabled":true,"_links":{"self":[{"href":"https:\/\/www.asavar.net\/blog\/wp-json\/wp\/v2\/posts\/1230","targetHints":{"allow":["GET"]}}],"collection":[{"href":"https:\/\/www.asavar.net\/blog\/wp-json\/wp\/v2\/posts"}],"about":[{"href":"https:\/\/www.asavar.net\/blog\/wp-json\/wp\/v2\/types\/post"}],"author":[{"embeddable":true,"href":"https:\/\/www.asavar.net\/blog\/wp-json\/wp\/v2\/users\/2"}],"replies":[{"embeddable":true,"href":"https:\/\/www.asavar.net\/blog\/wp-json\/wp\/v2\/comments?post=1230"}],"version-history":[{"count":14,"href":"https:\/\/www.asavar.net\/blog\/wp-json\/wp\/v2\/posts\/1230\/revisions"}],"predecessor-version":[{"id":3544,"href":"https:\/\/www.asavar.net\/blog\/wp-json\/wp\/v2\/posts\/1230\/revisions\/3544"}],"wp:featuredmedia":[{"embeddable":true,"href":"https:\/\/www.asavar.net\/blog\/wp-json\/wp\/v2\/media\/1814"}],"wp:attachment":[{"href":"https:\/\/www.asavar.net\/blog\/wp-json\/wp\/v2\/media?parent=1230"}],"wp:term":[{"taxonomy":"category","embeddable":true,"href":"https:\/\/www.asavar.net\/blog\/wp-json\/wp\/v2\/categories?post=1230"},{"taxonomy":"post_tag","embeddable":true,"href":"https:\/\/www.asavar.net\/blog\/wp-json\/wp\/v2\/tags?post=1230"}],"curies":[{"name":"wp","href":"https:\/\/api.w.org\/{rel}","templated":true}]}}