{"id":1361,"date":"2016-08-19T19:41:00","date_gmt":"2016-08-19T18:41:00","guid":{"rendered":"http:\/\/www.asavar.net\/blog\/?p=1361"},"modified":"2024-06-02T14:05:38","modified_gmt":"2024-06-02T13:05:38","slug":"le-nouveau-antoine-bello-ada","status":"publish","type":"post","link":"https:\/\/www.asavar.net\/blog\/2016\/08\/19\/le-nouveau-antoine-bello-ada\/","title":{"rendered":"Antoine Bello, son nouvel ouvrage : ADA"},"content":{"rendered":"<h4>ADA par Antoine Bello<\/h4>\n<p>Antoine Bello est un auteur que j&rsquo;avais eu la chance de d\u00e9couvrir il y a quelques ann\u00e9es sur France Info. Il y pr\u00e9sentait alors&nbsp; le th\u00e8me de son livre <a title=\"Les Falsificateurs\" href=\"https:\/\/www.asavar.net\/blog\/2007\/03\/31\/les-falsificateurs-un-bon-bouquin\/\">les &nbsp;falsificateurs.<\/a>&nbsp;Cet auteur publie ces jours-ci un nouvel ouvrage dont le titre est ADA.<\/p>\n<h4>Le synopsis<\/h4>\n<p>Ce nouveau roman n&rsquo;a pas de lien avec le triptyque consacr\u00e9 aux falsificateurs du CFR. Il se d\u00e9roule en plein c\u0153ur de la Silicon Valley. H\u00e9ros principal, Franck Logan, un inspecteur chevronn\u00e9 de la police. Cet inspecteur est sp\u00e9cialis\u00e9 dans la recherche des personnes disparues. Frank se retrouve en position d&rsquo;enqu\u00eateur lorsqu&rsquo;ADA dispara\u00eet.<\/p>\n<p>Petit souci cependant, ADA n&rsquo;est pas une personne disparue, ce n&rsquo;est m\u00eame pas une personne. C&rsquo;est une \u00ab\u00a0AI\u00a0\u00bb soit une intelligence artificielle, petit bout de logiciel qui auto-\u00e9volue en apprenant de ses propres exp\u00e9riences.<\/p>\n<p>ADA, intelligence con\u00e7ue dans l&rsquo;entreprise Turing Corp, Startup de la dite Valley a \u00e9t\u00e9 charg\u00e9e par ses concepteurs de produire de la litt\u00e9rature. Mais pas n&rsquo;importe laquelle : des romans \u00e0 l&rsquo;eau de rose avec toutefois un objectif de vente et de rentabilit\u00e9.<br \/>\nH\u00e9las ADA a disparue !<br \/>\nToutes ses sauvegardes ont \u00e9t\u00e9 effac\u00e9es alors qu&rsquo;elle se trouvait enferm\u00e9e dans une chambre forte isol\u00e9e du monde ext\u00e9rieur (physique comme digital). Pas de porte ouverte, pas de fen\u00eatre &#8230; Mais aussi pas de c\u00e2bles et pas de Wifi : bref un v\u00e9ritable crime \u00e0 huis clos du 21\u00e8me si\u00e8cle.<\/p>\n<h4>Ce que j&rsquo;en ai pens\u00e9<\/h4>\n<p>Frank, notre h\u00e9ros, s&rsquo;attache donc \u00e0 retrouver ADA. Comme son cadre de travail habituel est plut\u00f4t compos\u00e9 d&rsquo;indics, de prostitu\u00e9es et autres \u00ab\u00a0d\u00e9lices\u00a0\u00bb que d&rsquo;algorithmes et autres subtilit\u00e9s digitales, nous allons l&rsquo;accompagner dans la d\u00e9couverte de ce monde.<\/p>\n<p>C&rsquo;est g\u00e9n\u00e9ralement l\u00e0 que je d\u00e9croche car, j&rsquo;ai une culture plut\u00f4t bien fournie sur ces sujets (c&rsquo;\u00e9tait mon premier m\u00e9tier). La succession de termes techniques et de choses invraisemblables que l&rsquo;on nous sert habituellement me fait litt\u00e9ralement fuir.<br \/>\nEt bien excellente surprise, je n&rsquo;ai pas fui et j&rsquo;ai, \u00e0 dire vrai, bien appr\u00e9ci\u00e9 ce passage o\u00f9 Franck fait son apprentissage. Approche un peu subtile de la compr\u00e9hension, rep\u00e8res historiques des fondateurs de l&rsquo;intelligence artificielle en passant par <a title=\"Wikip\u00e9dia : Alan Turing\" href=\"https:\/\/fr.wikipedia.org\/wiki\/Alan_Turing\">Alan Turing<\/a>&nbsp;et <a title=\"Ada Lovelace\" href=\"https:\/\/fr.wikipedia.org\/wiki\/Ada_Lovelace\">Ada Lovelace n\u00e9e Byron<\/a>&nbsp;. Une prise de conscience finalement douce et bien document\u00e9e avec un inspecteur qui se pose, je trouve, assez vite les bonnes questions.<\/p>\n<p>Comme dans les autres romans d&rsquo;Antoine Bello que j&rsquo;ai pu lire et appr\u00e9cier, on retrouve des personnages \u00e9tonnants et attachants avec des traits de caract\u00e8re peut \u00eatre un peu trop exacerb\u00e9s. Mais c&rsquo;est aussi ce qui fait leur charme. Ainsi pour ceux qui auraient lu le triptyque du CFR cit\u00e9 ci-dessus, il y a du L\u00e9na dans la patronne de Franck &#8230;<\/p>\n<h5>Un temps qui passe sans urgence<\/h5>\n<p>On retrouve \u00e9galement une esp\u00e8ce de faux rythme qui donne une sensation de temps qui passe sans urgence. Comme si Franck, finalement press\u00e9 par tout le monde, prenait le temps de comprendre mais aussi de vivre sa vie.<br \/>\nL&rsquo;antith\u00e8se du thriller en quelque sorte ! Pourtant, il ne m&rsquo;a fallu que quelques jours pour d\u00e9vorer ADA avec beaucoup de plaisir.<\/p>\n<h5>L&rsquo;humour mordant d&rsquo;ADA<\/h5>\n<p>Un humour mordant se retrouve dans certains passages du roman \u00e0 l&rsquo;eau de rose \u00ab\u00a0pondu\u00a0\u00bb par ADA. Ils m&rsquo;ont bien fait rire mais je vous laisserais les d\u00e9couvrir. Cela repr\u00e9sente aussi pour moi la marque d&rsquo;Antoine Bello. Avec les sujets choisis et la typologie des personnages, il aurait pu verser dans le \u00ab\u00a0m\u00e9lo\u00a0\u00bb ou dans l&#8217;emphase. Mais il l&rsquo;\u00e9vite gr\u00e2ce \u00e0 cet humour, \u00e0 la gaucherie et\/ou \u00e0 l&rsquo;humanit\u00e9 de ses personnages.<\/p>\n<p><span style=\"text-decoration: underline;\"><strong>En synth\u00e8se<\/strong><\/span> : J&rsquo;ai vraiment beaucoup aim\u00e9 ce livre.&nbsp; Une d\u00e9couverte de l&rsquo;intelligence artificielle qui sera accessible \u00e0 tous, initi\u00e9s ou non, sans nous perdre dans des termes trop complexes. Une histoire charmante, rigolote mais avec de profondes r\u00e9flexions qui s&rsquo;ouvrent. R\u00e9flexions qui devraient nous amener \u00e0 regarder notre soci\u00e9t\u00e9 \u00e9voluer avec un peu plus de recul &#8230;<\/p>\n<p>C&rsquo;est vraiment pour moi un gros coup de c\u0153ur : foncez !<\/p>\n<p>J&rsquo;ai eu la chance d&rsquo;\u00eatre contact\u00e9 par <a href=\"https:\/\/www.babelio.com\">Babelio<\/a>, site sur lequel j&rsquo;ai d\u00e9j\u00e0 \u00e9crit \u00e0 plusieurs reprises pour me proposer de critiquer ce livre en avant premi\u00e8re de la rentr\u00e9e litt\u00e9raire. (Comme pour <a href=\"asavar.net\/blog\/2010\/12\/10\/nouvelle-operation-masse-critique\/\">Masse Critique<\/a> pas de consigne : la critique doit \u00eatre sinc\u00e8re, bonne ou mauvaise).<\/p>\n<p>J&rsquo;en ai \u00e9t\u00e9 ravi ! Je confirme, en tout cas, qu&rsquo;apr\u00e8s avoir r\u00e9cemment relu les Falsificateurs ainsi que les deux livres l&rsquo;ayant suivi : Les \u00e9claireurs (2009) et Les producteurs (2015), je vais m&#8217;empresser de chercher \u00e0 lire les autres ouvrages d&rsquo;Antoine Bello. Je le remercie, au passage, de m&rsquo;avoir directement pr\u00e9venu de la sortie des Producteurs en 2015 par un commentaire sur l&rsquo;article des falsificateurs !<\/p>\n<p>Merci \u00e0 Babelio et \u00e0 Gallimard pour la confiance, et lisez donc ADA d&rsquo;Antoine Bello en cette rentr\u00e9e litt\u00e9raire.<\/p>\n","protected":false},"excerpt":{"rendered":"<p>ADA par Antoine Bello Antoine Bello est un auteur que j&rsquo;avais eu la chance de d\u00e9couvrir il y a quelques ann\u00e9es sur France Info. Il y pr\u00e9sentait alors&nbsp; le th\u00e8me de son livre les &nbsp;falsificateurs.&nbsp;Cet auteur publie ces jours-ci un&hellip; <a href=\"https:\/\/www.asavar.net\/blog\/2016\/08\/19\/le-nouveau-antoine-bello-ada\/\" class=\"more-link\">Continuer la lecture <span class=\"meta-nav\">&rarr;<\/span><\/a><\/p>\n","protected":false},"author":2,"featured_media":1368,"comment_status":"open","ping_status":"closed","sticky":false,"template":"","format":"standard","meta":{"ngg_post_thumbnail":0,"jetpack_post_was_ever_published":false,"_jetpack_newsletter_access":"","_jetpack_dont_email_post_to_subs":false,"_jetpack_newsletter_tier_id":0,"_jetpack_memberships_contains_paywalled_content":false,"_jetpack_memberships_contains_paid_content":false,"footnotes":"","jetpack_publicize_message":"","jetpack_publicize_feature_enabled":true,"jetpack_social_post_already_shared":true,"jetpack_social_options":{"image_generator_settings":{"template":"highway","default_image_id":0,"font":"","enabled":false},"version":2}},"categories":[73],"tags":[57,116,106,119],"class_list":["post-1361","post","type-post","status-publish","format-standard","has-post-thumbnail","hentry","category-lectures","tag-babelio","tag-lecture","tag-masse-critique","tag-roman"],"yoast_head":"<!-- This site is optimized with the Yoast SEO plugin v26.4 - https:\/\/yoast.com\/wordpress\/plugins\/seo\/ -->\n<title>Antoine Bello, son nouvel ouvrage : ADA - Le vide-grenier d&#039;Asavar<\/title>\n<meta name=\"description\" content=\"Critique du roman d&#039;Antoine Bello : Ada. En partenariat avec Babelio j&#039;ai eu l&#039;occasion de lire ce roman en avant premi\u00e8re,\" \/>\n<meta name=\"robots\" content=\"index, follow, max-snippet:-1, max-image-preview:large, max-video-preview:-1\" \/>\n<link rel=\"canonical\" href=\"https:\/\/www.asavar.net\/blog\/2016\/08\/19\/le-nouveau-antoine-bello-ada\/\" \/>\n<meta property=\"og:locale\" content=\"fr_FR\" \/>\n<meta property=\"og:type\" content=\"article\" \/>\n<meta property=\"og:title\" content=\"Antoine Bello, son nouvel ouvrage : ADA - Le vide-grenier d&#039;Asavar\" \/>\n<meta property=\"og:description\" content=\"Critique du roman d&#039;Antoine Bello : Ada. En partenariat avec Babelio j&#039;ai eu l&#039;occasion de lire ce roman en avant premi\u00e8re,\" \/>\n<meta property=\"og:url\" content=\"https:\/\/www.asavar.net\/blog\/2016\/08\/19\/le-nouveau-antoine-bello-ada\/\" \/>\n<meta property=\"og:site_name\" content=\"Le vide-grenier d&#039;Asavar\" \/>\n<meta property=\"article:published_time\" content=\"2016-08-19T18:41:00+00:00\" \/>\n<meta property=\"article:modified_time\" content=\"2024-06-02T13:05:38+00:00\" \/>\n<meta property=\"og:image\" content=\"https:\/\/www.asavar.net\/blog\/wp-content\/uploads\/2016\/08\/ADA_par_Antoine_BELLO-215x300-1.jpg\" \/>\n\t<meta property=\"og:image:width\" content=\"215\" \/>\n\t<meta property=\"og:image:height\" content=\"300\" \/>\n\t<meta property=\"og:image:type\" content=\"image\/jpeg\" \/>\n<meta name=\"author\" content=\"Asavar\" \/>\n<meta name=\"twitter:card\" content=\"summary_large_image\" \/>\n<meta name=\"twitter:creator\" content=\"@vmarty\" \/>\n<meta name=\"twitter:site\" content=\"@vmarty\" \/>\n<meta name=\"twitter:label1\" content=\"\u00c9crit par\" \/>\n\t<meta name=\"twitter:data1\" content=\"Asavar\" \/>\n\t<meta name=\"twitter:label2\" content=\"Dur\u00e9e de lecture estim\u00e9e\" \/>\n\t<meta name=\"twitter:data2\" content=\"4 minutes\" \/>\n<script type=\"application\/ld+json\" class=\"yoast-schema-graph\">{\"@context\":\"https:\/\/schema.org\",\"@graph\":[{\"@type\":\"Article\",\"@id\":\"https:\/\/www.asavar.net\/blog\/2016\/08\/19\/le-nouveau-antoine-bello-ada\/#article\",\"isPartOf\":{\"@id\":\"https:\/\/www.asavar.net\/blog\/2016\/08\/19\/le-nouveau-antoine-bello-ada\/\"},\"author\":{\"name\":\"Asavar\",\"@id\":\"https:\/\/www.asavar.net\/blog\/#\/schema\/person\/1dac85d1f2ae9333ccd3fd359d1bf303\"},\"headline\":\"Antoine Bello, son nouvel ouvrage : ADA\",\"datePublished\":\"2016-08-19T18:41:00+00:00\",\"dateModified\":\"2024-06-02T13:05:38+00:00\",\"mainEntityOfPage\":{\"@id\":\"https:\/\/www.asavar.net\/blog\/2016\/08\/19\/le-nouveau-antoine-bello-ada\/\"},\"wordCount\":893,\"commentCount\":3,\"publisher\":{\"@id\":\"https:\/\/www.asavar.net\/blog\/#\/schema\/person\/1dac85d1f2ae9333ccd3fd359d1bf303\"},\"image\":{\"@id\":\"https:\/\/www.asavar.net\/blog\/2016\/08\/19\/le-nouveau-antoine-bello-ada\/#primaryimage\"},\"thumbnailUrl\":\"https:\/\/www.asavar.net\/blog\/wp-content\/uploads\/2016\/08\/ADA_par_Antoine_BELLO-215x300-1.jpg\",\"keywords\":[\"babelio\",\"lecture\",\"masse critique\",\"Roman\"],\"articleSection\":[\"Lectures\"],\"inLanguage\":\"fr-FR\",\"potentialAction\":[{\"@type\":\"CommentAction\",\"name\":\"Comment\",\"target\":[\"https:\/\/www.asavar.net\/blog\/2016\/08\/19\/le-nouveau-antoine-bello-ada\/#respond\"]}]},{\"@type\":\"WebPage\",\"@id\":\"https:\/\/www.asavar.net\/blog\/2016\/08\/19\/le-nouveau-antoine-bello-ada\/\",\"url\":\"https:\/\/www.asavar.net\/blog\/2016\/08\/19\/le-nouveau-antoine-bello-ada\/\",\"name\":\"Antoine Bello, son nouvel ouvrage : ADA - Le vide-grenier d&#039;Asavar\",\"isPartOf\":{\"@id\":\"https:\/\/www.asavar.net\/blog\/#website\"},\"primaryImageOfPage\":{\"@id\":\"https:\/\/www.asavar.net\/blog\/2016\/08\/19\/le-nouveau-antoine-bello-ada\/#primaryimage\"},\"image\":{\"@id\":\"https:\/\/www.asavar.net\/blog\/2016\/08\/19\/le-nouveau-antoine-bello-ada\/#primaryimage\"},\"thumbnailUrl\":\"https:\/\/www.asavar.net\/blog\/wp-content\/uploads\/2016\/08\/ADA_par_Antoine_BELLO-215x300-1.jpg\",\"datePublished\":\"2016-08-19T18:41:00+00:00\",\"dateModified\":\"2024-06-02T13:05:38+00:00\",\"description\":\"Critique du roman d'Antoine Bello : Ada. En partenariat avec Babelio j'ai eu l'occasion de lire ce roman en avant premi\u00e8re,\",\"inLanguage\":\"fr-FR\",\"potentialAction\":[{\"@type\":\"ReadAction\",\"target\":[\"https:\/\/www.asavar.net\/blog\/2016\/08\/19\/le-nouveau-antoine-bello-ada\/\"]}]},{\"@type\":\"ImageObject\",\"inLanguage\":\"fr-FR\",\"@id\":\"https:\/\/www.asavar.net\/blog\/2016\/08\/19\/le-nouveau-antoine-bello-ada\/#primaryimage\",\"url\":\"https:\/\/www.asavar.net\/blog\/wp-content\/uploads\/2016\/08\/ADA_par_Antoine_BELLO-215x300-1.jpg\",\"contentUrl\":\"https:\/\/www.asavar.net\/blog\/wp-content\/uploads\/2016\/08\/ADA_par_Antoine_BELLO-215x300-1.jpg\",\"width\":215,\"height\":300,\"caption\":\"ADA par Antoine Bello\"},{\"@type\":\"WebSite\",\"@id\":\"https:\/\/www.asavar.net\/blog\/#website\",\"url\":\"https:\/\/www.asavar.net\/blog\/\",\"name\":\"Le vide-grenier d&#039;Asavar\",\"description\":\"Virtuel mais pas forc\u00e9ment poussi\u00e9reux\",\"publisher\":{\"@id\":\"https:\/\/www.asavar.net\/blog\/#\/schema\/person\/1dac85d1f2ae9333ccd3fd359d1bf303\"},\"potentialAction\":[{\"@type\":\"SearchAction\",\"target\":{\"@type\":\"EntryPoint\",\"urlTemplate\":\"https:\/\/www.asavar.net\/blog\/?s={search_term_string}\"},\"query-input\":{\"@type\":\"PropertyValueSpecification\",\"valueRequired\":true,\"valueName\":\"search_term_string\"}}],\"inLanguage\":\"fr-FR\"},{\"@type\":[\"Person\",\"Organization\"],\"@id\":\"https:\/\/www.asavar.net\/blog\/#\/schema\/person\/1dac85d1f2ae9333ccd3fd359d1bf303\",\"name\":\"Asavar\",\"image\":{\"@type\":\"ImageObject\",\"inLanguage\":\"fr-FR\",\"@id\":\"https:\/\/www.asavar.net\/blog\/#\/schema\/person\/image\/\",\"url\":\"https:\/\/secure.gravatar.com\/avatar\/417bd47d3e1676e2b0d7c39b2ef87304659819698adabc98296ebe9b659a0e21?s=96&d=wavatar&r=g\",\"contentUrl\":\"https:\/\/secure.gravatar.com\/avatar\/417bd47d3e1676e2b0d7c39b2ef87304659819698adabc98296ebe9b659a0e21?s=96&d=wavatar&r=g\",\"caption\":\"Asavar\"},\"logo\":{\"@id\":\"https:\/\/www.asavar.net\/blog\/#\/schema\/person\/image\/\"},\"sameAs\":[\"http:\/\/www.asavar.net\"]}]}<\/script>\n<!-- \/ Yoast SEO plugin. -->","yoast_head_json":{"title":"Antoine Bello, son nouvel ouvrage : ADA - Le vide-grenier d&#039;Asavar","description":"Critique du roman d'Antoine Bello : Ada. En partenariat avec Babelio j'ai eu l'occasion de lire ce roman en avant premi\u00e8re,","robots":{"index":"index","follow":"follow","max-snippet":"max-snippet:-1","max-image-preview":"max-image-preview:large","max-video-preview":"max-video-preview:-1"},"canonical":"https:\/\/www.asavar.net\/blog\/2016\/08\/19\/le-nouveau-antoine-bello-ada\/","og_locale":"fr_FR","og_type":"article","og_title":"Antoine Bello, son nouvel ouvrage : ADA - Le vide-grenier d&#039;Asavar","og_description":"Critique du roman d'Antoine Bello : Ada. En partenariat avec Babelio j'ai eu l'occasion de lire ce roman en avant premi\u00e8re,","og_url":"https:\/\/www.asavar.net\/blog\/2016\/08\/19\/le-nouveau-antoine-bello-ada\/","og_site_name":"Le vide-grenier d&#039;Asavar","article_published_time":"2016-08-19T18:41:00+00:00","article_modified_time":"2024-06-02T13:05:38+00:00","og_image":[{"width":215,"height":300,"url":"https:\/\/www.asavar.net\/blog\/wp-content\/uploads\/2016\/08\/ADA_par_Antoine_BELLO-215x300-1.jpg","type":"image\/jpeg"}],"author":"Asavar","twitter_card":"summary_large_image","twitter_creator":"@vmarty","twitter_site":"@vmarty","twitter_misc":{"\u00c9crit par":"Asavar","Dur\u00e9e de lecture estim\u00e9e":"4 minutes"},"schema":{"@context":"https:\/\/schema.org","@graph":[{"@type":"Article","@id":"https:\/\/www.asavar.net\/blog\/2016\/08\/19\/le-nouveau-antoine-bello-ada\/#article","isPartOf":{"@id":"https:\/\/www.asavar.net\/blog\/2016\/08\/19\/le-nouveau-antoine-bello-ada\/"},"author":{"name":"Asavar","@id":"https:\/\/www.asavar.net\/blog\/#\/schema\/person\/1dac85d1f2ae9333ccd3fd359d1bf303"},"headline":"Antoine Bello, son nouvel ouvrage : ADA","datePublished":"2016-08-19T18:41:00+00:00","dateModified":"2024-06-02T13:05:38+00:00","mainEntityOfPage":{"@id":"https:\/\/www.asavar.net\/blog\/2016\/08\/19\/le-nouveau-antoine-bello-ada\/"},"wordCount":893,"commentCount":3,"publisher":{"@id":"https:\/\/www.asavar.net\/blog\/#\/schema\/person\/1dac85d1f2ae9333ccd3fd359d1bf303"},"image":{"@id":"https:\/\/www.asavar.net\/blog\/2016\/08\/19\/le-nouveau-antoine-bello-ada\/#primaryimage"},"thumbnailUrl":"https:\/\/www.asavar.net\/blog\/wp-content\/uploads\/2016\/08\/ADA_par_Antoine_BELLO-215x300-1.jpg","keywords":["babelio","lecture","masse critique","Roman"],"articleSection":["Lectures"],"inLanguage":"fr-FR","potentialAction":[{"@type":"CommentAction","name":"Comment","target":["https:\/\/www.asavar.net\/blog\/2016\/08\/19\/le-nouveau-antoine-bello-ada\/#respond"]}]},{"@type":"WebPage","@id":"https:\/\/www.asavar.net\/blog\/2016\/08\/19\/le-nouveau-antoine-bello-ada\/","url":"https:\/\/www.asavar.net\/blog\/2016\/08\/19\/le-nouveau-antoine-bello-ada\/","name":"Antoine Bello, son nouvel ouvrage : ADA - Le vide-grenier d&#039;Asavar","isPartOf":{"@id":"https:\/\/www.asavar.net\/blog\/#website"},"primaryImageOfPage":{"@id":"https:\/\/www.asavar.net\/blog\/2016\/08\/19\/le-nouveau-antoine-bello-ada\/#primaryimage"},"image":{"@id":"https:\/\/www.asavar.net\/blog\/2016\/08\/19\/le-nouveau-antoine-bello-ada\/#primaryimage"},"thumbnailUrl":"https:\/\/www.asavar.net\/blog\/wp-content\/uploads\/2016\/08\/ADA_par_Antoine_BELLO-215x300-1.jpg","datePublished":"2016-08-19T18:41:00+00:00","dateModified":"2024-06-02T13:05:38+00:00","description":"Critique du roman d'Antoine Bello : Ada. En partenariat avec Babelio j'ai eu l'occasion de lire ce roman en avant premi\u00e8re,","inLanguage":"fr-FR","potentialAction":[{"@type":"ReadAction","target":["https:\/\/www.asavar.net\/blog\/2016\/08\/19\/le-nouveau-antoine-bello-ada\/"]}]},{"@type":"ImageObject","inLanguage":"fr-FR","@id":"https:\/\/www.asavar.net\/blog\/2016\/08\/19\/le-nouveau-antoine-bello-ada\/#primaryimage","url":"https:\/\/www.asavar.net\/blog\/wp-content\/uploads\/2016\/08\/ADA_par_Antoine_BELLO-215x300-1.jpg","contentUrl":"https:\/\/www.asavar.net\/blog\/wp-content\/uploads\/2016\/08\/ADA_par_Antoine_BELLO-215x300-1.jpg","width":215,"height":300,"caption":"ADA par Antoine Bello"},{"@type":"WebSite","@id":"https:\/\/www.asavar.net\/blog\/#website","url":"https:\/\/www.asavar.net\/blog\/","name":"Le vide-grenier d&#039;Asavar","description":"Virtuel mais pas forc\u00e9ment poussi\u00e9reux","publisher":{"@id":"https:\/\/www.asavar.net\/blog\/#\/schema\/person\/1dac85d1f2ae9333ccd3fd359d1bf303"},"potentialAction":[{"@type":"SearchAction","target":{"@type":"EntryPoint","urlTemplate":"https:\/\/www.asavar.net\/blog\/?s={search_term_string}"},"query-input":{"@type":"PropertyValueSpecification","valueRequired":true,"valueName":"search_term_string"}}],"inLanguage":"fr-FR"},{"@type":["Person","Organization"],"@id":"https:\/\/www.asavar.net\/blog\/#\/schema\/person\/1dac85d1f2ae9333ccd3fd359d1bf303","name":"Asavar","image":{"@type":"ImageObject","inLanguage":"fr-FR","@id":"https:\/\/www.asavar.net\/blog\/#\/schema\/person\/image\/","url":"https:\/\/secure.gravatar.com\/avatar\/417bd47d3e1676e2b0d7c39b2ef87304659819698adabc98296ebe9b659a0e21?s=96&d=wavatar&r=g","contentUrl":"https:\/\/secure.gravatar.com\/avatar\/417bd47d3e1676e2b0d7c39b2ef87304659819698adabc98296ebe9b659a0e21?s=96&d=wavatar&r=g","caption":"Asavar"},"logo":{"@id":"https:\/\/www.asavar.net\/blog\/#\/schema\/person\/image\/"},"sameAs":["http:\/\/www.asavar.net"]}]}},"jetpack_publicize_connections":[],"jetpack_featured_media_url":"https:\/\/www.asavar.net\/blog\/wp-content\/uploads\/2016\/08\/ADA_par_Antoine_BELLO-215x300-1.jpg","jetpack_shortlink":"https:\/\/wp.me\/pkpG2-lX","jetpack_likes_enabled":true,"jetpack-related-posts":[],"jetpack_sharing_enabled":true,"_links":{"self":[{"href":"https:\/\/www.asavar.net\/blog\/wp-json\/wp\/v2\/posts\/1361","targetHints":{"allow":["GET"]}}],"collection":[{"href":"https:\/\/www.asavar.net\/blog\/wp-json\/wp\/v2\/posts"}],"about":[{"href":"https:\/\/www.asavar.net\/blog\/wp-json\/wp\/v2\/types\/post"}],"author":[{"embeddable":true,"href":"https:\/\/www.asavar.net\/blog\/wp-json\/wp\/v2\/users\/2"}],"replies":[{"embeddable":true,"href":"https:\/\/www.asavar.net\/blog\/wp-json\/wp\/v2\/comments?post=1361"}],"version-history":[{"count":9,"href":"https:\/\/www.asavar.net\/blog\/wp-json\/wp\/v2\/posts\/1361\/revisions"}],"predecessor-version":[{"id":3546,"href":"https:\/\/www.asavar.net\/blog\/wp-json\/wp\/v2\/posts\/1361\/revisions\/3546"}],"wp:featuredmedia":[{"embeddable":true,"href":"https:\/\/www.asavar.net\/blog\/wp-json\/wp\/v2\/media\/1368"}],"wp:attachment":[{"href":"https:\/\/www.asavar.net\/blog\/wp-json\/wp\/v2\/media?parent=1361"}],"wp:term":[{"taxonomy":"category","embeddable":true,"href":"https:\/\/www.asavar.net\/blog\/wp-json\/wp\/v2\/categories?post=1361"},{"taxonomy":"post_tag","embeddable":true,"href":"https:\/\/www.asavar.net\/blog\/wp-json\/wp\/v2\/tags?post=1361"}],"curies":[{"name":"wp","href":"https:\/\/api.w.org\/{rel}","templated":true}]}}