{"id":182,"date":"2010-01-29T01:21:16","date_gmt":"2010-01-29T00:21:16","guid":{"rendered":"http:\/\/www.asavar.net\/photos\/?p=6"},"modified":"2024-02-24T16:19:52","modified_gmt":"2024-02-24T15:19:52","slug":"balade-bruges","status":"publish","type":"post","link":"https:\/\/www.asavar.net\/blog\/2010\/01\/29\/balade-bruges\/","title":{"rendered":"Bruges : Belle balade hivernale"},"content":{"rendered":"<h4>Images captur\u00e9es de la ville de Bruges<\/h4>\n<p>Voici les photos d&rsquo;une tr\u00e8s belle journ\u00e9e d&rsquo;hiver \u00e0 Bruges prises en Janvier 2005.<\/p>\n<p>Je ne peux que recommander la balade vers cette tr\u00e8s jolie ville ou les canaux alternent avec de belles b\u00e2tisses. C&rsquo;est forc\u00e9ment plus joli vu sous le soleil que sous la pluie. Mais, finalement, l&rsquo;hiver dans le nord donne de jolies couleurs.<\/p>\n<p>Pour localiser Bruges : c&rsquo;est en cliquant la : <a href=\"https:\/\/www.google.fr:443\/maps?f=q&amp;hl=fr&amp;geocode&amp;q=bruges&amp;ie=UTF8&amp;ll=51.077645,3.227234&amp;spn=1.401247,3.735352&amp;z=8&amp;om=1\">Google maps <\/a><strong>&nbsp;<\/strong><\/p>\n<p><!--more--><\/p>\nngg_shortcode_0_placeholder\n<p>Il faudra que nous y retournions un jour en \u00e9t\u00e9, pour comparer mais j&rsquo;avoue que cette balade m&rsquo;a laiss\u00e9 un super souvenir de ciel bleu, de froid mais aussi de cette belle ville sous le soleil.<\/p>\n<p>La journ\u00e9e s&rsquo;est termin\u00e9e sur la page \u00e0 <a href=\"https:\/\/www.google.fr\/maps\/place\/8400+Ostende,+Belgique\/@51.2141191,2.8517554,12z\/data=!3m1!4b1!4m5!3m4!1s0x47dca8d31895a595:0x3e97dbf009839842!8m2!3d51.21543!4d2.928656\">Ostende.<\/a>&nbsp;Et la, finalement je le dis sans remords, la fin de journ\u00e9e \u00e9tait un peu moins \u00ab\u00a0sympa\u00a0\u00bb que le reste. Les plages belges ne m&rsquo;ont pas tellement marqu\u00e9.<\/p>\n<p>La vision d&rsquo;une ville peut \u00eatre fort d\u00e9pendante de la m\u00e9t\u00e9o lorsque vous la visitez durant une journ\u00e9e ou un weekend. Une ville peut vous sembler exceptionnelle sous le soleil et totalement glauque lorsque la m\u00eame visite se d\u00e9roule par temps de pluie. Bruges, ce jour, la \u00e9tait extr\u00eamement ensoleill\u00e9e sous un ciel d&rsquo;hiver particuli\u00e8rement bleu. La temp\u00e9rature \u00e9tait bien fraiche \u00e9galement.&nbsp;<\/p>\n<p>Je ne sais pas si, par un jour de brouillard, nous aurions ressenti autant d&rsquo;enthousiasme pour cette cit\u00e9 ? Mais je lis <a href=\"https:\/\/www.asavar.net\/blog\/2010\/02\/05\/le-coeur-de-gloire-par-herve-picart\/\">les romans de la s\u00e9rie l&rsquo;Arcamonde<\/a>, dont une partie se d\u00e9roule dans une ville de Bruges souvent enfouie dans le brouillard. Ces passages, fort bien \u00e9crits d\u00e9gagent toujours une atmosph\u00e8re myst\u00e9rieuse mais aussi un peu cosy. Apr\u00e8s tout le brouillard un peu cotonneux peut renforcer une impression cosy.<\/p>\n<p>Je vous laisse appr\u00e9cier la galerie de photos, en esp\u00e9rant que vous aurez autant de plaisir \u00e0 les regarder que j&rsquo;en ai eu \u00e0 les faire.&nbsp;&nbsp;<\/p>\n","protected":false},"excerpt":{"rendered":"<p>Images captur\u00e9es de la ville de Bruges Voici les photos d&rsquo;une tr\u00e8s belle journ\u00e9e d&rsquo;hiver \u00e0 Bruges prises en Janvier 2005. Je ne peux que recommander la balade vers cette tr\u00e8s jolie ville ou les canaux alternent avec de belles&hellip; <a href=\"https:\/\/www.asavar.net\/blog\/2010\/01\/29\/balade-bruges\/\" class=\"more-link\">Continuer la lecture <span class=\"meta-nav\">&rarr;<\/span><\/a><\/p>\n","protected":false},"author":2,"featured_media":1690,"comment_status":"open","ping_status":"closed","sticky":false,"template":"","format":"gallery","meta":{"ngg_post_thumbnail":0,"jetpack_post_was_ever_published":false,"_jetpack_newsletter_access":"","_jetpack_dont_email_post_to_subs":false,"_jetpack_newsletter_tier_id":0,"_jetpack_memberships_contains_paywalled_content":false,"_jetpack_memberships_contains_paid_content":false,"footnotes":"","jetpack_publicize_message":"","jetpack_publicize_feature_enabled":true,"jetpack_social_post_already_shared":false,"jetpack_social_options":{"image_generator_settings":{"template":"highway","default_image_id":0,"font":"","enabled":false},"version":2}},"categories":[107],"tags":[78,83],"class_list":["post-182","post","type-post","status-publish","format-gallery","has-post-thumbnail","hentry","category-life","tag-bruges","tag-ville","post_format-post-format-gallery"],"yoast_head":"<!-- This site is optimized with the Yoast SEO plugin v26.4 - https:\/\/yoast.com\/wordpress\/plugins\/seo\/ -->\n<title>Bruges : Belle balade hivernale - Le vide-grenier d&#039;Asavar<\/title>\n<meta name=\"description\" content=\"Quelques photos d&#039;une belle balade hivernale \u00e0 Bruges, ou canaux et batiments offrent une ambiance tr\u00e9s romantique pour une balade hivernale.\" \/>\n<meta name=\"robots\" content=\"index, follow, max-snippet:-1, max-image-preview:large, max-video-preview:-1\" \/>\n<link rel=\"canonical\" href=\"https:\/\/www.asavar.net\/blog\/2010\/01\/29\/balade-bruges\/\" \/>\n<meta property=\"og:locale\" content=\"fr_FR\" \/>\n<meta property=\"og:type\" content=\"article\" \/>\n<meta property=\"og:title\" content=\"Bruges : Belle balade hivernale - Le vide-grenier d&#039;Asavar\" \/>\n<meta property=\"og:description\" content=\"Quelques photos d&#039;une belle balade hivernale \u00e0 Bruges, ou canaux et batiments offrent une ambiance tr\u00e9s romantique pour une balade hivernale.\" \/>\n<meta property=\"og:url\" content=\"https:\/\/www.asavar.net\/blog\/2010\/01\/29\/balade-bruges\/\" \/>\n<meta property=\"og:site_name\" content=\"Le vide-grenier d&#039;Asavar\" \/>\n<meta property=\"article:published_time\" content=\"2010-01-29T00:21:16+00:00\" \/>\n<meta property=\"article:modified_time\" content=\"2024-02-24T15:19:52+00:00\" \/>\n<meta property=\"og:image\" content=\"https:\/\/www.asavar.net\/blog\/wp-content\/uploads\/2018\/01\/Vue-hiver-canaux-bruges.jpg\" \/>\n\t<meta property=\"og:image:width\" content=\"900\" \/>\n\t<meta property=\"og:image:height\" content=\"675\" \/>\n\t<meta property=\"og:image:type\" content=\"image\/jpeg\" \/>\n<meta name=\"author\" content=\"Asavar\" \/>\n<meta name=\"twitter:card\" content=\"summary_large_image\" \/>\n<meta name=\"twitter:creator\" content=\"@vmarty\" \/>\n<meta name=\"twitter:site\" content=\"@vmarty\" \/>\n<meta name=\"twitter:label1\" content=\"\u00c9crit par\" \/>\n\t<meta name=\"twitter:data1\" content=\"Asavar\" \/>\n\t<meta name=\"twitter:label2\" content=\"Dur\u00e9e de lecture estim\u00e9e\" \/>\n\t<meta name=\"twitter:data2\" content=\"2 minutes\" \/>\n<script type=\"application\/ld+json\" class=\"yoast-schema-graph\">{\"@context\":\"https:\/\/schema.org\",\"@graph\":[{\"@type\":\"Article\",\"@id\":\"https:\/\/www.asavar.net\/blog\/2010\/01\/29\/balade-bruges\/#article\",\"isPartOf\":{\"@id\":\"https:\/\/www.asavar.net\/blog\/2010\/01\/29\/balade-bruges\/\"},\"author\":{\"name\":\"Asavar\",\"@id\":\"https:\/\/www.asavar.net\/blog\/#\/schema\/person\/1dac85d1f2ae9333ccd3fd359d1bf303\"},\"headline\":\"Bruges : Belle balade hivernale\",\"datePublished\":\"2010-01-29T00:21:16+00:00\",\"dateModified\":\"2024-02-24T15:19:52+00:00\",\"mainEntityOfPage\":{\"@id\":\"https:\/\/www.asavar.net\/blog\/2010\/01\/29\/balade-bruges\/\"},\"wordCount\":387,\"commentCount\":1,\"publisher\":{\"@id\":\"https:\/\/www.asavar.net\/blog\/#\/schema\/person\/1dac85d1f2ae9333ccd3fd359d1bf303\"},\"image\":{\"@id\":\"https:\/\/www.asavar.net\/blog\/2010\/01\/29\/balade-bruges\/#primaryimage\"},\"thumbnailUrl\":\"https:\/\/www.asavar.net\/blog\/wp-content\/uploads\/2018\/01\/Vue-hiver-canaux-bruges.jpg\",\"keywords\":[\"bruges\",\"ville\"],\"articleSection\":[\"Life\"],\"inLanguage\":\"fr-FR\",\"potentialAction\":[{\"@type\":\"CommentAction\",\"name\":\"Comment\",\"target\":[\"https:\/\/www.asavar.net\/blog\/2010\/01\/29\/balade-bruges\/#respond\"]}]},{\"@type\":\"WebPage\",\"@id\":\"https:\/\/www.asavar.net\/blog\/2010\/01\/29\/balade-bruges\/\",\"url\":\"https:\/\/www.asavar.net\/blog\/2010\/01\/29\/balade-bruges\/\",\"name\":\"Bruges : Belle balade hivernale - Le vide-grenier d&#039;Asavar\",\"isPartOf\":{\"@id\":\"https:\/\/www.asavar.net\/blog\/#website\"},\"primaryImageOfPage\":{\"@id\":\"https:\/\/www.asavar.net\/blog\/2010\/01\/29\/balade-bruges\/#primaryimage\"},\"image\":{\"@id\":\"https:\/\/www.asavar.net\/blog\/2010\/01\/29\/balade-bruges\/#primaryimage\"},\"thumbnailUrl\":\"https:\/\/www.asavar.net\/blog\/wp-content\/uploads\/2018\/01\/Vue-hiver-canaux-bruges.jpg\",\"datePublished\":\"2010-01-29T00:21:16+00:00\",\"dateModified\":\"2024-02-24T15:19:52+00:00\",\"description\":\"Quelques photos d'une belle balade hivernale \u00e0 Bruges, ou canaux et batiments offrent une ambiance tr\u00e9s romantique pour une balade hivernale.\",\"inLanguage\":\"fr-FR\",\"potentialAction\":[{\"@type\":\"ReadAction\",\"target\":[\"https:\/\/www.asavar.net\/blog\/2010\/01\/29\/balade-bruges\/\"]}]},{\"@type\":\"ImageObject\",\"inLanguage\":\"fr-FR\",\"@id\":\"https:\/\/www.asavar.net\/blog\/2010\/01\/29\/balade-bruges\/#primaryimage\",\"url\":\"https:\/\/www.asavar.net\/blog\/wp-content\/uploads\/2018\/01\/Vue-hiver-canaux-bruges.jpg\",\"contentUrl\":\"https:\/\/www.asavar.net\/blog\/wp-content\/uploads\/2018\/01\/Vue-hiver-canaux-bruges.jpg\",\"width\":900,\"height\":675,\"caption\":\"C'est une vue des canaux de Bruges prise \u00e0 l'hiver 2005\"},{\"@type\":\"WebSite\",\"@id\":\"https:\/\/www.asavar.net\/blog\/#website\",\"url\":\"https:\/\/www.asavar.net\/blog\/\",\"name\":\"Le vide-grenier d&#039;Asavar\",\"description\":\"Virtuel mais pas forc\u00e9ment poussi\u00e9reux\",\"publisher\":{\"@id\":\"https:\/\/www.asavar.net\/blog\/#\/schema\/person\/1dac85d1f2ae9333ccd3fd359d1bf303\"},\"potentialAction\":[{\"@type\":\"SearchAction\",\"target\":{\"@type\":\"EntryPoint\",\"urlTemplate\":\"https:\/\/www.asavar.net\/blog\/?s={search_term_string}\"},\"query-input\":{\"@type\":\"PropertyValueSpecification\",\"valueRequired\":true,\"valueName\":\"search_term_string\"}}],\"inLanguage\":\"fr-FR\"},{\"@type\":[\"Person\",\"Organization\"],\"@id\":\"https:\/\/www.asavar.net\/blog\/#\/schema\/person\/1dac85d1f2ae9333ccd3fd359d1bf303\",\"name\":\"Asavar\",\"image\":{\"@type\":\"ImageObject\",\"inLanguage\":\"fr-FR\",\"@id\":\"https:\/\/www.asavar.net\/blog\/#\/schema\/person\/image\/\",\"url\":\"https:\/\/secure.gravatar.com\/avatar\/417bd47d3e1676e2b0d7c39b2ef87304659819698adabc98296ebe9b659a0e21?s=96&d=wavatar&r=g\",\"contentUrl\":\"https:\/\/secure.gravatar.com\/avatar\/417bd47d3e1676e2b0d7c39b2ef87304659819698adabc98296ebe9b659a0e21?s=96&d=wavatar&r=g\",\"caption\":\"Asavar\"},\"logo\":{\"@id\":\"https:\/\/www.asavar.net\/blog\/#\/schema\/person\/image\/\"},\"sameAs\":[\"http:\/\/www.asavar.net\"]}]}<\/script>\n<!-- \/ Yoast SEO plugin. -->","yoast_head_json":{"title":"Bruges : Belle balade hivernale - Le vide-grenier d&#039;Asavar","description":"Quelques photos d'une belle balade hivernale \u00e0 Bruges, ou canaux et batiments offrent une ambiance tr\u00e9s romantique pour une balade hivernale.","robots":{"index":"index","follow":"follow","max-snippet":"max-snippet:-1","max-image-preview":"max-image-preview:large","max-video-preview":"max-video-preview:-1"},"canonical":"https:\/\/www.asavar.net\/blog\/2010\/01\/29\/balade-bruges\/","og_locale":"fr_FR","og_type":"article","og_title":"Bruges : Belle balade hivernale - Le vide-grenier d&#039;Asavar","og_description":"Quelques photos d'une belle balade hivernale \u00e0 Bruges, ou canaux et batiments offrent une ambiance tr\u00e9s romantique pour une balade hivernale.","og_url":"https:\/\/www.asavar.net\/blog\/2010\/01\/29\/balade-bruges\/","og_site_name":"Le vide-grenier d&#039;Asavar","article_published_time":"2010-01-29T00:21:16+00:00","article_modified_time":"2024-02-24T15:19:52+00:00","og_image":[{"width":900,"height":675,"url":"https:\/\/www.asavar.net\/blog\/wp-content\/uploads\/2018\/01\/Vue-hiver-canaux-bruges.jpg","type":"image\/jpeg"}],"author":"Asavar","twitter_card":"summary_large_image","twitter_creator":"@vmarty","twitter_site":"@vmarty","twitter_misc":{"\u00c9crit par":"Asavar","Dur\u00e9e de lecture estim\u00e9e":"2 minutes"},"schema":{"@context":"https:\/\/schema.org","@graph":[{"@type":"Article","@id":"https:\/\/www.asavar.net\/blog\/2010\/01\/29\/balade-bruges\/#article","isPartOf":{"@id":"https:\/\/www.asavar.net\/blog\/2010\/01\/29\/balade-bruges\/"},"author":{"name":"Asavar","@id":"https:\/\/www.asavar.net\/blog\/#\/schema\/person\/1dac85d1f2ae9333ccd3fd359d1bf303"},"headline":"Bruges : Belle balade hivernale","datePublished":"2010-01-29T00:21:16+00:00","dateModified":"2024-02-24T15:19:52+00:00","mainEntityOfPage":{"@id":"https:\/\/www.asavar.net\/blog\/2010\/01\/29\/balade-bruges\/"},"wordCount":387,"commentCount":1,"publisher":{"@id":"https:\/\/www.asavar.net\/blog\/#\/schema\/person\/1dac85d1f2ae9333ccd3fd359d1bf303"},"image":{"@id":"https:\/\/www.asavar.net\/blog\/2010\/01\/29\/balade-bruges\/#primaryimage"},"thumbnailUrl":"https:\/\/www.asavar.net\/blog\/wp-content\/uploads\/2018\/01\/Vue-hiver-canaux-bruges.jpg","keywords":["bruges","ville"],"articleSection":["Life"],"inLanguage":"fr-FR","potentialAction":[{"@type":"CommentAction","name":"Comment","target":["https:\/\/www.asavar.net\/blog\/2010\/01\/29\/balade-bruges\/#respond"]}]},{"@type":"WebPage","@id":"https:\/\/www.asavar.net\/blog\/2010\/01\/29\/balade-bruges\/","url":"https:\/\/www.asavar.net\/blog\/2010\/01\/29\/balade-bruges\/","name":"Bruges : Belle balade hivernale - Le vide-grenier d&#039;Asavar","isPartOf":{"@id":"https:\/\/www.asavar.net\/blog\/#website"},"primaryImageOfPage":{"@id":"https:\/\/www.asavar.net\/blog\/2010\/01\/29\/balade-bruges\/#primaryimage"},"image":{"@id":"https:\/\/www.asavar.net\/blog\/2010\/01\/29\/balade-bruges\/#primaryimage"},"thumbnailUrl":"https:\/\/www.asavar.net\/blog\/wp-content\/uploads\/2018\/01\/Vue-hiver-canaux-bruges.jpg","datePublished":"2010-01-29T00:21:16+00:00","dateModified":"2024-02-24T15:19:52+00:00","description":"Quelques photos d'une belle balade hivernale \u00e0 Bruges, ou canaux et batiments offrent une ambiance tr\u00e9s romantique pour une balade hivernale.","inLanguage":"fr-FR","potentialAction":[{"@type":"ReadAction","target":["https:\/\/www.asavar.net\/blog\/2010\/01\/29\/balade-bruges\/"]}]},{"@type":"ImageObject","inLanguage":"fr-FR","@id":"https:\/\/www.asavar.net\/blog\/2010\/01\/29\/balade-bruges\/#primaryimage","url":"https:\/\/www.asavar.net\/blog\/wp-content\/uploads\/2018\/01\/Vue-hiver-canaux-bruges.jpg","contentUrl":"https:\/\/www.asavar.net\/blog\/wp-content\/uploads\/2018\/01\/Vue-hiver-canaux-bruges.jpg","width":900,"height":675,"caption":"C'est une vue des canaux de Bruges prise \u00e0 l'hiver 2005"},{"@type":"WebSite","@id":"https:\/\/www.asavar.net\/blog\/#website","url":"https:\/\/www.asavar.net\/blog\/","name":"Le vide-grenier d&#039;Asavar","description":"Virtuel mais pas forc\u00e9ment poussi\u00e9reux","publisher":{"@id":"https:\/\/www.asavar.net\/blog\/#\/schema\/person\/1dac85d1f2ae9333ccd3fd359d1bf303"},"potentialAction":[{"@type":"SearchAction","target":{"@type":"EntryPoint","urlTemplate":"https:\/\/www.asavar.net\/blog\/?s={search_term_string}"},"query-input":{"@type":"PropertyValueSpecification","valueRequired":true,"valueName":"search_term_string"}}],"inLanguage":"fr-FR"},{"@type":["Person","Organization"],"@id":"https:\/\/www.asavar.net\/blog\/#\/schema\/person\/1dac85d1f2ae9333ccd3fd359d1bf303","name":"Asavar","image":{"@type":"ImageObject","inLanguage":"fr-FR","@id":"https:\/\/www.asavar.net\/blog\/#\/schema\/person\/image\/","url":"https:\/\/secure.gravatar.com\/avatar\/417bd47d3e1676e2b0d7c39b2ef87304659819698adabc98296ebe9b659a0e21?s=96&d=wavatar&r=g","contentUrl":"https:\/\/secure.gravatar.com\/avatar\/417bd47d3e1676e2b0d7c39b2ef87304659819698adabc98296ebe9b659a0e21?s=96&d=wavatar&r=g","caption":"Asavar"},"logo":{"@id":"https:\/\/www.asavar.net\/blog\/#\/schema\/person\/image\/"},"sameAs":["http:\/\/www.asavar.net"]}]}},"jetpack_publicize_connections":[],"jetpack_featured_media_url":"https:\/\/www.asavar.net\/blog\/wp-content\/uploads\/2018\/01\/Vue-hiver-canaux-bruges.jpg","jetpack_shortlink":"https:\/\/wp.me\/pkpG2-2W","jetpack_likes_enabled":true,"jetpack-related-posts":[],"jetpack_sharing_enabled":true,"_links":{"self":[{"href":"https:\/\/www.asavar.net\/blog\/wp-json\/wp\/v2\/posts\/182","targetHints":{"allow":["GET"]}}],"collection":[{"href":"https:\/\/www.asavar.net\/blog\/wp-json\/wp\/v2\/posts"}],"about":[{"href":"https:\/\/www.asavar.net\/blog\/wp-json\/wp\/v2\/types\/post"}],"author":[{"embeddable":true,"href":"https:\/\/www.asavar.net\/blog\/wp-json\/wp\/v2\/users\/2"}],"replies":[{"embeddable":true,"href":"https:\/\/www.asavar.net\/blog\/wp-json\/wp\/v2\/comments?post=182"}],"version-history":[{"count":15,"href":"https:\/\/www.asavar.net\/blog\/wp-json\/wp\/v2\/posts\/182\/revisions"}],"predecessor-version":[{"id":3342,"href":"https:\/\/www.asavar.net\/blog\/wp-json\/wp\/v2\/posts\/182\/revisions\/3342"}],"wp:featuredmedia":[{"embeddable":true,"href":"https:\/\/www.asavar.net\/blog\/wp-json\/wp\/v2\/media\/1690"}],"wp:attachment":[{"href":"https:\/\/www.asavar.net\/blog\/wp-json\/wp\/v2\/media?parent=182"}],"wp:term":[{"taxonomy":"category","embeddable":true,"href":"https:\/\/www.asavar.net\/blog\/wp-json\/wp\/v2\/categories?post=182"},{"taxonomy":"post_tag","embeddable":true,"href":"https:\/\/www.asavar.net\/blog\/wp-json\/wp\/v2\/tags?post=182"}],"curies":[{"name":"wp","href":"https:\/\/api.w.org\/{rel}","templated":true}]}}