{"id":2040,"date":"2020-11-06T09:00:00","date_gmt":"2020-11-06T08:00:00","guid":{"rendered":"https:\/\/www.asavar.net\/blog\/?p=2040"},"modified":"2020-11-05T14:11:54","modified_gmt":"2020-11-05T13:11:54","slug":"fressenneville-etape-au-coeur-du-vimeu","status":"publish","type":"post","link":"https:\/\/www.asavar.net\/blog\/2020\/11\/06\/fressenneville-etape-au-coeur-du-vimeu\/","title":{"rendered":"Fressenneville \u00e9tape au coeur du Vimeu"},"content":{"rendered":"\n<h3 class=\"wp-block-heading\">Fressenneville &#8211; Somme<\/h3>\n\n\n\n<p>Sixi\u00e8me journ\u00e9e du challengeAZ et retour vers l\u2019Ouest, cette fois nous nous dirigeons vers le d\u00e9partement de la Somme et plus pr\u00e9cis\u00e9ment vers Fressenneville. Situ\u00e9e \u00e0 quelques km de la c\u00f4te picarde et donc de la Manche, Fressenneville fait, depuis 2020, partie du Parc Naturel r\u00e9gional Baie de Somme Picardie Maritime. Nous faisons un petit voyage de 156 km \u00e0 vol d&rsquo;oiseau.<\/p>\n\n\n\n<figure class=\"wp-block-image size-large\"><a href=\"https:\/\/www.asavar.net\/blog\/wp-content\/uploads\/2020\/09\/Carte-Fressenneville.png\"><img loading=\"lazy\" decoding=\"async\" width=\"1024\" height=\"610\" src=\"https:\/\/www.asavar.net\/blog\/wp-content\/uploads\/2020\/09\/Carte-Fressenneville-1024x610.png\" alt=\"Carte de Fressenneville\" class=\"wp-image-2670\" srcset=\"https:\/\/www.asavar.net\/blog\/wp-content\/uploads\/2020\/09\/Carte-Fressenneville-1024x610.png 1024w, https:\/\/www.asavar.net\/blog\/wp-content\/uploads\/2020\/09\/Carte-Fressenneville-300x179.png 300w, https:\/\/www.asavar.net\/blog\/wp-content\/uploads\/2020\/09\/Carte-Fressenneville-768x457.png 768w, https:\/\/www.asavar.net\/blog\/wp-content\/uploads\/2020\/09\/Carte-Fressenneville-1536x914.png 1536w, https:\/\/www.asavar.net\/blog\/wp-content\/uploads\/2020\/09\/Carte-Fressenneville-2048x1219.png 2048w, https:\/\/www.asavar.net\/blog\/wp-content\/uploads\/2020\/09\/Carte-Fressenneville-640x381.png 640w\" sizes=\"auto, (max-width: 1024px) 100vw, 1024px\" \/><\/a><figcaption>Carte produite avec Umap et OpenstreetMap<\/figcaption><\/figure>\n\n\n\n<h5 class=\"wp-block-heading\">Quelques lignes sur l&rsquo;histoire de Fressenneville<\/h5>\n\n\n\n<p>Si une activit\u00e9 pr\u00e9historique a du avoir lieu \u00e0 Fressenneville comme dans beaucoup d\u2019autres endroits, il en est peu fait mention. Pourtant en 1976, gisement n\u00e9olithique, fut d\u00e9couvert au lieu-dit \u00ab la plaine d\u2019Hocqu\u00e8lus \u00bb. Il se composait de haches taill\u00e9es et polies, de pics, grattoirs et tranchets, ainsi que de pointes de fl\u00e8ches \u00e0 ailerons.<\/p>\n\n\n\n<p>Proche du site de la bataille de <a rel=\"noreferrer noopener\" href=\"https:\/\/fr.wikipedia.org\/wiki\/Bataille_de_Saucourt-en-Vimeu\" target=\"_blank\">Saucourt-en-vimeu<\/a>, la <a rel=\"noreferrer noopener\" href=\"https:\/\/fr.wikipedia.org\/wiki\/Bataille_de_Saucourt-en-Vimeu\" target=\"_blank\">motte f\u00e9odale<\/a> de Fressenneville \u00e9tait assez importante. Elle pr\u00e9sente les traces de la pr\u00e9sence de remparts ainsi que d\u2019une basse cour. Cela t\u00e9moigne certainement de la pr\u00e9paration de resistance aux vikings qui d\u00e9barquaient tous les ans pour venir piller. En 881, apr\u00e8s les saccages d\u2019Amines et de Corbie, le roi Louis III livra donc bataille \u00e0 Saucourt-en-vimeu. La bataille fut remport\u00e9e avec l\u2019an\u00e9antissement d\u2019environ 8 000 vikings.<\/p>\n\n\n\n<p>Peu de grands \u00e9v\u00e9nements ensuite \u00e0 travers les si\u00e8cles et jusqu\u2019\u00e0 l\u2019\u00e9poque moderne. Les t\u00e9moignages montrent la successions des seigneurs \u00e0 travers le temps et les donations aupr\u00e8s des diverses cures et abbayes.<\/p>\n\n\n\n<p>Au 18\u00e8me si\u00e8cle, la serrurerie fait son apparition et les m\u00e9tiers commencent \u00e0 se transformer. Si Fressenneville avait une forte pr\u00e9sence agricole, on observe d\u00e9s 1730, le recul de ces m\u00e9tiers au profit de ceux de tisserands, serruriers, charpentiers,  et autres m\u00e9tiers de l\u2019artisanat. <\/p>\n\n\n\n<p>On retrouve d\u2019ailleurs parmi les noms des grandes familles de serruriers de cette \u00e9poque des noms figurant dans notre g\u00e9n\u00e9alogie. (Nous y reviendrons certainement dans un autre article).<\/p>\n\n\n\n<p>En 1906, une insurrection dans les usines Riquier, se transforma en \u00e9meute et conduisit \u00e0 la destruction du domicile des membres de la direction de l\u2019usine. (Autre article \u00e0 venir \u00e9galement). Cet \u00e9v\u00e9nement a inscrit dans la m\u00e9moire collective Fressenneville comme \u00e9tant <em>ech poeyi ed ch\u00e9 metteux d&rsquo;fu  (le pays des metteur de feu, en picard).<\/em><\/p>\n\n\n\n<p>Fressenneville a connu le pic de sa d\u00e9mographie lors du recensement de 1975 avec une population de 2 594 habitants. Partie de 500 habitants au d\u00e9but du 18\u00e8me si\u00e8cle, elle d\u00e9cro\u00eet doucement depuis ce pic.<\/p>\n\n\n\n<p class=\"has-small-font-size\">Source : Wikip\u00e9dia et <a rel=\"noreferrer noopener\" href=\"http:\/\/vimeu.free.fr\/articles.php?lng=fr&amp;pg=57\" target=\"_blank\">le site Histoire du vimeu<\/a>.<\/p>\n\n\n\n<h4 class=\"wp-block-heading\">Fressenneville et mes anc\u00eatres<\/h4>\n\n\n\n<p>Fressenneville aura donn\u00e9 lieu \u00e0 plus de 200 \u00e9v\u00e9nements g\u00e9n\u00e9alogiques sur mes anc\u00eatres. Ces \u00e9v\u00e9nements se r\u00e9partissent sur 37 patronymes diff\u00e9rents.<br>On peut en trouver la liste ci-dessous.<\/p>\n\n\n\n<div class=\"wp-block-columns is-layout-flex wp-container-core-columns-is-layout-9d6595d7 wp-block-columns-is-layout-flex\">\n<div class=\"wp-block-column is-layout-flow wp-block-column-is-layout-flow\">\n<ul class=\"wp-block-list\" id=\"block-6f991471-0e8b-4f9a-b915-7fcc42a44f87\"><li>ACOULON<\/li><li>BEAUCHAMPS<\/li><li>BEAURAIN<\/li><li>BENARD<\/li><li>BOCLET \/ BOQUELET<\/li><li>BRIET<\/li><li>BUIRET<\/li><li>CASSIN<\/li><li>CLAIRE<\/li><li>COUILLET<\/li><li>D&rsquo;HIER \/ D&rsquo;HIERE \/ D&rsquo;HIERRE \/ D&rsquo;HYER \/ D&rsquo;HYERE \/ DHIER<\/li><li>DAVERGNE<\/li><li>DE RAMBURE \/ DE RAMBURES \/ DERAMBURE \/ RAMBURES<\/li><li>DEHEDIN<\/li><li>DELATTRE<\/li><li>DELIGNIERES<\/li><li>DESGARDIN<\/li><li>DU CASTEL \/ DUCASTEL<\/li><\/ul>\n<\/div>\n\n\n\n<div class=\"wp-block-column is-layout-flow wp-block-column-is-layout-flow\">\n<ul class=\"wp-block-list\" id=\"block-6f991471-0e8b-4f9a-b915-7fcc42a44f87\"><li>DUFRESNE<\/li><li>DUPUIS<\/li><li>FOURDRAIN \/ FOURDRIN<\/li><li>FOURNIER<\/li><li>GALLEMANT<\/li><li>GUERVILLE<\/li><li>HOLLEVILLE<\/li><li>HURTELLE<\/li><li>LECUL \/ LECUT<\/li><li>LEPHAY \/ LEFROID<\/li><li>LEROY<\/li><li>LIGNIER<\/li><li>LOTTIN<\/li><li>OUIN<\/li><li>POILLY<\/li><li>ROUSSEL<\/li><li>TESTU \/ TETU<\/li><li>TURLE<\/li><li>VATRE \/ VATREE \/ WATTRE<\/li><\/ul>\n<\/div>\n<\/div>\n\n\n\n<p>La plage de dates concernant ces \u00e9v\u00e9nements se situe entre 1614 et 1926. On y trouve donc des \u00e9v\u00e9nements extraits des BMS comme de l&rsquo;\u00e9tat civil. Il faut noter que les registres de Fressenneville d\u00e9marrent \u00e0 partir de l&rsquo;ann\u00e9e 1614. J&rsquo;ai bien trouv\u00e9 des naissances pr\u00e9alables \u00e0 cette ann\u00e9e, mais elles ne resteront que des suppositions. D&rsquo;autre part, il y a \u00e9galement des registres manquants (au moins dans la num\u00e9risation des archives), ce qui impacte la v\u00e9rification et l&rsquo;enregistrement des sources.<\/p>\n\n\n\n<p>L&rsquo;\u00e9glise o\u00f9 se sont certainement d\u00e9roul\u00e9 la plupart de ces \u00e9v\u00e9nements est  l&rsquo;\u00e9glise consacr\u00e9e \u00e0 Saint Quentin. Toutefois, celle ci a \u00e9t\u00e9 reconstruite entre 1900 et 1906. Ce n\u2019est donc pas entre les murs actuels que ce sont d\u00e9roul\u00e9s les \u00e9v\u00e9nements g\u00e9n\u00e9alogiques relev\u00e9s.<\/p>\n\n\n\n<p>Voici une repr\u00e9sentation des deux \u00e9glises c\u00f4te \u00e0 c\u00f4te.<\/p>\n\n\n\n<figure class=\"wp-block-image size-large is-resized is-style-default\"><a href=\"https:\/\/www.asavar.net\/blog\/wp-content\/uploads\/2020\/10\/eglises-fressenneville.jpg\"><img loading=\"lazy\" decoding=\"async\" src=\"https:\/\/www.asavar.net\/blog\/wp-content\/uploads\/2020\/10\/eglises-fressenneville.jpg\" alt=\"\" class=\"wp-image-2706\" width=\"578\" height=\"384\"\/><\/a><figcaption>Les deux \u00e9glises Saint-Quentin de Fressenneville<br>Source : R\u00e9gion Haut de France <\/figcaption><\/figure>\n\n\n\n<h4 class=\"wp-block-heading\">Une anecdote ?<\/h4>\n\n\n\n<p>Le d\u00e9but du 20\u00e8me si\u00e8cle de Fressenneville a \u00e9t\u00e9 fortement marqu\u00e9 par la gr\u00e8ve et l\u2019\u00e9meute qui en a suivie dans les \u00e9tablissements de serrurerie Riquier. L\u2019\u00e9meute, \u00e9voqu\u00e9e jusque dans la presse nationale aura pour cons\u00e9quence directe l\u2019incendie et la destruction de l\u2019usine et du chateau du propri\u00e9taire de celle-ci. (Autre article \u00e0 venir \u00e9galement). <br><br>Cet \u00e9v\u00e9nement a inscrit dans la m\u00e9moire collective Fressenneville comme \u00e9tant <em>ech poeyi ed ch\u00e9 metteux d&rsquo;fu  (le pays des metteur de feu, en picard).<\/em><\/p>\n\n\n\n<p>L\u2019\u00e9v\u00e9nement en lui-m\u00eame n\u2019est pas anecdotique, mais la participation active, semble-t-il, de certains de mes anc\u00eatres \u00e0 cette action, lui donne une saveur <em>g\u00e9n\u00e9alogique <\/em>suppl\u00e9mentaire.<br>J\u2019y reviendrais certainement avec un billet d\u00e9di\u00e9 (lorsque j\u2019aurais rassembl\u00e9 plus d\u2019informations) <br>Teasing Again &#8230;<\/p>\n\n\n\n<h4 class=\"wp-block-heading\">Qui de nos anc\u00eatres \u00e0 Fressenneville ?<\/h4>\n\n\n\n<p>La liste de nos anc\u00eatres n\u00e9s \u00e0 Fressenneville s&rsquo;\u00e9tend sur une longue p\u00e9riode, je ne pourrais bien sur pas tous les d\u00e9tailler. <br>La couleur bleue claire de l&rsquo;arbre d&rsquo;ascendance ci-dessous est associ\u00e9e \u00e0 un \u00e9v\u00e9nement Naissance\/Bapt\u00eames \u00e0 Fressenneville. Nous pouvons voir qu&rsquo;elle pr\u00e9domine la repr\u00e9sentation.<br>Je ne d\u00e9taillerais bien sur pas chacun de ces anc\u00eatres et je vais plut\u00f4t vous emmener \u00e0 chaque extr\u00e9mit\u00e9 de l&rsquo;arbre.<\/p>\n\n\n\n<figure class=\"wp-block-image size-large\"><a href=\"https:\/\/www.asavar.net\/blog\/wp-content\/uploads\/2020\/10\/Arbre-dascendance-1-1.png\"><img loading=\"lazy\" decoding=\"async\" width=\"1024\" height=\"766\" src=\"https:\/\/www.asavar.net\/blog\/wp-content\/uploads\/2020\/10\/Arbre-dascendance-1-1-1024x766.png\" alt=\"\" class=\"wp-image-2708\" srcset=\"https:\/\/www.asavar.net\/blog\/wp-content\/uploads\/2020\/10\/Arbre-dascendance-1-1-1024x766.png 1024w, https:\/\/www.asavar.net\/blog\/wp-content\/uploads\/2020\/10\/Arbre-dascendance-1-1-300x225.png 300w, https:\/\/www.asavar.net\/blog\/wp-content\/uploads\/2020\/10\/Arbre-dascendance-1-1-768x575.png 768w, https:\/\/www.asavar.net\/blog\/wp-content\/uploads\/2020\/10\/Arbre-dascendance-1-1-1536x1149.png 1536w, https:\/\/www.asavar.net\/blog\/wp-content\/uploads\/2020\/10\/Arbre-dascendance-1-1-640x479.png 640w, https:\/\/www.asavar.net\/blog\/wp-content\/uploads\/2020\/10\/Arbre-dascendance-1-1.png 1828w\" sizes=\"auto, (max-width: 1024px) 100vw, 1024px\" \/><\/a><figcaption>Arbre d&rsquo;ascendance montrant les bapt\u00eames et Naissances \u00e0 Fressenneville (en bleu clair)<br>Source H\u00e9r\u00e9dis Personnel<\/figcaption><\/figure>\n\n\n\n<h4 class=\"wp-block-heading\">Marie Marthe Philom\u00e8ne DELIGNIERES<\/h4>\n\n\n\n<p>D\u00e9marrons donc avec Marie Marthe Philom\u00e8ne DELIGNIERES, elle \u00e9tait mon arri\u00e8re grand m\u00e8re. Elle est n\u00e9e le 18 avril 1873, comme nous le montre son acte de naissance ci-dessous.<\/p>\n\n\n\n<figure class=\"wp-block-image size-large\"><a href=\"https:\/\/www.asavar.net\/blog\/wp-content\/uploads\/2020\/10\/Naissance-Delignieres-Marthe-1873-Fressenneville.jpg\"><img loading=\"lazy\" decoding=\"async\" width=\"1024\" height=\"590\" src=\"https:\/\/www.asavar.net\/blog\/wp-content\/uploads\/2020\/10\/Naissance-Delignieres-Marthe-1873-Fressenneville-1024x590.jpg\" alt=\"Acte de Naissance Marie Marthe Philom\u00e8ne DELIGNIERES Fressenneville\" class=\"wp-image-2709\" srcset=\"https:\/\/www.asavar.net\/blog\/wp-content\/uploads\/2020\/10\/Naissance-Delignieres-Marthe-1873-Fressenneville-1024x590.jpg 1024w, https:\/\/www.asavar.net\/blog\/wp-content\/uploads\/2020\/10\/Naissance-Delignieres-Marthe-1873-Fressenneville-300x173.jpg 300w, https:\/\/www.asavar.net\/blog\/wp-content\/uploads\/2020\/10\/Naissance-Delignieres-Marthe-1873-Fressenneville-768x442.jpg 768w, https:\/\/www.asavar.net\/blog\/wp-content\/uploads\/2020\/10\/Naissance-Delignieres-Marthe-1873-Fressenneville-640x369.jpg 640w, https:\/\/www.asavar.net\/blog\/wp-content\/uploads\/2020\/10\/Naissance-Delignieres-Marthe-1873-Fressenneville.jpg 1066w\" sizes=\"auto, (max-width: 1024px) 100vw, 1024px\" \/><\/a><figcaption>Acte de naissance Marie Marthe Philom\u00e8ne DELIGNIERES \u00e0 Fressenneville <br>Source : Archives d\u00e9partementale de la Somme<\/figcaption><\/figure>\n\n\n\n<p>Elle est la fille d&rsquo;Ambroise DELIGNIERES et de Philom\u00e8ne Appoline V\u00e9ronique DHIER. N\u00e9e et \u00e9lev\u00e9e \u00e0 Fressenneville, elle y \u00e9pousera son conjoint : Eug\u00e8ne Hyppolyte BENARD en 1891, elle a 18 ans. Eug\u00e8ne n&rsquo;est pas de Fressenneville, il est originaire d&rsquo;un village situ\u00e9 \u00e0 quelques kilom\u00e8tres : <a href=\"https:\/\/www.google.com\/maps\/place\/80210+Feuqui%C3%A8res-en-Vimeu\/@50.0596686,1.585231,14z\/data=!3m1!4b1!4m5!3m4!1s0x47ddf9ba055ce559:0x40af13e81620fa0!8m2!3d50.060969!4d1.6082479\" target=\"_blank\" rel=\"noreferrer noopener\">Feuqui\u00e8res en Vimeu<\/a>.<\/p>\n\n\n\n<div class=\"wp-block-jetpack-tiled-gallery aligncenter is-style-square\"><div class=\"tiled-gallery__gallery\"><div class=\"tiled-gallery__row columns-1\"><div class=\"tiled-gallery__col\"><figure class=\"tiled-gallery__item\"><a href=\"https:\/\/i0.wp.com\/www.asavar.net\/blog\/wp-content\/uploads\/2020\/10\/Mariage-Benard-x-Delignieres-1891-Fressenneville-1.png?ssl=1&amp;resize=541%2C541\"><img decoding=\"async\" srcset=\"https:\/\/i0.wp.com\/www.asavar.net\/blog\/wp-content\/uploads\/2020\/10\/Mariage-Benard-x-Delignieres-1891-Fressenneville-1.png?resize=541%2C541&#038;strip=info&#038;ssl=1 541w\" alt=\"Acte de Mariage BENARD x DELIGNIERES Fressenneville\" data-height=\"543\" data-id=\"2718\" data-link=\"https:\/\/www.asavar.net\/blog\/?attachment_id=2718#main\" data-url=\"https:\/\/www.asavar.net\/blog\/wp-content\/uploads\/2020\/10\/Mariage-Benard-x-Delignieres-1891-Fressenneville-1.png\" data-width=\"541\" src=\"https:\/\/i0.wp.com\/www.asavar.net\/blog\/wp-content\/uploads\/2020\/10\/Mariage-Benard-x-Delignieres-1891-Fressenneville-1.png?ssl=1&amp;resize=541%2C541\" layout=\"responsive\"\/><\/a><\/figure><\/div><\/div><div class=\"tiled-gallery__row columns-2\"><div class=\"tiled-gallery__col\"><figure class=\"tiled-gallery__item\"><a href=\"https:\/\/i0.wp.com\/www.asavar.net\/blog\/wp-content\/uploads\/2020\/10\/Mariage-Benard-x-Delignieres-1891-Fressenneville-2-1.png?ssl=1&amp;resize=197%2C197\"><img decoding=\"async\" srcset=\"https:\/\/i0.wp.com\/www.asavar.net\/blog\/wp-content\/uploads\/2020\/10\/Mariage-Benard-x-Delignieres-1891-Fressenneville-2-1.png?resize=197%2C197&#038;strip=info&#038;ssl=1 197w\" alt=\"Acte de Mariage BENARD x DELIGNIERES Fressenneville\" data-height=\"197\" data-id=\"2719\" data-link=\"https:\/\/www.asavar.net\/blog\/?attachment_id=2719#main\" data-url=\"https:\/\/www.asavar.net\/blog\/wp-content\/uploads\/2020\/10\/Mariage-Benard-x-Delignieres-1891-Fressenneville-2-1.png\" data-width=\"539\" src=\"https:\/\/i0.wp.com\/www.asavar.net\/blog\/wp-content\/uploads\/2020\/10\/Mariage-Benard-x-Delignieres-1891-Fressenneville-2-1.png?ssl=1&amp;resize=197%2C197\" layout=\"responsive\"\/><\/a><\/figure><\/div><div class=\"tiled-gallery__col\"><figure class=\"tiled-gallery__item\"><a href=\"https:\/\/i0.wp.com\/www.asavar.net\/blog\/wp-content\/uploads\/2020\/10\/Mariage-Benard-x-Delignieres-1891-Fressenneville-3-1.png?ssl=1&amp;resize=523%2C523\"><img decoding=\"async\" srcset=\"https:\/\/i0.wp.com\/www.asavar.net\/blog\/wp-content\/uploads\/2020\/10\/Mariage-Benard-x-Delignieres-1891-Fressenneville-3-1.png?resize=523%2C523&#038;strip=info&#038;ssl=1 523w\" alt=\"Acte de Mariage BENARD x DELIGNIERES Fressenneville\" data-height=\"523\" data-id=\"2720\" data-link=\"https:\/\/www.asavar.net\/blog\/?attachment_id=2720#main\" data-url=\"https:\/\/www.asavar.net\/blog\/wp-content\/uploads\/2020\/10\/Mariage-Benard-x-Delignieres-1891-Fressenneville-3-1.png\" data-width=\"633\" src=\"https:\/\/i0.wp.com\/www.asavar.net\/blog\/wp-content\/uploads\/2020\/10\/Mariage-Benard-x-Delignieres-1891-Fressenneville-3-1.png?ssl=1&amp;resize=523%2C523\" layout=\"responsive\"\/><\/a><\/figure><\/div><\/div><\/div><\/div>\n\n\n\n<p>Apr\u00e8s leur mariage, ils partiront vivre \u00e0 Feuqui\u00e8res en vimeu o\u00f9 ils auront deux enfants.<\/p>\n\n\n\n<figure class=\"wp-block-image size-large is-style-default\"><img loading=\"lazy\" decoding=\"async\" width=\"768\" height=\"1024\" src=\"https:\/\/www.asavar.net\/blog\/wp-content\/uploads\/2020\/10\/Hyppolyte-benard-famille-768x1024.jpg\" alt=\"\" class=\"wp-image-2721\" srcset=\"https:\/\/www.asavar.net\/blog\/wp-content\/uploads\/2020\/10\/Hyppolyte-benard-famille-768x1024.jpg 768w, https:\/\/www.asavar.net\/blog\/wp-content\/uploads\/2020\/10\/Hyppolyte-benard-famille-225x300.jpg 225w, https:\/\/www.asavar.net\/blog\/wp-content\/uploads\/2020\/10\/Hyppolyte-benard-famille-1152x1536.jpg 1152w, https:\/\/www.asavar.net\/blog\/wp-content\/uploads\/2020\/10\/Hyppolyte-benard-famille-640x853.jpg 640w, https:\/\/www.asavar.net\/blog\/wp-content\/uploads\/2020\/10\/Hyppolyte-benard-famille.jpg 1536w\" sizes=\"auto, (max-width: 768px) 100vw, 768px\" \/><figcaption>Famille de Marie Marthe Philom\u00e8ne DELIGNIERES<br>Source : Collection Personnelle<\/figcaption><\/figure>\n\n\n\n<div class=\"wp-block-media-text alignwide is-stacked-on-mobile\"><figure class=\"wp-block-media-text__media\"><img loading=\"lazy\" decoding=\"async\" width=\"248\" height=\"264\" src=\"https:\/\/www.asavar.net\/blog\/wp-content\/uploads\/2020\/10\/Delignieres-Marie-Marthe-Philomene-1.jpg\" alt=\"\" class=\"wp-image-2722\"\/><\/figure><div class=\"wp-block-media-text__content\">\n<p class=\"has-normal-font-size\">Ils ne quitteront plus Feuqui\u00e8res. Veuve en 1930, Marie Marthe Philom\u00e8ne y vieillira.<\/p>\n\n\n\n<p class=\"has-normal-font-size\">En 1949, elle s&rsquo;y \u00e9teindra et y sera inhum\u00e9e.<\/p>\n<\/div><\/div>\n\n\n\n<h4 class=\"wp-block-heading\">A l&rsquo;autre bout de l&rsquo;arbre : Jeanne DEHEDIN<\/h4>\n\n\n\n<p>A l&rsquo;autre bout de l&rsquo;arbre, se trouve Jeanne DEHEDIN.<br>Si ses parents (Jean DEHEDIN et Jeanne MAUTOR), sont connus car pr\u00e9sent dans l&rsquo;acte de bapt\u00eame ci-dessous, je ne les int\u00e8gre pas car leurs bapt\u00eames sont ant\u00e9rieurs aux dates de d\u00e9but des registres.<\/p>\n\n\n\n<figure class=\"wp-block-image size-large\"><a href=\"https:\/\/www.asavar.net\/blog\/wp-content\/uploads\/2020\/10\/Bapteme-Dehedin-Jeanne-1614-Fressenneville.png\"><img loading=\"lazy\" decoding=\"async\" width=\"1024\" height=\"421\" src=\"https:\/\/www.asavar.net\/blog\/wp-content\/uploads\/2020\/10\/Bapteme-Dehedin-Jeanne-1614-Fressenneville-1024x421.png\" alt=\"Bapt\u00eame Jeanne Dehedin Fressenneville\" class=\"wp-image-2723\" srcset=\"https:\/\/www.asavar.net\/blog\/wp-content\/uploads\/2020\/10\/Bapteme-Dehedin-Jeanne-1614-Fressenneville-1024x421.png 1024w, https:\/\/www.asavar.net\/blog\/wp-content\/uploads\/2020\/10\/Bapteme-Dehedin-Jeanne-1614-Fressenneville-300x123.png 300w, https:\/\/www.asavar.net\/blog\/wp-content\/uploads\/2020\/10\/Bapteme-Dehedin-Jeanne-1614-Fressenneville-768x316.png 768w, https:\/\/www.asavar.net\/blog\/wp-content\/uploads\/2020\/10\/Bapteme-Dehedin-Jeanne-1614-Fressenneville-1536x631.png 1536w, https:\/\/www.asavar.net\/blog\/wp-content\/uploads\/2020\/10\/Bapteme-Dehedin-Jeanne-1614-Fressenneville-2048x842.png 2048w, https:\/\/www.asavar.net\/blog\/wp-content\/uploads\/2020\/10\/Bapteme-Dehedin-Jeanne-1614-Fressenneville-640x263.png 640w\" sizes=\"auto, (max-width: 1024px) 100vw, 1024px\" \/><\/a><figcaption>Acte de bapt\u00eame de Jeanne DEHEDIN le 1\/07\/1614 \u00e0 Fressenneville<br>Source : Archives d\u00e9partementales de la Somme.<\/figcaption><\/figure>\n\n\n\n<p>Jeanne \u00e9pousera Pierre TESTU, mais la date de leur mariage ne m&rsquo;est pas connue. Ils auront plusieurs enfants, la premi\u00e8re d&rsquo;entre eux semble \u00eatre Marguerite TESTU n\u00e9e en 1639 \u00e0 Fressenneville. Vous pouvez cependant constater que la version de l&rsquo;acte dont je dispose est &#8230; d\u00e9licate \u00e0 lire \ud83d\ude42 !<\/p>\n\n\n\n<figure class=\"wp-block-image size-large is-style-default\"><a href=\"https:\/\/www.asavar.net\/blog\/wp-content\/uploads\/2020\/10\/Bapteme-Testu-Marguerite-1639-Fressenneville.png\"><img loading=\"lazy\" decoding=\"async\" width=\"1024\" height=\"366\" src=\"https:\/\/www.asavar.net\/blog\/wp-content\/uploads\/2020\/10\/Bapteme-Testu-Marguerite-1639-Fressenneville-1024x366.png\" alt=\"\" class=\"wp-image-2724\" srcset=\"https:\/\/www.asavar.net\/blog\/wp-content\/uploads\/2020\/10\/Bapteme-Testu-Marguerite-1639-Fressenneville-1024x366.png 1024w, https:\/\/www.asavar.net\/blog\/wp-content\/uploads\/2020\/10\/Bapteme-Testu-Marguerite-1639-Fressenneville-300x107.png 300w, https:\/\/www.asavar.net\/blog\/wp-content\/uploads\/2020\/10\/Bapteme-Testu-Marguerite-1639-Fressenneville-768x275.png 768w, https:\/\/www.asavar.net\/blog\/wp-content\/uploads\/2020\/10\/Bapteme-Testu-Marguerite-1639-Fressenneville-1536x550.png 1536w, https:\/\/www.asavar.net\/blog\/wp-content\/uploads\/2020\/10\/Bapteme-Testu-Marguerite-1639-Fressenneville-2048x733.png 2048w, https:\/\/www.asavar.net\/blog\/wp-content\/uploads\/2020\/10\/Bapteme-Testu-Marguerite-1639-Fressenneville-640x229.png 640w\" sizes=\"auto, (max-width: 1024px) 100vw, 1024px\" \/><\/a><figcaption>Acte suppos\u00e9 de bapt\u00eame de Marguerite TESTU en 1639 \u00e0 Fressenneville<br>Source : Archives d\u00e9partementales de la Somme<\/figcaption><\/figure>\n\n\n\n<p>Marguerite \u00e9pousera Fran\u00e7ois BOCLET avant 1671, \u00e0 priori, la date du mariage ne m&rsquo;est pas connue (les lacunes \u00e9voqu\u00e9es en d\u00e9but d&rsquo;article &#8230;).<\/p>\n\n\n\n<p>Ils auront 7 enfants, Charlotte, Robert, Francois, Agn\u00e8s, Marie, Louis et Jacques.<br>Sur ces 7 enfants 3 m\u00e8nent en ligne directe ou indirecte \u00e0 Marie Marthe Philom\u00e8ne. Il s&rsquo;agit de Robert, de Marie et de Jacques. Le chemin au d\u00e9part de Robert (qui porte le patronyme d\u00e9form\u00e9 de BOCQUELET) compte une g\u00e9n\u00e9ration de plus que les autres.<\/p>\n\n\n\n<p>Cela fait donc de Jeanne DEHEDIN la SOSA 5467 (\u00e0 la 13\u00e8me g\u00e9n\u00e9ration), 5511 (\u00e9galement \u00e0 la 13\u00e8me g\u00e9n\u00e9ration) et 11 203 (\u00e0 la 14\u00e8me g\u00e9n\u00e9ration) de mes enfants.<br>8 ou 9 g\u00e9n\u00e9rations s\u00e9parent donc Jeanne de Marie Marthe Philom\u00e8ne.<\/p>\n\n\n\n<p><\/p>\n","protected":false},"excerpt":{"rendered":"<p>Au coeur du Vimeu, Fressenneville sera notre 6\u00e8me \u00e9tape pour ce challenge. De Jeanne \u00e0 Marie Marthe : Combien de g\u00e9n\u00e9rations ?<br \/>\nD\u00e9couvrons le ! <a href=\"https:\/\/www.asavar.net\/blog\/2020\/11\/06\/fressenneville-etape-au-coeur-du-vimeu\/\" class=\"more-link\">Continuer la lecture <span class=\"meta-nav\">&rarr;<\/span><\/a><\/p>\n","protected":false},"author":2,"featured_media":2851,"comment_status":"open","ping_status":"closed","sticky":false,"template":"","format":"standard","meta":{"ngg_post_thumbnail":0,"jetpack_post_was_ever_published":false,"_jetpack_newsletter_access":"","_jetpack_dont_email_post_to_subs":false,"_jetpack_newsletter_tier_id":0,"_jetpack_memberships_contains_paywalled_content":false,"_jetpack_memberships_contains_paid_content":false,"footnotes":"","jetpack_publicize_message":"F comme Fressenneville pour cette 6\u00e8me \u00e9tape du #challengeAZ 2020\nRetour vers la mer et premi\u00e8re incursion en pays de Somme au coeur du Vimeu \n#genealogie","jetpack_publicize_feature_enabled":true,"jetpack_social_post_already_shared":true,"jetpack_social_options":{"image_generator_settings":{"template":"highway","default_image_id":0,"font":"","enabled":false},"version":2}},"categories":[45],"tags":[178],"class_list":["post-2040","post","type-post","status-publish","format-standard","has-post-thumbnail","hentry","category-genealogie","tag-challengeaz"],"yoast_head":"<!-- This site is optimized with the Yoast SEO plugin v26.4 - https:\/\/yoast.com\/wordpress\/plugins\/seo\/ -->\n<title>Fressenneville \u00e9tape au coeur du Vimeu - Le vide-grenier d&#039;Asavar<\/title>\n<meta name=\"description\" content=\"Au coeur du Vimeu, Fressenneville sera notre 6\u00e8me \u00e9tape pour ce challenge. De Jeanne \u00e0 Marie Marthe : Combien de g\u00e9n\u00e9rations ? D\u00e9couvrons le !\" \/>\n<meta name=\"robots\" content=\"index, follow, max-snippet:-1, max-image-preview:large, max-video-preview:-1\" \/>\n<link rel=\"canonical\" href=\"https:\/\/www.asavar.net\/blog\/2020\/11\/06\/fressenneville-etape-au-coeur-du-vimeu\/\" \/>\n<meta property=\"og:locale\" content=\"fr_FR\" \/>\n<meta property=\"og:type\" content=\"article\" \/>\n<meta property=\"og:title\" content=\"Fressenneville \u00e9tape au coeur du Vimeu - Le vide-grenier d&#039;Asavar\" \/>\n<meta property=\"og:description\" content=\"Au coeur du Vimeu, Fressenneville sera notre 6\u00e8me \u00e9tape pour ce challenge. De Jeanne \u00e0 Marie Marthe : Combien de g\u00e9n\u00e9rations ? D\u00e9couvrons le !\" \/>\n<meta property=\"og:url\" content=\"https:\/\/www.asavar.net\/blog\/2020\/11\/06\/fressenneville-etape-au-coeur-du-vimeu\/\" \/>\n<meta property=\"og:site_name\" content=\"Le vide-grenier d&#039;Asavar\" \/>\n<meta property=\"article:published_time\" content=\"2020-11-06T08:00:00+00:00\" \/>\n<meta property=\"og:image\" content=\"https:\/\/www.asavar.net\/blog\/wp-content\/uploads\/2020\/10\/titre-3.png\" \/>\n\t<meta property=\"og:image:width\" content=\"1298\" \/>\n\t<meta property=\"og:image:height\" content=\"382\" \/>\n\t<meta property=\"og:image:type\" content=\"image\/png\" \/>\n<meta name=\"author\" content=\"Asavar\" \/>\n<meta name=\"twitter:card\" content=\"summary_large_image\" \/>\n<meta name=\"twitter:creator\" content=\"@vmarty\" \/>\n<meta name=\"twitter:site\" content=\"@vmarty\" \/>\n<meta name=\"twitter:label1\" content=\"\u00c9crit par\" \/>\n\t<meta name=\"twitter:data1\" content=\"Asavar\" \/>\n\t<meta name=\"twitter:label2\" content=\"Dur\u00e9e de lecture estim\u00e9e\" \/>\n\t<meta name=\"twitter:data2\" content=\"7 minutes\" \/>\n<script type=\"application\/ld+json\" class=\"yoast-schema-graph\">{\"@context\":\"https:\/\/schema.org\",\"@graph\":[{\"@type\":\"Article\",\"@id\":\"https:\/\/www.asavar.net\/blog\/2020\/11\/06\/fressenneville-etape-au-coeur-du-vimeu\/#article\",\"isPartOf\":{\"@id\":\"https:\/\/www.asavar.net\/blog\/2020\/11\/06\/fressenneville-etape-au-coeur-du-vimeu\/\"},\"author\":{\"name\":\"Asavar\",\"@id\":\"https:\/\/www.asavar.net\/blog\/#\/schema\/person\/1dac85d1f2ae9333ccd3fd359d1bf303\"},\"headline\":\"Fressenneville \u00e9tape au coeur du Vimeu\",\"datePublished\":\"2020-11-06T08:00:00+00:00\",\"mainEntityOfPage\":{\"@id\":\"https:\/\/www.asavar.net\/blog\/2020\/11\/06\/fressenneville-etape-au-coeur-du-vimeu\/\"},\"wordCount\":1387,\"commentCount\":3,\"publisher\":{\"@id\":\"https:\/\/www.asavar.net\/blog\/#\/schema\/person\/1dac85d1f2ae9333ccd3fd359d1bf303\"},\"image\":{\"@id\":\"https:\/\/www.asavar.net\/blog\/2020\/11\/06\/fressenneville-etape-au-coeur-du-vimeu\/#primaryimage\"},\"thumbnailUrl\":\"https:\/\/www.asavar.net\/blog\/wp-content\/uploads\/2020\/10\/titre-3.png\",\"keywords\":[\"#challengeAZ\"],\"articleSection\":[\"G\u00e9n\u00e9alogie\"],\"inLanguage\":\"fr-FR\",\"potentialAction\":[{\"@type\":\"CommentAction\",\"name\":\"Comment\",\"target\":[\"https:\/\/www.asavar.net\/blog\/2020\/11\/06\/fressenneville-etape-au-coeur-du-vimeu\/#respond\"]}]},{\"@type\":\"WebPage\",\"@id\":\"https:\/\/www.asavar.net\/blog\/2020\/11\/06\/fressenneville-etape-au-coeur-du-vimeu\/\",\"url\":\"https:\/\/www.asavar.net\/blog\/2020\/11\/06\/fressenneville-etape-au-coeur-du-vimeu\/\",\"name\":\"Fressenneville \u00e9tape au coeur du Vimeu - Le vide-grenier d&#039;Asavar\",\"isPartOf\":{\"@id\":\"https:\/\/www.asavar.net\/blog\/#website\"},\"primaryImageOfPage\":{\"@id\":\"https:\/\/www.asavar.net\/blog\/2020\/11\/06\/fressenneville-etape-au-coeur-du-vimeu\/#primaryimage\"},\"image\":{\"@id\":\"https:\/\/www.asavar.net\/blog\/2020\/11\/06\/fressenneville-etape-au-coeur-du-vimeu\/#primaryimage\"},\"thumbnailUrl\":\"https:\/\/www.asavar.net\/blog\/wp-content\/uploads\/2020\/10\/titre-3.png\",\"datePublished\":\"2020-11-06T08:00:00+00:00\",\"description\":\"Au coeur du Vimeu, Fressenneville sera notre 6\u00e8me \u00e9tape pour ce challenge. De Jeanne \u00e0 Marie Marthe : Combien de g\u00e9n\u00e9rations ? D\u00e9couvrons le !\",\"inLanguage\":\"fr-FR\",\"potentialAction\":[{\"@type\":\"ReadAction\",\"target\":[\"https:\/\/www.asavar.net\/blog\/2020\/11\/06\/fressenneville-etape-au-coeur-du-vimeu\/\"]}]},{\"@type\":\"ImageObject\",\"inLanguage\":\"fr-FR\",\"@id\":\"https:\/\/www.asavar.net\/blog\/2020\/11\/06\/fressenneville-etape-au-coeur-du-vimeu\/#primaryimage\",\"url\":\"https:\/\/www.asavar.net\/blog\/wp-content\/uploads\/2020\/10\/titre-3.png\",\"contentUrl\":\"https:\/\/www.asavar.net\/blog\/wp-content\/uploads\/2020\/10\/titre-3.png\",\"width\":1298,\"height\":382,\"caption\":\"Fressenneville\"},{\"@type\":\"WebSite\",\"@id\":\"https:\/\/www.asavar.net\/blog\/#website\",\"url\":\"https:\/\/www.asavar.net\/blog\/\",\"name\":\"Le vide-grenier d&#039;Asavar\",\"description\":\"Virtuel mais pas forc\u00e9ment poussi\u00e9reux\",\"publisher\":{\"@id\":\"https:\/\/www.asavar.net\/blog\/#\/schema\/person\/1dac85d1f2ae9333ccd3fd359d1bf303\"},\"potentialAction\":[{\"@type\":\"SearchAction\",\"target\":{\"@type\":\"EntryPoint\",\"urlTemplate\":\"https:\/\/www.asavar.net\/blog\/?s={search_term_string}\"},\"query-input\":{\"@type\":\"PropertyValueSpecification\",\"valueRequired\":true,\"valueName\":\"search_term_string\"}}],\"inLanguage\":\"fr-FR\"},{\"@type\":[\"Person\",\"Organization\"],\"@id\":\"https:\/\/www.asavar.net\/blog\/#\/schema\/person\/1dac85d1f2ae9333ccd3fd359d1bf303\",\"name\":\"Asavar\",\"image\":{\"@type\":\"ImageObject\",\"inLanguage\":\"fr-FR\",\"@id\":\"https:\/\/www.asavar.net\/blog\/#\/schema\/person\/image\/\",\"url\":\"https:\/\/secure.gravatar.com\/avatar\/417bd47d3e1676e2b0d7c39b2ef87304659819698adabc98296ebe9b659a0e21?s=96&d=wavatar&r=g\",\"contentUrl\":\"https:\/\/secure.gravatar.com\/avatar\/417bd47d3e1676e2b0d7c39b2ef87304659819698adabc98296ebe9b659a0e21?s=96&d=wavatar&r=g\",\"caption\":\"Asavar\"},\"logo\":{\"@id\":\"https:\/\/www.asavar.net\/blog\/#\/schema\/person\/image\/\"},\"sameAs\":[\"http:\/\/www.asavar.net\"]}]}<\/script>\n<!-- \/ Yoast SEO plugin. -->","yoast_head_json":{"title":"Fressenneville \u00e9tape au coeur du Vimeu - Le vide-grenier d&#039;Asavar","description":"Au coeur du Vimeu, Fressenneville sera notre 6\u00e8me \u00e9tape pour ce challenge. De Jeanne \u00e0 Marie Marthe : Combien de g\u00e9n\u00e9rations ? D\u00e9couvrons le !","robots":{"index":"index","follow":"follow","max-snippet":"max-snippet:-1","max-image-preview":"max-image-preview:large","max-video-preview":"max-video-preview:-1"},"canonical":"https:\/\/www.asavar.net\/blog\/2020\/11\/06\/fressenneville-etape-au-coeur-du-vimeu\/","og_locale":"fr_FR","og_type":"article","og_title":"Fressenneville \u00e9tape au coeur du Vimeu - Le vide-grenier d&#039;Asavar","og_description":"Au coeur du Vimeu, Fressenneville sera notre 6\u00e8me \u00e9tape pour ce challenge. De Jeanne \u00e0 Marie Marthe : Combien de g\u00e9n\u00e9rations ? D\u00e9couvrons le !","og_url":"https:\/\/www.asavar.net\/blog\/2020\/11\/06\/fressenneville-etape-au-coeur-du-vimeu\/","og_site_name":"Le vide-grenier d&#039;Asavar","article_published_time":"2020-11-06T08:00:00+00:00","og_image":[{"width":1298,"height":382,"url":"https:\/\/www.asavar.net\/blog\/wp-content\/uploads\/2020\/10\/titre-3.png","type":"image\/png"}],"author":"Asavar","twitter_card":"summary_large_image","twitter_creator":"@vmarty","twitter_site":"@vmarty","twitter_misc":{"\u00c9crit par":"Asavar","Dur\u00e9e de lecture estim\u00e9e":"7 minutes"},"schema":{"@context":"https:\/\/schema.org","@graph":[{"@type":"Article","@id":"https:\/\/www.asavar.net\/blog\/2020\/11\/06\/fressenneville-etape-au-coeur-du-vimeu\/#article","isPartOf":{"@id":"https:\/\/www.asavar.net\/blog\/2020\/11\/06\/fressenneville-etape-au-coeur-du-vimeu\/"},"author":{"name":"Asavar","@id":"https:\/\/www.asavar.net\/blog\/#\/schema\/person\/1dac85d1f2ae9333ccd3fd359d1bf303"},"headline":"Fressenneville \u00e9tape au coeur du Vimeu","datePublished":"2020-11-06T08:00:00+00:00","mainEntityOfPage":{"@id":"https:\/\/www.asavar.net\/blog\/2020\/11\/06\/fressenneville-etape-au-coeur-du-vimeu\/"},"wordCount":1387,"commentCount":3,"publisher":{"@id":"https:\/\/www.asavar.net\/blog\/#\/schema\/person\/1dac85d1f2ae9333ccd3fd359d1bf303"},"image":{"@id":"https:\/\/www.asavar.net\/blog\/2020\/11\/06\/fressenneville-etape-au-coeur-du-vimeu\/#primaryimage"},"thumbnailUrl":"https:\/\/www.asavar.net\/blog\/wp-content\/uploads\/2020\/10\/titre-3.png","keywords":["#challengeAZ"],"articleSection":["G\u00e9n\u00e9alogie"],"inLanguage":"fr-FR","potentialAction":[{"@type":"CommentAction","name":"Comment","target":["https:\/\/www.asavar.net\/blog\/2020\/11\/06\/fressenneville-etape-au-coeur-du-vimeu\/#respond"]}]},{"@type":"WebPage","@id":"https:\/\/www.asavar.net\/blog\/2020\/11\/06\/fressenneville-etape-au-coeur-du-vimeu\/","url":"https:\/\/www.asavar.net\/blog\/2020\/11\/06\/fressenneville-etape-au-coeur-du-vimeu\/","name":"Fressenneville \u00e9tape au coeur du Vimeu - Le vide-grenier d&#039;Asavar","isPartOf":{"@id":"https:\/\/www.asavar.net\/blog\/#website"},"primaryImageOfPage":{"@id":"https:\/\/www.asavar.net\/blog\/2020\/11\/06\/fressenneville-etape-au-coeur-du-vimeu\/#primaryimage"},"image":{"@id":"https:\/\/www.asavar.net\/blog\/2020\/11\/06\/fressenneville-etape-au-coeur-du-vimeu\/#primaryimage"},"thumbnailUrl":"https:\/\/www.asavar.net\/blog\/wp-content\/uploads\/2020\/10\/titre-3.png","datePublished":"2020-11-06T08:00:00+00:00","description":"Au coeur du Vimeu, Fressenneville sera notre 6\u00e8me \u00e9tape pour ce challenge. De Jeanne \u00e0 Marie Marthe : Combien de g\u00e9n\u00e9rations ? D\u00e9couvrons le !","inLanguage":"fr-FR","potentialAction":[{"@type":"ReadAction","target":["https:\/\/www.asavar.net\/blog\/2020\/11\/06\/fressenneville-etape-au-coeur-du-vimeu\/"]}]},{"@type":"ImageObject","inLanguage":"fr-FR","@id":"https:\/\/www.asavar.net\/blog\/2020\/11\/06\/fressenneville-etape-au-coeur-du-vimeu\/#primaryimage","url":"https:\/\/www.asavar.net\/blog\/wp-content\/uploads\/2020\/10\/titre-3.png","contentUrl":"https:\/\/www.asavar.net\/blog\/wp-content\/uploads\/2020\/10\/titre-3.png","width":1298,"height":382,"caption":"Fressenneville"},{"@type":"WebSite","@id":"https:\/\/www.asavar.net\/blog\/#website","url":"https:\/\/www.asavar.net\/blog\/","name":"Le vide-grenier d&#039;Asavar","description":"Virtuel mais pas forc\u00e9ment poussi\u00e9reux","publisher":{"@id":"https:\/\/www.asavar.net\/blog\/#\/schema\/person\/1dac85d1f2ae9333ccd3fd359d1bf303"},"potentialAction":[{"@type":"SearchAction","target":{"@type":"EntryPoint","urlTemplate":"https:\/\/www.asavar.net\/blog\/?s={search_term_string}"},"query-input":{"@type":"PropertyValueSpecification","valueRequired":true,"valueName":"search_term_string"}}],"inLanguage":"fr-FR"},{"@type":["Person","Organization"],"@id":"https:\/\/www.asavar.net\/blog\/#\/schema\/person\/1dac85d1f2ae9333ccd3fd359d1bf303","name":"Asavar","image":{"@type":"ImageObject","inLanguage":"fr-FR","@id":"https:\/\/www.asavar.net\/blog\/#\/schema\/person\/image\/","url":"https:\/\/secure.gravatar.com\/avatar\/417bd47d3e1676e2b0d7c39b2ef87304659819698adabc98296ebe9b659a0e21?s=96&d=wavatar&r=g","contentUrl":"https:\/\/secure.gravatar.com\/avatar\/417bd47d3e1676e2b0d7c39b2ef87304659819698adabc98296ebe9b659a0e21?s=96&d=wavatar&r=g","caption":"Asavar"},"logo":{"@id":"https:\/\/www.asavar.net\/blog\/#\/schema\/person\/image\/"},"sameAs":["http:\/\/www.asavar.net"]}]}},"jetpack_publicize_connections":[],"jetpack_featured_media_url":"https:\/\/www.asavar.net\/blog\/wp-content\/uploads\/2020\/10\/titre-3.png","jetpack_shortlink":"https:\/\/wp.me\/pkpG2-wU","jetpack_likes_enabled":true,"jetpack-related-posts":[],"jetpack_sharing_enabled":true,"_links":{"self":[{"href":"https:\/\/www.asavar.net\/blog\/wp-json\/wp\/v2\/posts\/2040","targetHints":{"allow":["GET"]}}],"collection":[{"href":"https:\/\/www.asavar.net\/blog\/wp-json\/wp\/v2\/posts"}],"about":[{"href":"https:\/\/www.asavar.net\/blog\/wp-json\/wp\/v2\/types\/post"}],"author":[{"embeddable":true,"href":"https:\/\/www.asavar.net\/blog\/wp-json\/wp\/v2\/users\/2"}],"replies":[{"embeddable":true,"href":"https:\/\/www.asavar.net\/blog\/wp-json\/wp\/v2\/comments?post=2040"}],"version-history":[{"count":11,"href":"https:\/\/www.asavar.net\/blog\/wp-json\/wp\/v2\/posts\/2040\/revisions"}],"predecessor-version":[{"id":2852,"href":"https:\/\/www.asavar.net\/blog\/wp-json\/wp\/v2\/posts\/2040\/revisions\/2852"}],"wp:featuredmedia":[{"embeddable":true,"href":"https:\/\/www.asavar.net\/blog\/wp-json\/wp\/v2\/media\/2851"}],"wp:attachment":[{"href":"https:\/\/www.asavar.net\/blog\/wp-json\/wp\/v2\/media?parent=2040"}],"wp:term":[{"taxonomy":"category","embeddable":true,"href":"https:\/\/www.asavar.net\/blog\/wp-json\/wp\/v2\/categories?post=2040"},{"taxonomy":"post_tag","embeddable":true,"href":"https:\/\/www.asavar.net\/blog\/wp-json\/wp\/v2\/tags?post=2040"}],"curies":[{"name":"wp","href":"https:\/\/api.w.org\/{rel}","templated":true}]}}