{"id":2044,"date":"2020-11-09T09:00:00","date_gmt":"2020-11-09T08:00:00","guid":{"rendered":"https:\/\/www.asavar.net\/blog\/?p=2044"},"modified":"2025-04-05T22:46:38","modified_gmt":"2025-04-05T21:46:38","slug":"hesdin-labbe-et-un-mariage-peu-ordinaire","status":"publish","type":"post","link":"https:\/\/www.asavar.net\/blog\/2020\/11\/09\/hesdin-labbe-et-un-mariage-peu-ordinaire\/","title":{"rendered":"Hesdin l&rsquo;abb\u00e9 et un mariage peu ordinaire"},"content":{"rendered":"\n<h3 class=\"wp-block-heading\">Hesdin l&rsquo;Abb\u00e9 &#8211; Pas de Calais<\/h3>\n\n\n\n<p>Retour sur la cote pour cette 8\u00e8me \u00e9tape du challenge. Nous partons \u00e0 Hesdin l&rsquo;Abb\u00e9. Commune du d\u00e9partement du Pas de Calais,  elle fait \u00e9galement partie du <a href=\"https:\/\/fr.wikipedia.org\/wiki\/Parc_naturel_r\u00e9gional_des_Caps_et_Marais_d%27Opale\" target=\"_blank\" rel=\"noreferrer noopener\">Parc Naturel r\u00e9gional des Caps et Marais d&rsquo;Opale.<\/a> Nous avons donc fait un petit voyage de 642 km \u00e0 vol d&rsquo;oiseau.<\/p>\n\n\n\n<figure class=\"wp-block-image size-large\"><a href=\"https:\/\/www.asavar.net\/blog\/wp-content\/uploads\/2020\/09\/Carte-Hesdin-lAbbe.png\"><img loading=\"lazy\" decoding=\"async\" width=\"1019\" height=\"1024\" src=\"https:\/\/www.asavar.net\/blog\/wp-content\/uploads\/2020\/09\/Carte-Hesdin-lAbbe-1019x1024.png\" alt=\"Carte Hesdin l'Abb\u00e9\" class=\"wp-image-2664\" srcset=\"https:\/\/www.asavar.net\/blog\/wp-content\/uploads\/2020\/09\/Carte-Hesdin-lAbbe-1019x1024.png 1019w, https:\/\/www.asavar.net\/blog\/wp-content\/uploads\/2020\/09\/Carte-Hesdin-lAbbe-298x300.png 298w, https:\/\/www.asavar.net\/blog\/wp-content\/uploads\/2020\/09\/Carte-Hesdin-lAbbe-150x150.png 150w, https:\/\/www.asavar.net\/blog\/wp-content\/uploads\/2020\/09\/Carte-Hesdin-lAbbe-768x772.png 768w, https:\/\/www.asavar.net\/blog\/wp-content\/uploads\/2020\/09\/Carte-Hesdin-lAbbe-640x643.png 640w, https:\/\/www.asavar.net\/blog\/wp-content\/uploads\/2020\/09\/Carte-Hesdin-lAbbe-50x50.png 50w, https:\/\/www.asavar.net\/blog\/wp-content\/uploads\/2020\/09\/Carte-Hesdin-lAbbe.png 1140w\" sizes=\"auto, (max-width: 1019px) 100vw, 1019px\" \/><\/a><figcaption class=\"wp-element-caption\">Carte produite avec Umap et OpenstreetMap<\/figcaption><\/figure>\n\n\n\n<h5 class=\"wp-block-heading\">Quelques lignes sur l&rsquo;histoire d\u2019Hesdin l&rsquo;Abb\u00e9<\/h5>\n\n\n\n<p>Les premi\u00e8res \u00e9bauches du nom de la commune apparaissent entre les ann\u00e9es 1100 et 1200. Hedinium puis Hedinum, Hydinium puis Hesdinum et enfin en 1338 Hesding l&rsquo;Abb\u00e9.<br>La premi\u00e8re partie du nom signifie \u00ab\u00a0Abri sur une hauteur\u00a0\u00bb (Husdinium), le suffixe \u00ab\u00a0L&rsquo;abb\u00e9\u00a0\u00bb a \u00e9t\u00e9 ajout\u00e9 pour marquer le rattachement \u00e0 l&rsquo;abbaye de Samer.<\/p>\n\n\n\n<p>J&rsquo;ai trouv\u00e9 peu d&rsquo;\u00e9v\u00e9nements remarquables sur l&rsquo;histoire d&rsquo;Hesdin l&rsquo;Abb\u00e9.<\/p>\n\n\n\n<p>Hesdin l&rsquo;abb\u00e9 poss\u00e8de un ch\u00e2teau, construit, en tant que maison de campagne pour Michel Cl\u00e9ry de B\u00e9court, en 1766. Modifi\u00e9 en 1813, il est d\u00e9sormais transform\u00e9 en Hotel.<\/p>\n\n\n\n<figure class=\"wp-block-image size-large is-style-default\"><a href=\"https:\/\/www.asavar.net\/blog\/wp-content\/uploads\/2020\/10\/cpa-chateau-hesdin-labbe.png\"><img loading=\"lazy\" decoding=\"async\" width=\"1024\" height=\"631\" src=\"https:\/\/www.asavar.net\/blog\/wp-content\/uploads\/2020\/10\/cpa-chateau-hesdin-labbe-1024x631.png\" alt=\"Chateau de Cl\u00e9ry - Hesdin l'Abb\u00e9\" class=\"wp-image-2756\" srcset=\"https:\/\/www.asavar.net\/blog\/wp-content\/uploads\/2020\/10\/cpa-chateau-hesdin-labbe-1024x631.png 1024w, https:\/\/www.asavar.net\/blog\/wp-content\/uploads\/2020\/10\/cpa-chateau-hesdin-labbe-300x185.png 300w, https:\/\/www.asavar.net\/blog\/wp-content\/uploads\/2020\/10\/cpa-chateau-hesdin-labbe-768x473.png 768w, https:\/\/www.asavar.net\/blog\/wp-content\/uploads\/2020\/10\/cpa-chateau-hesdin-labbe-1536x946.png 1536w, https:\/\/www.asavar.net\/blog\/wp-content\/uploads\/2020\/10\/cpa-chateau-hesdin-labbe-2048x1262.png 2048w, https:\/\/www.asavar.net\/blog\/wp-content\/uploads\/2020\/10\/cpa-chateau-hesdin-labbe-640x394.png 640w\" sizes=\"auto, (max-width: 1024px) 100vw, 1024px\" \/><\/a><figcaption class=\"wp-element-caption\">Chateau de Cl\u00e9ry Hesdin l&rsquo;Abb\u00e9<\/figcaption><\/figure>\n\n\n\n<p>A noter que lors de l&rsquo;occupation de Boulogne sur Mer par les arm\u00e9es de Napol\u00e9on, en 1804, <a href=\"https:\/\/fr.wikipedia.org\/wiki\/Louis-Alexandre_Berthier\" target=\"_blank\" rel=\"noreferrer noopener\">le g\u00e9n\u00e9ral Berthier<\/a>, ministre de Napol\u00e9on s\u00e9journe au ch\u00e2teau.<\/p>\n\n\n\n<p class=\"has-small-font-size\">Source : Wikip\u00e9dia.<\/p>\n\n\n\n<h4 class=\"wp-block-heading\">Hesdin l&rsquo;Abb\u00e9 et nos anc\u00eatres<\/h4>\n\n\n\n<p>Hesdin l&rsquo;Abb\u00e9 aura donn\u00e9 lieu \u00e0 une quarantaine d&rsquo;\u00e9v\u00e9nements g\u00e9n\u00e9alogiques sur nos anc\u00eatres. Ces \u00e9v\u00e9nements se r\u00e9partissent sur  11 patronymes diff\u00e9rents.<br>On peut en trouver la liste ci-dessous.<\/p>\n\n\n\n<ul class=\"wp-block-list\">\n<li>CREPIN<\/li>\n\n\n\n<li>DELATTRE<\/li>\n\n\n\n<li>FOURCROY<\/li>\n\n\n\n<li>GOUDAL \/ GOUDALLE<\/li>\n\n\n\n<li>HAGNERE \/ HAIGNERE<\/li>\n\n\n\n<li>IRNA<\/li>\n\n\n\n<li>LEGRAND<\/li>\n\n\n\n<li>LORGNIER \/ LORGNIEZ<\/li>\n\n\n\n<li>PICHON<\/li>\n\n\n\n<li>SERGENT<\/li>\n\n\n\n<li>VINCENT<\/li>\n<\/ul>\n\n\n\n<p>La plage de dates concernant ces \u00e9v\u00e9nements est pour l&rsquo;instant \u00ab\u00a0relativement\u00a0\u00bb concentr\u00e9e entre 1746 et 1988. On y trouve donc \u00e0 la fois des \u00e9v\u00e9nements paroissiaux et des \u00e9v\u00e9nements de l&rsquo;\u00e9tat civil. Il faut noter que les registres d&rsquo;Hesdin l&rsquo;Abb\u00e9 d\u00e9marrent \u00e0 partir de l&rsquo;ann\u00e9e 1628 soit bien loin des premiers \u00e9v\u00e9nements contenus dans notre g\u00e9n\u00e9alogie.<\/p>\n\n\n\n<p>L&rsquo;\u00e9glise o\u00f9 se sont certainement d\u00e9roul\u00e9 la plupart de ces \u00e9v\u00e9nements est donc l&rsquo;\u00e9glise Saint L\u00e9ger d&rsquo;Hesdin l&rsquo;Abb\u00e9. Je n&rsquo;ai pas trouv\u00e9 de photos ou d&rsquo;images anciennes de cette \u00e9glise.<\/p>\n\n\n\n<p>C&rsquo;est donc une photo beaucoup plus r\u00e9cente que vous trouverez ci-dessous.<\/p>\n\n\n\n<figure class=\"wp-block-image size-large is-style-default\"><a href=\"https:\/\/www.asavar.net\/blog\/wp-content\/uploads\/2020\/10\/Hesdin-lAbbe_-_Eglise_Saint-Leger_-_1.jpg\"><img loading=\"lazy\" decoding=\"async\" width=\"768\" height=\"1024\" src=\"https:\/\/www.asavar.net\/blog\/wp-content\/uploads\/2020\/10\/Hesdin-lAbbe_-_Eglise_Saint-Leger_-_1-768x1024.jpg\" alt=\"Eglise Saint L\u00e9ger \u00e0 Hesdin l'abb\u00e9\" class=\"wp-image-2744\" srcset=\"https:\/\/www.asavar.net\/blog\/wp-content\/uploads\/2020\/10\/Hesdin-lAbbe_-_Eglise_Saint-Leger_-_1-768x1024.jpg 768w, https:\/\/www.asavar.net\/blog\/wp-content\/uploads\/2020\/10\/Hesdin-lAbbe_-_Eglise_Saint-Leger_-_1-225x300.jpg 225w, https:\/\/www.asavar.net\/blog\/wp-content\/uploads\/2020\/10\/Hesdin-lAbbe_-_Eglise_Saint-Leger_-_1-1152x1536.jpg 1152w, https:\/\/www.asavar.net\/blog\/wp-content\/uploads\/2020\/10\/Hesdin-lAbbe_-_Eglise_Saint-Leger_-_1-640x853.jpg 640w, https:\/\/www.asavar.net\/blog\/wp-content\/uploads\/2020\/10\/Hesdin-lAbbe_-_Eglise_Saint-Leger_-_1.jpg 1368w\" sizes=\"auto, (max-width: 768px) 100vw, 768px\" \/><\/a><figcaption class=\"wp-element-caption\">Eglise Saint L\u00e9ger d&rsquo;Hesdin l&rsquo;Abb\u00e9 <br><a href=\"https:\/\/commons.wikimedia.org\/wiki\/User:Peter17?uselang=fr\">Peter Potrowl <\/a>, CC BY-SA 3.0 <a href=\"https:\/\/creativecommons.org\/licenses\/by-sa\/3.0\">, via Wikimedia Commons\u00a0\u00bb <\/a><\/figcaption><\/figure>\n\n\n\n<h4 class=\"wp-block-heading\">Une anecdote ?<\/h4>\n\n\n\n<p>L&rsquo;\u00e9glise du village \u00e9tait autrefois d\u00e9di\u00e9e \u00e0 Saint Wulmer, or Saint Wulmer \u00e9tait d\u00e9j\u00e0 c\u00e9l\u00e9br\u00e9 non loin d&rsquo;Hesdin l&rsquo;Abb\u00e9 \u00e0 Samer !<br>Les habitants d&rsquo;Hesdin l&rsquo;Abb\u00e9, souhaitant pouvoir disposer de leurs c\u00e9l\u00e9brations locales d\u00e9cid\u00e8rent alors de changer et d\u00e9di\u00e8rent \u00e0 ce moment l&rsquo;\u00e9glise \u00e0 Saint L\u00e9ger (\u00c9v\u00eaque martyr mort entre 678 et 679).<\/p>\n\n\n\n<h4 class=\"wp-block-heading\">Qui de nos anc\u00eatres \u00e0 Hesdin l&rsquo;Abb\u00e9 ?<\/h4>\n\n\n\n<p>Ils sont finalement peu nombreux, m\u00eame si les derniers sont r\u00e9cents. Je ne parlerais pas des derniers \u00e9v\u00e9nements car ils sont, certes, du si\u00e8cle dernier mais de la toute fin de celui-ci. Nous regarderons donc en tout premier lieu Auguste Francois Albert LEGRAND et nous finirons avec Jacques Antoine Florent GOUDAL, anc\u00eatre le plus ancien n\u00e9 \u00e0 Hesdin l&rsquo;Abb\u00e9.<\/p>\n\n\n\n<figure class=\"wp-block-image size-large\"><a href=\"https:\/\/www.asavar.net\/blog\/wp-content\/uploads\/2020\/10\/Arbre-ascendance-Hesdin-lAbbe.png\"><img loading=\"lazy\" decoding=\"async\" width=\"1024\" height=\"943\" src=\"https:\/\/www.asavar.net\/blog\/wp-content\/uploads\/2020\/10\/Arbre-ascendance-Hesdin-lAbbe-1024x943.png\" alt=\"Arbre d'ascendance \u00e0 Hesdin l'abb\u00e9\" class=\"wp-image-2757\" srcset=\"https:\/\/www.asavar.net\/blog\/wp-content\/uploads\/2020\/10\/Arbre-ascendance-Hesdin-lAbbe-1024x943.png 1024w, https:\/\/www.asavar.net\/blog\/wp-content\/uploads\/2020\/10\/Arbre-ascendance-Hesdin-lAbbe-300x276.png 300w, https:\/\/www.asavar.net\/blog\/wp-content\/uploads\/2020\/10\/Arbre-ascendance-Hesdin-lAbbe-768x707.png 768w, https:\/\/www.asavar.net\/blog\/wp-content\/uploads\/2020\/10\/Arbre-ascendance-Hesdin-lAbbe-640x589.png 640w, https:\/\/www.asavar.net\/blog\/wp-content\/uploads\/2020\/10\/Arbre-ascendance-Hesdin-lAbbe.png 1484w\" sizes=\"auto, (max-width: 1024px) 100vw, 1024px\" \/><\/a><figcaption class=\"wp-element-caption\">Arbre d&rsquo;ascendance montrant les naissances \u00e0 Hesdin l&rsquo;Abb\u00e9 (en bleu)<br>Source H\u00e9r\u00e9dis Personnel<\/figcaption><\/figure>\n\n\n\n<p>Auguste Legrand est donc n\u00e9 \u00e0 Hesdin l&rsquo;Abb\u00e9 le 10 mai 1882. Il est le fils de Jean Baptiste et de Marie Augustine Rosalie GOUDAL.<\/p>\n\n\n\n<figure class=\"wp-block-image size-large\"><img loading=\"lazy\" decoding=\"async\" width=\"1024\" height=\"663\" src=\"https:\/\/www.asavar.net\/blog\/wp-content\/uploads\/2020\/10\/Naissance-Legrand-Auguste-Francois-Albert-1882-Hesdin-labbe-1024x663.png\" alt=\"Acte de naissance d'Auguste Legrand Hesdin l'Abb\u00e9\" class=\"wp-image-2759\" srcset=\"https:\/\/www.asavar.net\/blog\/wp-content\/uploads\/2020\/10\/Naissance-Legrand-Auguste-Francois-Albert-1882-Hesdin-labbe-1024x663.png 1024w, https:\/\/www.asavar.net\/blog\/wp-content\/uploads\/2020\/10\/Naissance-Legrand-Auguste-Francois-Albert-1882-Hesdin-labbe-300x194.png 300w, https:\/\/www.asavar.net\/blog\/wp-content\/uploads\/2020\/10\/Naissance-Legrand-Auguste-Francois-Albert-1882-Hesdin-labbe-768x497.png 768w, https:\/\/www.asavar.net\/blog\/wp-content\/uploads\/2020\/10\/Naissance-Legrand-Auguste-Francois-Albert-1882-Hesdin-labbe-640x414.png 640w, https:\/\/www.asavar.net\/blog\/wp-content\/uploads\/2020\/10\/Naissance-Legrand-Auguste-Francois-Albert-1882-Hesdin-labbe.png 1026w\" sizes=\"auto, (max-width: 1024px) 100vw, 1024px\" \/><figcaption class=\"wp-element-caption\">Acte de Naissance Auguste Fran\u00e7ois Albert LEGRAND \u00e0 Hesdin L&rsquo;Abb\u00e9<br>Source : Archives d\u00e9partementale du Pas de Calais<\/figcaption><\/figure>\n\n\n\n<p>Il sera jardinier. En 1906, \u00e0 23 ans, il \u00e9pousera Eug\u00e9nie Ad\u00e9laide Justine Fourcroy. Ag\u00e9e de 19 ans, elle est native de Questrecques, mais le mariage aura lieu le 2 f\u00e9vrier 1906 \u00e0 Hesdin l&rsquo;abb\u00e9. Ce sont les tables d\u00e9c\u00e9nales qui nous l&rsquo;indique, car il y a un trou dans les registres num\u00e9ris\u00e9s entre 1892 et 1911.<\/p>\n\n\n\n<p>De leur union, naitront 7 enfants entre 1906 et 1918. Les 4 premiers verront le jour \u00e0 Hesdin l&rsquo;Abb\u00e9 (Albert, Florent, Charles et Fernand) les trois autres \u00e0 Isques (Jean-Baptiste, Eug\u00e8ne et Marcel), nous en reparlerons &#8230; demain dans l&rsquo;article suivant du challenge.<br><br>C&rsquo;est finalement tr\u00e8s jeune qu&rsquo;Auguste d\u00e9c\u00e9dera, \u00e0 42 ans \u00e0 Hesdin l&rsquo;Abb\u00e9 le 5 mai 1925 ainsi que nous l&rsquo;indique les tables d\u00e9cennales.<\/p>\n\n\n\n<p>Avant lui son p\u00e8re (Jean Baptiste Hubert) et son grand-p\u00e8re (Jean Baptise Fran\u00e7ois) sont \u00e9galement n\u00e9s \u00e0 Hesdin l&rsquo;Abb\u00e9. Cependant, son arri\u00e8re grand-p\u00e8re (Jean Baptiste) est lui n\u00e9 le 22 pluvi\u00f4se de l&rsquo;An III (10 f\u00e9vrier 1795) de la r\u00e9volution fran\u00e7aise \u00e0 Dannes. Il \u00e9pousera pourtant Marie Madeleine HAGNERE \u00e0 Hesdin l&rsquo;Abb\u00e9. Elle non plus n&rsquo;en est pas native, \u00e9tant n\u00e9e \u00e0 Saint-Inglevert. Je n&rsquo;ai pas encore trouv\u00e9 la raison de la localisation de ce mariage.<\/p>\n\n\n\n<h4 class=\"wp-block-heading\">Ascendance cot\u00e9 maternel<\/h4>\n\n\n\n<p>Si nous remontons cette fois du cot\u00e9 de la m\u00e8re d&rsquo;Auguste, soit Marie Augustine Rosalie GOUDAL.<br>Elle est donc l&rsquo;\u00e9pouse de Jean Baptiste Hubert LEGRAND. Notons que 10 ans apr\u00e8s la mort de celui-ci, elle se remariera avec D\u00e9sir\u00e9 BUTEL (de 10 ans son cadet) et ils auront au moins un enfant.<\/p>\n\n\n\n<p>Elle est n\u00e9e le 17 Aout 1858 \u00e0 Hesdin l&rsquo;Abb\u00e9, de p\u00e8re inconnu et de Marie Anne Rosalie GOUDAL sa m\u00e8re.<\/p>\n\n\n\n<figure class=\"wp-block-image size-large\"><a href=\"https:\/\/www.asavar.net\/blog\/wp-content\/uploads\/2020\/10\/Naissance-Goudal-Marie-Augustine-Rosalie-1858-Hesdin-labbe.png\"><img loading=\"lazy\" decoding=\"async\" width=\"1024\" height=\"770\" src=\"https:\/\/www.asavar.net\/blog\/wp-content\/uploads\/2020\/10\/Naissance-Goudal-Marie-Augustine-Rosalie-1858-Hesdin-labbe-1024x770.png\" alt=\"Acte de Naissance Marie Augustine Rosalie Goudal\" class=\"wp-image-2760\" srcset=\"https:\/\/www.asavar.net\/blog\/wp-content\/uploads\/2020\/10\/Naissance-Goudal-Marie-Augustine-Rosalie-1858-Hesdin-labbe-1024x770.png 1024w, https:\/\/www.asavar.net\/blog\/wp-content\/uploads\/2020\/10\/Naissance-Goudal-Marie-Augustine-Rosalie-1858-Hesdin-labbe-300x226.png 300w, https:\/\/www.asavar.net\/blog\/wp-content\/uploads\/2020\/10\/Naissance-Goudal-Marie-Augustine-Rosalie-1858-Hesdin-labbe-768x577.png 768w, https:\/\/www.asavar.net\/blog\/wp-content\/uploads\/2020\/10\/Naissance-Goudal-Marie-Augustine-Rosalie-1858-Hesdin-labbe-1536x1155.png 1536w, https:\/\/www.asavar.net\/blog\/wp-content\/uploads\/2020\/10\/Naissance-Goudal-Marie-Augustine-Rosalie-1858-Hesdin-labbe-640x481.png 640w, https:\/\/www.asavar.net\/blog\/wp-content\/uploads\/2020\/10\/Naissance-Goudal-Marie-Augustine-Rosalie-1858-Hesdin-labbe.png 1756w\" sizes=\"auto, (max-width: 1024px) 100vw, 1024px\" \/><\/a><figcaption class=\"wp-element-caption\">Acte de Naissance de Marie Augustine Rosalie GOUDAL le 18\/08\/1858 \u00e0 Hesdin l&rsquo;abb\u00e9<br>Source : Archives d\u00e9partementales du Pas de Calais<\/figcaption><\/figure>\n\n\n\n<p>Elle \u00e9pousera donc Jean Baptiste Hubert LEGRAND avec lequel elle aura trois enfants (Joachin Florent Jean-baptiste, Jean-Baptiste Cl\u00e9ment Auguste et Auguste Fran\u00e7ois Albert). Apr\u00e8s son remariage, elle vivra longuement jusqu&rsquo;\u00e0 ses 89 ans. elle est d\u00e9c\u00e9d\u00e9e le 18 novembre 1947 \u00e0 Hesdin l&rsquo;Abb\u00e9 apr\u00e8s avoir connu trois guerres ! Elle \u00e9tait une deuxi\u00e8me fois veuve depuis 1916.<\/p>\n\n\n\n<p>Int\u00e9ressons nous d\u00e9sormais \u00e0 sa m\u00e8re, Marie Anne Rosalie GOUDAL.<br>Elle est n\u00e9e le 15 Juin 1838, \u00e0 Hesdin l&rsquo;abb\u00e9 de Jacques Antoine Florent son p\u00e8re et de Marie Anne Austreberthe SERGENT sa m\u00e8re \u00e2g\u00e9e de 45 ans.<\/p>\n\n\n\n<figure class=\"wp-block-image size-large is-style-default\"><a href=\"https:\/\/www.asavar.net\/blog\/wp-content\/uploads\/2020\/10\/Acte-de-Naissance-Goudal-Marie-Anne-Rosalie-1838-Hesdin-lAbbe.png\"><img loading=\"lazy\" decoding=\"async\" width=\"1024\" height=\"707\" src=\"https:\/\/www.asavar.net\/blog\/wp-content\/uploads\/2020\/10\/Acte-de-Naissance-Goudal-Marie-Anne-Rosalie-1838-Hesdin-lAbbe-1024x707.png\" alt=\"Acte de naissance de Marie Anne Rosalie Goudal \u00e0 Hesdin l'Abb\u00e9\" class=\"wp-image-2762\" srcset=\"https:\/\/www.asavar.net\/blog\/wp-content\/uploads\/2020\/10\/Acte-de-Naissance-Goudal-Marie-Anne-Rosalie-1838-Hesdin-lAbbe-1024x707.png 1024w, https:\/\/www.asavar.net\/blog\/wp-content\/uploads\/2020\/10\/Acte-de-Naissance-Goudal-Marie-Anne-Rosalie-1838-Hesdin-lAbbe-300x207.png 300w, https:\/\/www.asavar.net\/blog\/wp-content\/uploads\/2020\/10\/Acte-de-Naissance-Goudal-Marie-Anne-Rosalie-1838-Hesdin-lAbbe-768x530.png 768w, https:\/\/www.asavar.net\/blog\/wp-content\/uploads\/2020\/10\/Acte-de-Naissance-Goudal-Marie-Anne-Rosalie-1838-Hesdin-lAbbe-1536x1060.png 1536w, https:\/\/www.asavar.net\/blog\/wp-content\/uploads\/2020\/10\/Acte-de-Naissance-Goudal-Marie-Anne-Rosalie-1838-Hesdin-lAbbe-2048x1413.png 2048w, https:\/\/www.asavar.net\/blog\/wp-content\/uploads\/2020\/10\/Acte-de-Naissance-Goudal-Marie-Anne-Rosalie-1838-Hesdin-lAbbe-640x442.png 640w\" sizes=\"auto, (max-width: 1024px) 100vw, 1024px\" \/><\/a><figcaption class=\"wp-element-caption\">Acte de Naissance de Marie Anne Rosalie GOUDAL<br>Source : Archives d\u00e9partementales du Pas de Calais<\/figcaption><\/figure>\n\n\n\n<p>Nous ne lui connaissons aucun conjoint, elle a cependant eu 3 enfants (Marie Fran\u00e7oise Alexandrine en 1856, Marie Augustine Rosalie donc en 1858 et Louise Marie Florentine autour de 1866). Elle d\u00e9c\u00e9dera en 1920 \u00e0 Hesdin l&rsquo;abb\u00e9.<br>Sur son acte de d\u00e9c\u00e8s ci-dessous, elle est indiqu\u00e9e d\u00e9c\u00e9d\u00e9e \u00e0 82 ans c\u00e9libataire. <\/p>\n\n\n\n<figure class=\"wp-block-image size-large is-style-default\"><a href=\"https:\/\/www.asavar.net\/blog\/wp-content\/uploads\/2020\/10\/Deces-Goudal-Marie-Anne-Rosalie-1920-Hesdin-labbe.png\"><img loading=\"lazy\" decoding=\"async\" width=\"984\" height=\"608\" src=\"https:\/\/www.asavar.net\/blog\/wp-content\/uploads\/2020\/10\/Deces-Goudal-Marie-Anne-Rosalie-1920-Hesdin-labbe.png\" alt=\"Acte de d\u00e9c\u00e8s de Marie Anne Rosalie GOUDAL Hesdin l'Abb\u00e9\" class=\"wp-image-2763\" srcset=\"https:\/\/www.asavar.net\/blog\/wp-content\/uploads\/2020\/10\/Deces-Goudal-Marie-Anne-Rosalie-1920-Hesdin-labbe.png 984w, https:\/\/www.asavar.net\/blog\/wp-content\/uploads\/2020\/10\/Deces-Goudal-Marie-Anne-Rosalie-1920-Hesdin-labbe-300x185.png 300w, https:\/\/www.asavar.net\/blog\/wp-content\/uploads\/2020\/10\/Deces-Goudal-Marie-Anne-Rosalie-1920-Hesdin-labbe-768x475.png 768w, https:\/\/www.asavar.net\/blog\/wp-content\/uploads\/2020\/10\/Deces-Goudal-Marie-Anne-Rosalie-1920-Hesdin-labbe-640x395.png 640w\" sizes=\"auto, (max-width: 984px) 100vw, 984px\" \/><\/a><figcaption class=\"wp-element-caption\">Acte de d\u00e9c\u00e8s de Marie Anne Rosalie GOUDAL Hesdin l&rsquo;Abb\u00e9 le 23 Aout 1920.<br>Source : Archives d\u00e9partementales du Pas de Calais<\/figcaption><\/figure>\n\n\n\n<h4 class=\"wp-block-heading\">Dernier zoom : Les parents de Marie Anne Rosalie<\/h4>\n\n\n\n<p>Attardons nous un peu d\u00e9sormais sur le couple form\u00e9 par les parents de Marie Anne Rosalie. En tout premier lieu, Jacques Antoine Florent est n\u00e9 le 26 frimaire An VII (16\/12\/1798) \u00e0 Hesdin l&rsquo;Abb\u00e9.<br>Il est le fils de Jean Marie, originaire de Baincthun et de Marie Jeanne Augustine LORGNIER, elle m\u00eame originaire de Marquise. <\/p>\n\n\n\n<p>A 26 ans, Jacques Antoine Florent se mariera une premi\u00e8re fois avec Marie Fran\u00e7oise MOREN. Native d&rsquo;Hesdin l&rsquo;abb\u00e9, leur mariage y sera c\u00e9l\u00e9br\u00e9. De leur union naitront 4 enfants (Marie Florentine, Louis Marie Francois, Pierre Florent et Pierre Francois). Malheureusement Fran\u00e7oise d\u00e9c\u00e9dera en 1832 \u00e0 l&rsquo;\u00e2ge de 38 ans.<\/p>\n\n\n\n<p>Assez rapidement consol\u00e9, visiblement, Jacques Antoine Florent se remariera avec Marie Genevi\u00e8ve SERGENT le 23 Avril 1833 \u00e0 Hesdin l&rsquo;Abb\u00e9.<br>Marie Genevi\u00e8ve est domestique, d\u00e9j\u00e0 veuve de Jean Pierre RAULT depuis 1828, elle a 12 ans de plus que notre Jacques Antoine Florent.<br>Il n&rsquo;auront pas d&rsquo;enfant de cette union car Marie Genevi\u00e8ve d\u00e9c\u00e9dera \u00e0 46 ans le 25 novembre de cette m\u00eame ann\u00e9e soit \u00e0 peine sept mois apr\u00e8s leur mariage.<\/p>\n\n\n\n<h5 class=\"wp-block-heading\">Un troisi\u00e8me mariage peu commun<\/h5>\n\n\n\n<p>Toujours en forme, Jacques Antoine Florent convolera une troisi\u00e8me fois, le 27 mais 1835, avec &#8230; <strong>la petite soeur<\/strong> de son \u00e9pouse pr\u00e9c\u00e9dente. Marie Anne Austreberthe SERGENT.<\/p>\n\n\n\n<p>Marie Anne Austreberthe est donc n\u00e9e le 31 d\u00e9cembre 1793 \u00e0 Parenty (62), elle est la troisi\u00e8me d&rsquo;une fratrie (pour l&rsquo;instant connue) de 4 enfants. De 6 ans plus jeune que l&rsquo;ain\u00e9e (Marie Genevi\u00e8ve), elle est la premi\u00e8re \u00e0 \u00eatre n\u00e9e \u00e0 Parenty.<\/p>\n\n\n\n<figure class=\"wp-block-image size-large is-style-default\"><img loading=\"lazy\" decoding=\"async\" width=\"760\" height=\"659\" src=\"https:\/\/www.asavar.net\/blog\/wp-content\/uploads\/2020\/10\/Naissance-Sergent-Marie-Anne-Austreberthe-1793-Parenty.png\" alt=\"Acte de Naissance Marie Anne Austreberthe Partie 1\" class=\"wp-image-2765\" srcset=\"https:\/\/www.asavar.net\/blog\/wp-content\/uploads\/2020\/10\/Naissance-Sergent-Marie-Anne-Austreberthe-1793-Parenty.png 760w, https:\/\/www.asavar.net\/blog\/wp-content\/uploads\/2020\/10\/Naissance-Sergent-Marie-Anne-Austreberthe-1793-Parenty-300x260.png 300w, https:\/\/www.asavar.net\/blog\/wp-content\/uploads\/2020\/10\/Naissance-Sergent-Marie-Anne-Austreberthe-1793-Parenty-640x555.png 640w\" sizes=\"auto, (max-width: 760px) 100vw, 760px\" \/><figcaption class=\"wp-element-caption\">Acte de Naissance de Marie Anne Austreberthe SERGENT<br>Sources Archives d\u00e9partementales du Pas de Calais<\/figcaption><\/figure>\n\n\n\n<figure class=\"wp-block-image size-large is-style-default\"><a href=\"https:\/\/www.asavar.net\/blog\/wp-content\/uploads\/2020\/10\/Naissance-Sergent-Marie-Anne-Austreberthe-1793-Parenty-2.png\"><img loading=\"lazy\" decoding=\"async\" width=\"800\" height=\"449\" src=\"https:\/\/www.asavar.net\/blog\/wp-content\/uploads\/2020\/10\/Naissance-Sergent-Marie-Anne-Austreberthe-1793-Parenty-2.png\" alt=\"Acte de Naissance Marie Anne Austreberthe Partie 1\" class=\"wp-image-2766\" srcset=\"https:\/\/www.asavar.net\/blog\/wp-content\/uploads\/2020\/10\/Naissance-Sergent-Marie-Anne-Austreberthe-1793-Parenty-2.png 800w, https:\/\/www.asavar.net\/blog\/wp-content\/uploads\/2020\/10\/Naissance-Sergent-Marie-Anne-Austreberthe-1793-Parenty-2-300x168.png 300w, https:\/\/www.asavar.net\/blog\/wp-content\/uploads\/2020\/10\/Naissance-Sergent-Marie-Anne-Austreberthe-1793-Parenty-2-768x431.png 768w, https:\/\/www.asavar.net\/blog\/wp-content\/uploads\/2020\/10\/Naissance-Sergent-Marie-Anne-Austreberthe-1793-Parenty-2-640x359.png 640w\" sizes=\"auto, (max-width: 800px) 100vw, 800px\" \/><\/a><figcaption class=\"wp-element-caption\">Acte de Naissance de Marie Anne Austreberthe SERGENT (partie 2)<br>Sources Archives d\u00e9partementales du Pas de Calais<\/figcaption><\/figure>\n\n\n\n<p>Lors de leur mariage, point de doute sur la parent\u00e9, puisque, comme on peut le lire ci-dessous, une dispense leur est accord\u00e9e.<\/p>\n\n\n\n<figure class=\"wp-block-image size-large is-style-default\"><a href=\"https:\/\/www.asavar.net\/blog\/wp-content\/uploads\/2020\/10\/Dispense-Mariage-Goudal-Sergent.png\"><img loading=\"lazy\" decoding=\"async\" width=\"1024\" height=\"379\" src=\"https:\/\/www.asavar.net\/blog\/wp-content\/uploads\/2020\/10\/Dispense-Mariage-Goudal-Sergent-1024x379.png\" alt=\"Dispense dans l'acte de Mariage \u00e0 Hesdin l'Abb\u00e9\" class=\"wp-image-2767\" srcset=\"https:\/\/www.asavar.net\/blog\/wp-content\/uploads\/2020\/10\/Dispense-Mariage-Goudal-Sergent-1024x379.png 1024w, https:\/\/www.asavar.net\/blog\/wp-content\/uploads\/2020\/10\/Dispense-Mariage-Goudal-Sergent-300x111.png 300w, https:\/\/www.asavar.net\/blog\/wp-content\/uploads\/2020\/10\/Dispense-Mariage-Goudal-Sergent-768x284.png 768w, https:\/\/www.asavar.net\/blog\/wp-content\/uploads\/2020\/10\/Dispense-Mariage-Goudal-Sergent-1536x568.png 1536w, https:\/\/www.asavar.net\/blog\/wp-content\/uploads\/2020\/10\/Dispense-Mariage-Goudal-Sergent-640x237.png 640w, https:\/\/www.asavar.net\/blog\/wp-content\/uploads\/2020\/10\/Dispense-Mariage-Goudal-Sergent.png 2034w\" sizes=\"auto, (max-width: 1024px) 100vw, 1024px\" \/><\/a><figcaption class=\"wp-element-caption\">Dispense dans l&rsquo;acte de Mariage de Jacques Antoine Florent GOUDAL et Marie Anne Austreberthe SERGENT<br>Source : Archives d\u00e9partementales du Pas de Calais.<\/figcaption><\/figure>\n\n\n\n<blockquote class=\"wp-block-quote is-layout-flow wp-block-quote-is-layout-flow\">\n<p><em>De plus les comparants ayant obtenu de sa majest\u00e9 Louis Philippe roi des Fran\u00e7ais, la dispense d&rsquo;alliance \u00e0 des fins de contracter mariage et ce en vertu d&rsquo;une ordonnance royale en date du 14 d\u00e9cembre 1834 laquelle l\u00e8ve la prohibition port\u00e9e par l&rsquo;article 162 du code civil en faveur des dits sieurs J<strong>acques Antoine Florent Goudal<\/strong> et <strong>Marie Anne Austreberthe Sergent<\/strong> sa <strong>belle-soeur<\/strong>, laquelle dispense nous a \u00e9t\u00e9 pr\u00e9sent\u00e9e et demeure annex\u00e9e au double du pr\u00e9sent acte. <\/em><\/p>\n<\/blockquote>\n\n\n\n<p>De cette union, un peu hors du commun, naitront trois enfants, dont Marie Anne Rosalie.<\/p>\n\n\n\n<p>Jacques Antoine Florent d\u00e9c\u00e9dera finalement \u00e0 52 ans le 11 avril 1851, mari\u00e9 3 fois, veuf 2 fois, au moins 7 fois p\u00e8re.<\/p>\n\n\n\n<p>Marie Anne Austreberthe, lui survivra quelques ann\u00e9es puisqu&rsquo;elle quittera ce monde le 6 Octobre 1869 \u00e0 l&rsquo;\u00e2ge de 75 ans, \u00e0 Hesdin l&rsquo;abb\u00e9. <\/p>\n","protected":false},"excerpt":{"rendered":"<p>Retour au bord de mer et \u00e0 Hesdin l&rsquo;Abb\u00e9 pour cette \u00e9tape qui verra un mariage peu ordinaire conclure notre billet.  642 km \u00e0 vol d&rsquo;oiseau !  <a href=\"https:\/\/www.asavar.net\/blog\/2020\/11\/09\/hesdin-labbe-et-un-mariage-peu-ordinaire\/\" class=\"more-link\">Continuer la lecture <span class=\"meta-nav\">&rarr;<\/span><\/a><\/p>\n","protected":false},"author":2,"featured_media":2855,"comment_status":"open","ping_status":"closed","sticky":false,"template":"","format":"standard","meta":{"ngg_post_thumbnail":0,"jetpack_post_was_ever_published":false,"_jetpack_newsletter_access":"","_jetpack_dont_email_post_to_subs":false,"_jetpack_newsletter_tier_id":0,"_jetpack_memberships_contains_paywalled_content":false,"_jetpack_memberships_contains_paid_content":false,"footnotes":"","jetpack_publicize_message":"Retour au bord de mer et \u00e0 Hesdin l'Abb\u00e9 pour cette \u00e9tape du #challengeAZ 2020 qui verra un mariage peu ordinaire conclure notre billet.  642 km \u00e0 vol d'oiseau ! \n#genealogie","jetpack_publicize_feature_enabled":true,"jetpack_social_post_already_shared":true,"jetpack_social_options":{"image_generator_settings":{"template":"highway","default_image_id":0,"font":"","enabled":false},"version":2}},"categories":[45],"tags":[178],"class_list":["post-2044","post","type-post","status-publish","format-standard","has-post-thumbnail","hentry","category-genealogie","tag-challengeaz"],"yoast_head":"<!-- This site is optimized with the Yoast SEO plugin v26.4 - https:\/\/yoast.com\/wordpress\/plugins\/seo\/ -->\n<title>Hesdin l&#039;abb\u00e9 et un mariage peu ordinaire - Le vide-grenier d&#039;Asavar<\/title>\n<meta name=\"description\" content=\"Retour au bord de mer et \u00e0 Hesdin l&#039;Abb\u00e9 pour cette \u00e9tape qui verra un mariage peu ordinaire conclure notre billet. 642 km \u00e0 vol d&#039;oiseau !\" \/>\n<meta name=\"robots\" content=\"index, follow, max-snippet:-1, max-image-preview:large, max-video-preview:-1\" \/>\n<link rel=\"canonical\" href=\"https:\/\/www.asavar.net\/blog\/2020\/11\/09\/hesdin-labbe-et-un-mariage-peu-ordinaire\/\" \/>\n<meta property=\"og:locale\" content=\"fr_FR\" \/>\n<meta property=\"og:type\" content=\"article\" \/>\n<meta property=\"og:title\" content=\"Hesdin l&#039;abb\u00e9 et un mariage peu ordinaire - Le vide-grenier d&#039;Asavar\" \/>\n<meta property=\"og:description\" content=\"Retour au bord de mer et \u00e0 Hesdin l&#039;Abb\u00e9 pour cette \u00e9tape qui verra un mariage peu ordinaire conclure notre billet. 642 km \u00e0 vol d&#039;oiseau !\" \/>\n<meta property=\"og:url\" content=\"https:\/\/www.asavar.net\/blog\/2020\/11\/09\/hesdin-labbe-et-un-mariage-peu-ordinaire\/\" \/>\n<meta property=\"og:site_name\" content=\"Le vide-grenier d&#039;Asavar\" \/>\n<meta property=\"article:published_time\" content=\"2020-11-09T08:00:00+00:00\" \/>\n<meta property=\"article:modified_time\" content=\"2025-04-05T21:46:38+00:00\" \/>\n<meta property=\"og:image\" content=\"https:\/\/www.asavar.net\/blog\/wp-content\/uploads\/2020\/10\/titre-5.png\" \/>\n\t<meta property=\"og:image:width\" content=\"1296\" \/>\n\t<meta property=\"og:image:height\" content=\"386\" \/>\n\t<meta property=\"og:image:type\" content=\"image\/png\" \/>\n<meta name=\"author\" content=\"Asavar\" \/>\n<meta name=\"twitter:card\" content=\"summary_large_image\" \/>\n<meta name=\"twitter:creator\" content=\"@vmarty\" \/>\n<meta name=\"twitter:site\" content=\"@vmarty\" \/>\n<meta name=\"twitter:label1\" content=\"\u00c9crit par\" \/>\n\t<meta name=\"twitter:data1\" content=\"Asavar\" \/>\n\t<meta name=\"twitter:label2\" content=\"Dur\u00e9e de lecture estim\u00e9e\" \/>\n\t<meta name=\"twitter:data2\" content=\"10 minutes\" \/>\n<script type=\"application\/ld+json\" class=\"yoast-schema-graph\">{\"@context\":\"https:\/\/schema.org\",\"@graph\":[{\"@type\":\"Article\",\"@id\":\"https:\/\/www.asavar.net\/blog\/2020\/11\/09\/hesdin-labbe-et-un-mariage-peu-ordinaire\/#article\",\"isPartOf\":{\"@id\":\"https:\/\/www.asavar.net\/blog\/2020\/11\/09\/hesdin-labbe-et-un-mariage-peu-ordinaire\/\"},\"author\":{\"name\":\"Asavar\",\"@id\":\"https:\/\/www.asavar.net\/blog\/#\/schema\/person\/1dac85d1f2ae9333ccd3fd359d1bf303\"},\"headline\":\"Hesdin l&rsquo;abb\u00e9 et un mariage peu ordinaire\",\"datePublished\":\"2020-11-09T08:00:00+00:00\",\"dateModified\":\"2025-04-05T21:46:38+00:00\",\"mainEntityOfPage\":{\"@id\":\"https:\/\/www.asavar.net\/blog\/2020\/11\/09\/hesdin-labbe-et-un-mariage-peu-ordinaire\/\"},\"wordCount\":1598,\"commentCount\":1,\"publisher\":{\"@id\":\"https:\/\/www.asavar.net\/blog\/#\/schema\/person\/1dac85d1f2ae9333ccd3fd359d1bf303\"},\"image\":{\"@id\":\"https:\/\/www.asavar.net\/blog\/2020\/11\/09\/hesdin-labbe-et-un-mariage-peu-ordinaire\/#primaryimage\"},\"thumbnailUrl\":\"https:\/\/www.asavar.net\/blog\/wp-content\/uploads\/2020\/10\/titre-5.png\",\"keywords\":[\"#challengeAZ\"],\"articleSection\":[\"G\u00e9n\u00e9alogie\"],\"inLanguage\":\"fr-FR\",\"potentialAction\":[{\"@type\":\"CommentAction\",\"name\":\"Comment\",\"target\":[\"https:\/\/www.asavar.net\/blog\/2020\/11\/09\/hesdin-labbe-et-un-mariage-peu-ordinaire\/#respond\"]}]},{\"@type\":\"WebPage\",\"@id\":\"https:\/\/www.asavar.net\/blog\/2020\/11\/09\/hesdin-labbe-et-un-mariage-peu-ordinaire\/\",\"url\":\"https:\/\/www.asavar.net\/blog\/2020\/11\/09\/hesdin-labbe-et-un-mariage-peu-ordinaire\/\",\"name\":\"Hesdin l'abb\u00e9 et un mariage peu ordinaire - Le vide-grenier d&#039;Asavar\",\"isPartOf\":{\"@id\":\"https:\/\/www.asavar.net\/blog\/#website\"},\"primaryImageOfPage\":{\"@id\":\"https:\/\/www.asavar.net\/blog\/2020\/11\/09\/hesdin-labbe-et-un-mariage-peu-ordinaire\/#primaryimage\"},\"image\":{\"@id\":\"https:\/\/www.asavar.net\/blog\/2020\/11\/09\/hesdin-labbe-et-un-mariage-peu-ordinaire\/#primaryimage\"},\"thumbnailUrl\":\"https:\/\/www.asavar.net\/blog\/wp-content\/uploads\/2020\/10\/titre-5.png\",\"datePublished\":\"2020-11-09T08:00:00+00:00\",\"dateModified\":\"2025-04-05T21:46:38+00:00\",\"description\":\"Retour au bord de mer et \u00e0 Hesdin l'Abb\u00e9 pour cette \u00e9tape qui verra un mariage peu ordinaire conclure notre billet. 642 km \u00e0 vol d'oiseau !\",\"inLanguage\":\"fr-FR\",\"potentialAction\":[{\"@type\":\"ReadAction\",\"target\":[\"https:\/\/www.asavar.net\/blog\/2020\/11\/09\/hesdin-labbe-et-un-mariage-peu-ordinaire\/\"]}]},{\"@type\":\"ImageObject\",\"inLanguage\":\"fr-FR\",\"@id\":\"https:\/\/www.asavar.net\/blog\/2020\/11\/09\/hesdin-labbe-et-un-mariage-peu-ordinaire\/#primaryimage\",\"url\":\"https:\/\/www.asavar.net\/blog\/wp-content\/uploads\/2020\/10\/titre-5.png\",\"contentUrl\":\"https:\/\/www.asavar.net\/blog\/wp-content\/uploads\/2020\/10\/titre-5.png\",\"width\":1296,\"height\":386,\"caption\":\"Hesdin l'Abb\u00e9\"},{\"@type\":\"WebSite\",\"@id\":\"https:\/\/www.asavar.net\/blog\/#website\",\"url\":\"https:\/\/www.asavar.net\/blog\/\",\"name\":\"Le vide-grenier d&#039;Asavar\",\"description\":\"Virtuel mais pas forc\u00e9ment poussi\u00e9reux\",\"publisher\":{\"@id\":\"https:\/\/www.asavar.net\/blog\/#\/schema\/person\/1dac85d1f2ae9333ccd3fd359d1bf303\"},\"potentialAction\":[{\"@type\":\"SearchAction\",\"target\":{\"@type\":\"EntryPoint\",\"urlTemplate\":\"https:\/\/www.asavar.net\/blog\/?s={search_term_string}\"},\"query-input\":{\"@type\":\"PropertyValueSpecification\",\"valueRequired\":true,\"valueName\":\"search_term_string\"}}],\"inLanguage\":\"fr-FR\"},{\"@type\":[\"Person\",\"Organization\"],\"@id\":\"https:\/\/www.asavar.net\/blog\/#\/schema\/person\/1dac85d1f2ae9333ccd3fd359d1bf303\",\"name\":\"Asavar\",\"image\":{\"@type\":\"ImageObject\",\"inLanguage\":\"fr-FR\",\"@id\":\"https:\/\/www.asavar.net\/blog\/#\/schema\/person\/image\/\",\"url\":\"https:\/\/secure.gravatar.com\/avatar\/417bd47d3e1676e2b0d7c39b2ef87304659819698adabc98296ebe9b659a0e21?s=96&d=wavatar&r=g\",\"contentUrl\":\"https:\/\/secure.gravatar.com\/avatar\/417bd47d3e1676e2b0d7c39b2ef87304659819698adabc98296ebe9b659a0e21?s=96&d=wavatar&r=g\",\"caption\":\"Asavar\"},\"logo\":{\"@id\":\"https:\/\/www.asavar.net\/blog\/#\/schema\/person\/image\/\"},\"sameAs\":[\"http:\/\/www.asavar.net\"]}]}<\/script>\n<!-- \/ Yoast SEO plugin. -->","yoast_head_json":{"title":"Hesdin l'abb\u00e9 et un mariage peu ordinaire - Le vide-grenier d&#039;Asavar","description":"Retour au bord de mer et \u00e0 Hesdin l'Abb\u00e9 pour cette \u00e9tape qui verra un mariage peu ordinaire conclure notre billet. 642 km \u00e0 vol d'oiseau !","robots":{"index":"index","follow":"follow","max-snippet":"max-snippet:-1","max-image-preview":"max-image-preview:large","max-video-preview":"max-video-preview:-1"},"canonical":"https:\/\/www.asavar.net\/blog\/2020\/11\/09\/hesdin-labbe-et-un-mariage-peu-ordinaire\/","og_locale":"fr_FR","og_type":"article","og_title":"Hesdin l'abb\u00e9 et un mariage peu ordinaire - Le vide-grenier d&#039;Asavar","og_description":"Retour au bord de mer et \u00e0 Hesdin l'Abb\u00e9 pour cette \u00e9tape qui verra un mariage peu ordinaire conclure notre billet. 642 km \u00e0 vol d'oiseau !","og_url":"https:\/\/www.asavar.net\/blog\/2020\/11\/09\/hesdin-labbe-et-un-mariage-peu-ordinaire\/","og_site_name":"Le vide-grenier d&#039;Asavar","article_published_time":"2020-11-09T08:00:00+00:00","article_modified_time":"2025-04-05T21:46:38+00:00","og_image":[{"width":1296,"height":386,"url":"https:\/\/www.asavar.net\/blog\/wp-content\/uploads\/2020\/10\/titre-5.png","type":"image\/png"}],"author":"Asavar","twitter_card":"summary_large_image","twitter_creator":"@vmarty","twitter_site":"@vmarty","twitter_misc":{"\u00c9crit par":"Asavar","Dur\u00e9e de lecture estim\u00e9e":"10 minutes"},"schema":{"@context":"https:\/\/schema.org","@graph":[{"@type":"Article","@id":"https:\/\/www.asavar.net\/blog\/2020\/11\/09\/hesdin-labbe-et-un-mariage-peu-ordinaire\/#article","isPartOf":{"@id":"https:\/\/www.asavar.net\/blog\/2020\/11\/09\/hesdin-labbe-et-un-mariage-peu-ordinaire\/"},"author":{"name":"Asavar","@id":"https:\/\/www.asavar.net\/blog\/#\/schema\/person\/1dac85d1f2ae9333ccd3fd359d1bf303"},"headline":"Hesdin l&rsquo;abb\u00e9 et un mariage peu ordinaire","datePublished":"2020-11-09T08:00:00+00:00","dateModified":"2025-04-05T21:46:38+00:00","mainEntityOfPage":{"@id":"https:\/\/www.asavar.net\/blog\/2020\/11\/09\/hesdin-labbe-et-un-mariage-peu-ordinaire\/"},"wordCount":1598,"commentCount":1,"publisher":{"@id":"https:\/\/www.asavar.net\/blog\/#\/schema\/person\/1dac85d1f2ae9333ccd3fd359d1bf303"},"image":{"@id":"https:\/\/www.asavar.net\/blog\/2020\/11\/09\/hesdin-labbe-et-un-mariage-peu-ordinaire\/#primaryimage"},"thumbnailUrl":"https:\/\/www.asavar.net\/blog\/wp-content\/uploads\/2020\/10\/titre-5.png","keywords":["#challengeAZ"],"articleSection":["G\u00e9n\u00e9alogie"],"inLanguage":"fr-FR","potentialAction":[{"@type":"CommentAction","name":"Comment","target":["https:\/\/www.asavar.net\/blog\/2020\/11\/09\/hesdin-labbe-et-un-mariage-peu-ordinaire\/#respond"]}]},{"@type":"WebPage","@id":"https:\/\/www.asavar.net\/blog\/2020\/11\/09\/hesdin-labbe-et-un-mariage-peu-ordinaire\/","url":"https:\/\/www.asavar.net\/blog\/2020\/11\/09\/hesdin-labbe-et-un-mariage-peu-ordinaire\/","name":"Hesdin l'abb\u00e9 et un mariage peu ordinaire - Le vide-grenier d&#039;Asavar","isPartOf":{"@id":"https:\/\/www.asavar.net\/blog\/#website"},"primaryImageOfPage":{"@id":"https:\/\/www.asavar.net\/blog\/2020\/11\/09\/hesdin-labbe-et-un-mariage-peu-ordinaire\/#primaryimage"},"image":{"@id":"https:\/\/www.asavar.net\/blog\/2020\/11\/09\/hesdin-labbe-et-un-mariage-peu-ordinaire\/#primaryimage"},"thumbnailUrl":"https:\/\/www.asavar.net\/blog\/wp-content\/uploads\/2020\/10\/titre-5.png","datePublished":"2020-11-09T08:00:00+00:00","dateModified":"2025-04-05T21:46:38+00:00","description":"Retour au bord de mer et \u00e0 Hesdin l'Abb\u00e9 pour cette \u00e9tape qui verra un mariage peu ordinaire conclure notre billet. 642 km \u00e0 vol d'oiseau !","inLanguage":"fr-FR","potentialAction":[{"@type":"ReadAction","target":["https:\/\/www.asavar.net\/blog\/2020\/11\/09\/hesdin-labbe-et-un-mariage-peu-ordinaire\/"]}]},{"@type":"ImageObject","inLanguage":"fr-FR","@id":"https:\/\/www.asavar.net\/blog\/2020\/11\/09\/hesdin-labbe-et-un-mariage-peu-ordinaire\/#primaryimage","url":"https:\/\/www.asavar.net\/blog\/wp-content\/uploads\/2020\/10\/titre-5.png","contentUrl":"https:\/\/www.asavar.net\/blog\/wp-content\/uploads\/2020\/10\/titre-5.png","width":1296,"height":386,"caption":"Hesdin l'Abb\u00e9"},{"@type":"WebSite","@id":"https:\/\/www.asavar.net\/blog\/#website","url":"https:\/\/www.asavar.net\/blog\/","name":"Le vide-grenier d&#039;Asavar","description":"Virtuel mais pas forc\u00e9ment poussi\u00e9reux","publisher":{"@id":"https:\/\/www.asavar.net\/blog\/#\/schema\/person\/1dac85d1f2ae9333ccd3fd359d1bf303"},"potentialAction":[{"@type":"SearchAction","target":{"@type":"EntryPoint","urlTemplate":"https:\/\/www.asavar.net\/blog\/?s={search_term_string}"},"query-input":{"@type":"PropertyValueSpecification","valueRequired":true,"valueName":"search_term_string"}}],"inLanguage":"fr-FR"},{"@type":["Person","Organization"],"@id":"https:\/\/www.asavar.net\/blog\/#\/schema\/person\/1dac85d1f2ae9333ccd3fd359d1bf303","name":"Asavar","image":{"@type":"ImageObject","inLanguage":"fr-FR","@id":"https:\/\/www.asavar.net\/blog\/#\/schema\/person\/image\/","url":"https:\/\/secure.gravatar.com\/avatar\/417bd47d3e1676e2b0d7c39b2ef87304659819698adabc98296ebe9b659a0e21?s=96&d=wavatar&r=g","contentUrl":"https:\/\/secure.gravatar.com\/avatar\/417bd47d3e1676e2b0d7c39b2ef87304659819698adabc98296ebe9b659a0e21?s=96&d=wavatar&r=g","caption":"Asavar"},"logo":{"@id":"https:\/\/www.asavar.net\/blog\/#\/schema\/person\/image\/"},"sameAs":["http:\/\/www.asavar.net"]}]}},"jetpack_publicize_connections":[],"jetpack_featured_media_url":"https:\/\/www.asavar.net\/blog\/wp-content\/uploads\/2020\/10\/titre-5.png","jetpack_shortlink":"https:\/\/wp.me\/pkpG2-wY","jetpack_likes_enabled":true,"jetpack-related-posts":[],"jetpack_sharing_enabled":true,"_links":{"self":[{"href":"https:\/\/www.asavar.net\/blog\/wp-json\/wp\/v2\/posts\/2044","targetHints":{"allow":["GET"]}}],"collection":[{"href":"https:\/\/www.asavar.net\/blog\/wp-json\/wp\/v2\/posts"}],"about":[{"href":"https:\/\/www.asavar.net\/blog\/wp-json\/wp\/v2\/types\/post"}],"author":[{"embeddable":true,"href":"https:\/\/www.asavar.net\/blog\/wp-json\/wp\/v2\/users\/2"}],"replies":[{"embeddable":true,"href":"https:\/\/www.asavar.net\/blog\/wp-json\/wp\/v2\/comments?post=2044"}],"version-history":[{"count":16,"href":"https:\/\/www.asavar.net\/blog\/wp-json\/wp\/v2\/posts\/2044\/revisions"}],"predecessor-version":[{"id":3591,"href":"https:\/\/www.asavar.net\/blog\/wp-json\/wp\/v2\/posts\/2044\/revisions\/3591"}],"wp:featuredmedia":[{"embeddable":true,"href":"https:\/\/www.asavar.net\/blog\/wp-json\/wp\/v2\/media\/2855"}],"wp:attachment":[{"href":"https:\/\/www.asavar.net\/blog\/wp-json\/wp\/v2\/media?parent=2044"}],"wp:term":[{"taxonomy":"category","embeddable":true,"href":"https:\/\/www.asavar.net\/blog\/wp-json\/wp\/v2\/categories?post=2044"},{"taxonomy":"post_tag","embeddable":true,"href":"https:\/\/www.asavar.net\/blog\/wp-json\/wp\/v2\/tags?post=2044"}],"curies":[{"name":"wp","href":"https:\/\/api.w.org\/{rel}","templated":true}]}}