{"id":2068,"date":"2020-11-23T07:00:00","date_gmt":"2020-11-23T06:00:00","guid":{"rendered":"https:\/\/www.asavar.net\/blog\/?p=2068"},"modified":"2020-11-18T01:27:43","modified_gmt":"2020-11-18T00:27:43","slug":"thiezac-petit-voyage-et-raccourcis","status":"publish","type":"post","link":"https:\/\/www.asavar.net\/blog\/2020\/11\/23\/thiezac-petit-voyage-et-raccourcis\/","title":{"rendered":"Thi\u00e9zac petit voyage et raccourcis."},"content":{"rendered":"\n<h3 class=\"wp-block-heading\">Thi\u00e9zac &#8211; Cantal<\/h3>\n\n\n\n<p>Tout petit d\u00e9placement pour cette nouvelle \u00e9tape, nous passons d&rsquo;un village du Cantal \u00e0 un autre. Apr\u00e8s Saint Jacques des Blats, nous prenons la direction de Thi\u00e9zac. Commune travers\u00e9e par le 45<sup>\u00e8me<\/sup> parall\u00e8le nord, elle se trouve \u00e0 \u00e9gale distance du p\u00f4le nord et de l&rsquo;\u00e9quateur. Nous avons fait un petit, tout petit voyage de moins de 6 km \u00e0 vol d&rsquo;oiseau.<\/p>\n\n\n\n<figure class=\"wp-block-image size-large\"><a href=\"https:\/\/www.asavar.net\/blog\/wp-content\/uploads\/2020\/09\/Carte-Thiezac.png\"><img loading=\"lazy\" decoding=\"async\" width=\"1024\" height=\"570\" src=\"https:\/\/www.asavar.net\/blog\/wp-content\/uploads\/2020\/09\/Carte-Thiezac-1024x570.png\" alt=\"Carte de Thi\u00e9zac\" class=\"wp-image-2642\" srcset=\"https:\/\/www.asavar.net\/blog\/wp-content\/uploads\/2020\/09\/Carte-Thiezac-1024x570.png 1024w, https:\/\/www.asavar.net\/blog\/wp-content\/uploads\/2020\/09\/Carte-Thiezac-300x167.png 300w, https:\/\/www.asavar.net\/blog\/wp-content\/uploads\/2020\/09\/Carte-Thiezac-768x428.png 768w, https:\/\/www.asavar.net\/blog\/wp-content\/uploads\/2020\/09\/Carte-Thiezac-1536x855.png 1536w, https:\/\/www.asavar.net\/blog\/wp-content\/uploads\/2020\/09\/Carte-Thiezac-640x356.png 640w, https:\/\/www.asavar.net\/blog\/wp-content\/uploads\/2020\/09\/Carte-Thiezac.png 1738w\" sizes=\"auto, (max-width: 1024px) 100vw, 1024px\" \/><\/a><figcaption>Carte produite avec Umap et OpenstreetMap<\/figcaption><\/figure>\n\n\n\n<h5 class=\"wp-block-heading\">Quelques lignes sur l&rsquo;histoire de Thi\u00e9zac<\/h5>\n\n\n\n<p>Je vais laisser la parole \u00e0 Jacques ODDOUX, historien du Cantal et auteur de deux ouvrages sur Thi\u00e9zac.<\/p>\n\n\n\n<blockquote class=\"wp-block-quote is-layout-flow wp-block-quote-is-layout-flow\"><p><em>Au 6e si\u00e8cle, des Ermites vinrent s&rsquo;installer dans la grotte situ\u00e9e au pied du rocher de Saint Michel.<br>La tradition veut que le bourg de Thi\u00e9zac se soit cr\u00e9e autour des auberges qui se seraient \u00e9difi\u00e9es pour accueillir les nombreux p\u00e8lerins, venus se recommander \u00e0 leurs pri\u00e8res. <br><br>D&rsquo;apr\u00e8s le Chanoine Chabeau, Thi\u00e9zac serait le nom du premier aubergiste venu s&rsquo;y \u00e9tablir.<br>Le dictionnaire du Cantal r\u00e9fute cette version et pense que l&rsquo;origine du bourg serait plus ancienne et daterait de la conqu\u00eate de la Gaule par Jules C\u00e9sar. Le nom de Thi\u00e9zac associerait une racine celtique et une racine grecque signifiant \u00ab Lieu aim\u00e9 des Dieux \u00bb.<\/em><\/p><p><em>Le Vicaire, Louis Buchon, dans sa monographie de Saint Martin, n&rsquo;est pas d&rsquo;accord car dit-il qui dans nos montagnes aurait eu connaissance de la langue grecque ? Il penche plut\u00f4t pour une d\u00e9finition latine de l&rsquo;\u00e9tymologie du mot Thi\u00e9zac qui serait \u00ab Dieu est l\u00e0 \u00bb. La pr\u00e9sence des Ermites conforterait son raisonnement.<\/em><\/p><p><em>En imaginant Thi\u00e9zac perdu dans la montagne avec comme seul acc\u00e8s un chemin difficile, on peut supposer que sa cr\u00e9ation est bien li\u00e9e aux Ermites. Quant \u00e0 l&rsquo;origine du nom, nous n&rsquo;avons aucune certitude.<\/em><\/p><cite>Source : Jacques ODDOUX &#8211; \u00ab\u00a0THIEZAC Autrefois\u00a0\u00bb 2002<\/cite><\/blockquote>\n\n\n\n<p>Thi\u00e9zac a connu le pic de sa d\u00e9mographie lors du recensement de 1806 avec une population de 2 067 habitants. Depuis cette date, la population d\u00e9croit r\u00e9guli\u00e8rement. Lors du dernier recensement de 2017, elle plafonne d\u00e9sormais \u00e0 604 habitants.<\/p>\n\n\n\n<p class=\"has-small-font-size\">Source : Wikip\u00e9dia et le <a href=\"https:\/\/www.thiezac.fr\" target=\"_blank\" rel=\"noreferrer noopener\">site de la commune<\/a>.<\/p>\n\n\n\n<h4 class=\"wp-block-heading\">Thi\u00e9zac et mes anc\u00eatres<\/h4>\n\n\n\n<p>Thi\u00e9zac aura donn\u00e9 lieu \u00e0 plus de 130 \u00e9v\u00e9nements g\u00e9n\u00e9alogiques sur nos ascendants. Ces \u00e9v\u00e9nements se r\u00e9partissent sur 33 patronymes diff\u00e9rents.<br>On peut en trouver la liste ci-dessous.<\/p>\n\n\n\n<div class=\"wp-block-columns is-layout-flex wp-container-core-columns-is-layout-9d6595d7 wp-block-columns-is-layout-flex\">\n<div class=\"wp-block-column is-layout-flow wp-block-column-is-layout-flow\">\n<ul class=\"wp-block-list\" id=\"block-54896a28-b695-424e-aed8-54262627914a\"><li>ALBERT<\/li><li>BADUEL<\/li><li>BENECH<\/li><li>BERAL<\/li><li>BERGAUD<\/li><li>BIBAL<\/li><li>BRUEL<\/li><li>CHASSAN<\/li><li>CHAYLUS<\/li><li>CHINIARD<\/li><li>CONDUCHER<\/li><li>COURBOULES<\/li><li>DAVAL<\/li><li>DAVID<\/li><li>DELBEX<\/li><li>DELMAS<\/li><li>DEVIERS<\/li><\/ul>\n<\/div>\n\n\n\n<div class=\"wp-block-column is-layout-flow wp-block-column-is-layout-flow\">\n<ul class=\"wp-block-list\" id=\"block-54896a28-b695-424e-aed8-54262627914a\"><li>FALIEX<\/li><li>FRESCAL<\/li><li>GAILLARD<\/li><li>GARD<\/li><li>GROUFFAL<\/li><li>LARRIBE<\/li><li>LATHELISE<\/li><li>MANHES<\/li><li>MOLINIER<\/li><li>PESCHAUD<\/li><li>SALAT<\/li><li>SALZET<\/li><li>SOLELIAGE<\/li><li>USSE<\/li><li>VAQUIER<\/li><li>VIAU<\/li><\/ul>\n<\/div>\n<\/div>\n\n\n\n<p>La plage de dates concernant ces \u00e9v\u00e9nements est pour l&rsquo;instant \u00ab\u00a0relativement\u00a0\u00bb concentr\u00e9e entre 1613 et 1870. On y trouve donc tant des \u00e9v\u00e9nements religieux que civils. Il faut noter que les registres de Thi\u00e9zac d\u00e9marrent \u00e0 partir de <strong>l&rsquo;ann\u00e9e 1607, ce qui est remarquable !<\/strong><\/p>\n\n\n\n<p>L&rsquo;\u00e9glise o\u00f9 se sont certainement d\u00e9roul\u00e9 la plupart de ces \u00e9v\u00e9nements est donc l&rsquo;\u00e9glise Saint-Martin de Thi\u00e9zac.<\/p>\n\n\n\n<p>En voici quelques photos extraites de ma collection personnelle.<\/p>\n\n\n\n<div class=\"wp-block-jetpack-tiled-gallery aligncenter is-style-square\"><div class=\"tiled-gallery__gallery\"><div class=\"tiled-gallery__row columns-3\"><div class=\"tiled-gallery__col\"><figure class=\"tiled-gallery__item\"><img decoding=\"async\" srcset=\"https:\/\/i1.wp.com\/www.asavar.net\/blog\/wp-content\/uploads\/2020\/11\/DSC02969-scaled.jpg?resize=600%2C600&#038;strip=info&#038;ssl=1 600w,https:\/\/i1.wp.com\/www.asavar.net\/blog\/wp-content\/uploads\/2020\/11\/DSC02969-scaled.jpg?resize=900%2C900&#038;strip=info&#038;ssl=1 900w,https:\/\/i1.wp.com\/www.asavar.net\/blog\/wp-content\/uploads\/2020\/11\/DSC02969-scaled.jpg?resize=1200%2C1200&#038;strip=info&#038;ssl=1 1200w,https:\/\/i1.wp.com\/www.asavar.net\/blog\/wp-content\/uploads\/2020\/11\/DSC02969-scaled.jpg?resize=1500%2C1500&#038;strip=info&#038;ssl=1 1500w,https:\/\/i1.wp.com\/www.asavar.net\/blog\/wp-content\/uploads\/2020\/11\/DSC02969-scaled.jpg?resize=1800%2C1800&#038;strip=info&#038;ssl=1 1800w,https:\/\/i1.wp.com\/www.asavar.net\/blog\/wp-content\/uploads\/2020\/11\/DSC02969-scaled.jpg?resize=1920%2C1920&#038;strip=info&#038;ssl=1 1920w\" alt=\"Eglise Saint-Martin\" data-height=\"2560\" data-id=\"3048\" data-link=\"https:\/\/www.asavar.net\/blog\/?attachment_id=3048#main\" data-url=\"https:\/\/www.asavar.net\/blog\/wp-content\/uploads\/2020\/11\/DSC02969-scaled.jpg\" data-width=\"1920\" src=\"https:\/\/i1.wp.com\/www.asavar.net\/blog\/wp-content\/uploads\/2020\/11\/DSC02969-scaled.jpg?ssl=1&amp;resize=1920%2C1920\" layout=\"responsive\"\/><\/figure><\/div><div class=\"tiled-gallery__col\"><figure class=\"tiled-gallery__item\"><img decoding=\"async\" srcset=\"https:\/\/i2.wp.com\/www.asavar.net\/blog\/wp-content\/uploads\/2020\/11\/DSC02967-scaled.jpg?resize=600%2C600&#038;strip=info&#038;ssl=1 600w,https:\/\/i2.wp.com\/www.asavar.net\/blog\/wp-content\/uploads\/2020\/11\/DSC02967-scaled.jpg?resize=900%2C900&#038;strip=info&#038;ssl=1 900w,https:\/\/i2.wp.com\/www.asavar.net\/blog\/wp-content\/uploads\/2020\/11\/DSC02967-scaled.jpg?resize=1200%2C1200&#038;strip=info&#038;ssl=1 1200w,https:\/\/i2.wp.com\/www.asavar.net\/blog\/wp-content\/uploads\/2020\/11\/DSC02967-scaled.jpg?resize=1500%2C1500&#038;strip=info&#038;ssl=1 1500w,https:\/\/i2.wp.com\/www.asavar.net\/blog\/wp-content\/uploads\/2020\/11\/DSC02967-scaled.jpg?resize=1800%2C1800&#038;strip=info&#038;ssl=1 1800w,https:\/\/i2.wp.com\/www.asavar.net\/blog\/wp-content\/uploads\/2020\/11\/DSC02967-scaled.jpg?resize=1920%2C1920&#038;strip=info&#038;ssl=1 1920w\" alt=\"Eglise Saint-Martin\" data-height=\"2560\" data-id=\"3047\" data-link=\"https:\/\/www.asavar.net\/blog\/?attachment_id=3047#main\" data-url=\"https:\/\/www.asavar.net\/blog\/wp-content\/uploads\/2020\/11\/DSC02967-scaled.jpg\" data-width=\"1920\" src=\"https:\/\/i2.wp.com\/www.asavar.net\/blog\/wp-content\/uploads\/2020\/11\/DSC02967-scaled.jpg?ssl=1&amp;resize=1920%2C1920\" layout=\"responsive\"\/><\/figure><\/div><div class=\"tiled-gallery__col\"><figure class=\"tiled-gallery__item\"><img decoding=\"async\" srcset=\"https:\/\/i2.wp.com\/www.asavar.net\/blog\/wp-content\/uploads\/2020\/11\/DSC02970-scaled.jpg?resize=600%2C600&#038;strip=info&#038;ssl=1 600w,https:\/\/i2.wp.com\/www.asavar.net\/blog\/wp-content\/uploads\/2020\/11\/DSC02970-scaled.jpg?resize=900%2C900&#038;strip=info&#038;ssl=1 900w,https:\/\/i2.wp.com\/www.asavar.net\/blog\/wp-content\/uploads\/2020\/11\/DSC02970-scaled.jpg?resize=1200%2C1200&#038;strip=info&#038;ssl=1 1200w,https:\/\/i2.wp.com\/www.asavar.net\/blog\/wp-content\/uploads\/2020\/11\/DSC02970-scaled.jpg?resize=1500%2C1500&#038;strip=info&#038;ssl=1 1500w,https:\/\/i2.wp.com\/www.asavar.net\/blog\/wp-content\/uploads\/2020\/11\/DSC02970-scaled.jpg?resize=1800%2C1800&#038;strip=info&#038;ssl=1 1800w,https:\/\/i2.wp.com\/www.asavar.net\/blog\/wp-content\/uploads\/2020\/11\/DSC02970-scaled.jpg?resize=1920%2C1920&#038;strip=info&#038;ssl=1 1920w\" alt=\"Eglise Saint-Martin\" data-height=\"2560\" data-id=\"3049\" data-link=\"https:\/\/www.asavar.net\/blog\/?attachment_id=3049#main\" data-url=\"https:\/\/www.asavar.net\/blog\/wp-content\/uploads\/2020\/11\/DSC02970-scaled.jpg\" data-width=\"1920\" src=\"https:\/\/i2.wp.com\/www.asavar.net\/blog\/wp-content\/uploads\/2020\/11\/DSC02970-scaled.jpg?ssl=1&amp;resize=1920%2C1920\" layout=\"responsive\"\/><\/figure><\/div><\/div><div class=\"tiled-gallery__row columns-3\"><div class=\"tiled-gallery__col\"><figure class=\"tiled-gallery__item\"><img decoding=\"async\" srcset=\"https:\/\/i0.wp.com\/www.asavar.net\/blog\/wp-content\/uploads\/2020\/11\/DSC02974-scaled.jpg?resize=600%2C600&#038;strip=info&#038;ssl=1 600w,https:\/\/i0.wp.com\/www.asavar.net\/blog\/wp-content\/uploads\/2020\/11\/DSC02974-scaled.jpg?resize=900%2C900&#038;strip=info&#038;ssl=1 900w,https:\/\/i0.wp.com\/www.asavar.net\/blog\/wp-content\/uploads\/2020\/11\/DSC02974-scaled.jpg?resize=1200%2C1200&#038;strip=info&#038;ssl=1 1200w,https:\/\/i0.wp.com\/www.asavar.net\/blog\/wp-content\/uploads\/2020\/11\/DSC02974-scaled.jpg?resize=1500%2C1500&#038;strip=info&#038;ssl=1 1500w,https:\/\/i0.wp.com\/www.asavar.net\/blog\/wp-content\/uploads\/2020\/11\/DSC02974-scaled.jpg?resize=1800%2C1800&#038;strip=info&#038;ssl=1 1800w,https:\/\/i0.wp.com\/www.asavar.net\/blog\/wp-content\/uploads\/2020\/11\/DSC02974-scaled.jpg?resize=1920%2C1920&#038;strip=info&#038;ssl=1 1920w\" alt=\"Eglise Saint-Martin\" data-height=\"1920\" data-id=\"3051\" data-link=\"https:\/\/www.asavar.net\/blog\/?attachment_id=3051#main\" data-url=\"https:\/\/www.asavar.net\/blog\/wp-content\/uploads\/2020\/11\/DSC02974-scaled.jpg\" data-width=\"2560\" src=\"https:\/\/i0.wp.com\/www.asavar.net\/blog\/wp-content\/uploads\/2020\/11\/DSC02974-scaled.jpg?ssl=1&amp;resize=1920%2C1920\" layout=\"responsive\"\/><\/figure><\/div><div class=\"tiled-gallery__col\"><figure class=\"tiled-gallery__item\"><img decoding=\"async\" srcset=\"https:\/\/i0.wp.com\/www.asavar.net\/blog\/wp-content\/uploads\/2020\/11\/DSC02972-scaled.jpg?resize=600%2C600&#038;strip=info&#038;ssl=1 600w,https:\/\/i0.wp.com\/www.asavar.net\/blog\/wp-content\/uploads\/2020\/11\/DSC02972-scaled.jpg?resize=900%2C900&#038;strip=info&#038;ssl=1 900w,https:\/\/i0.wp.com\/www.asavar.net\/blog\/wp-content\/uploads\/2020\/11\/DSC02972-scaled.jpg?resize=1200%2C1200&#038;strip=info&#038;ssl=1 1200w,https:\/\/i0.wp.com\/www.asavar.net\/blog\/wp-content\/uploads\/2020\/11\/DSC02972-scaled.jpg?resize=1500%2C1500&#038;strip=info&#038;ssl=1 1500w,https:\/\/i0.wp.com\/www.asavar.net\/blog\/wp-content\/uploads\/2020\/11\/DSC02972-scaled.jpg?resize=1800%2C1800&#038;strip=info&#038;ssl=1 1800w,https:\/\/i0.wp.com\/www.asavar.net\/blog\/wp-content\/uploads\/2020\/11\/DSC02972-scaled.jpg?resize=1920%2C1920&#038;strip=info&#038;ssl=1 1920w\" alt=\"Eglise Saint-Martin\" data-height=\"2560\" data-id=\"3050\" data-link=\"https:\/\/www.asavar.net\/blog\/?attachment_id=3050#main\" data-url=\"https:\/\/www.asavar.net\/blog\/wp-content\/uploads\/2020\/11\/DSC02972-scaled.jpg\" data-width=\"1920\" src=\"https:\/\/i0.wp.com\/www.asavar.net\/blog\/wp-content\/uploads\/2020\/11\/DSC02972-scaled.jpg?ssl=1&amp;resize=1920%2C1920\" layout=\"responsive\"\/><\/figure><\/div><div class=\"tiled-gallery__col\"><figure class=\"tiled-gallery__item\"><img decoding=\"async\" srcset=\"https:\/\/i0.wp.com\/www.asavar.net\/blog\/wp-content\/uploads\/2020\/11\/DSC02983-scaled.jpg?resize=600%2C600&#038;strip=info&#038;ssl=1 600w,https:\/\/i0.wp.com\/www.asavar.net\/blog\/wp-content\/uploads\/2020\/11\/DSC02983-scaled.jpg?resize=900%2C900&#038;strip=info&#038;ssl=1 900w,https:\/\/i0.wp.com\/www.asavar.net\/blog\/wp-content\/uploads\/2020\/11\/DSC02983-scaled.jpg?resize=1200%2C1200&#038;strip=info&#038;ssl=1 1200w,https:\/\/i0.wp.com\/www.asavar.net\/blog\/wp-content\/uploads\/2020\/11\/DSC02983-scaled.jpg?resize=1500%2C1500&#038;strip=info&#038;ssl=1 1500w,https:\/\/i0.wp.com\/www.asavar.net\/blog\/wp-content\/uploads\/2020\/11\/DSC02983-scaled.jpg?resize=1800%2C1800&#038;strip=info&#038;ssl=1 1800w,https:\/\/i0.wp.com\/www.asavar.net\/blog\/wp-content\/uploads\/2020\/11\/DSC02983-scaled.jpg?resize=1920%2C1920&#038;strip=info&#038;ssl=1 1920w\" alt=\"Eglise Saint-Martin\" data-height=\"1920\" data-id=\"3052\" data-link=\"https:\/\/www.asavar.net\/blog\/?attachment_id=3052#main\" data-url=\"https:\/\/www.asavar.net\/blog\/wp-content\/uploads\/2020\/11\/DSC02983-scaled.jpg\" data-width=\"2560\" src=\"https:\/\/i0.wp.com\/www.asavar.net\/blog\/wp-content\/uploads\/2020\/11\/DSC02983-scaled.jpg?ssl=1&amp;resize=1920%2C1920\" layout=\"responsive\"\/><\/figure><\/div><\/div><\/div><\/div>\n\n\n\n<h4 class=\"wp-block-heading\">Une anecdote ?<\/h4>\n\n\n\n<p>Au 15\u00e8me si\u00e8cle, la vierge serait apparue \u00e0 des p\u00e8lerins sur le territoire de la commune. Une chapelle \u00e9t\u00e9 construite \u00e0 cet emplacement. Il s&rsquo;agit de Notre Dame de la Consolation.<\/p>\n\n\n\n<p>La l\u00e9gende dit que, apr\u00e8s de nombreuses ann\u00e9es sans r\u00e9ussir \u00e0 avoir d&rsquo;enfant, Anne d&rsquo;Autriche \u00e9pouse de Louis XIII vint prier dans La Chapelle. Un an apr\u00e8s naissait le futur Louis XIV&#8230;<\/p>\n\n\n\n<p>Pour \u00eatre tout \u00e0 fait exhaustif, dans le m\u00eame voyage, la reine est \u00e9galement all\u00e9 prendre les eaux \u00e0 Vic sur C\u00e8re. Les deux communes revendiquent une forme de paternit\u00e9 royale depuis ce temps &#x1f609;.<\/p>\n\n\n\n<figure class=\"wp-block-image size-large is-style-default\"><a href=\"https:\/\/www.asavar.net\/blog\/wp-content\/uploads\/2020\/11\/cpa-Chapelle-Notre-dame.jpg\"><img loading=\"lazy\" decoding=\"async\" width=\"1024\" height=\"593\" src=\"https:\/\/www.asavar.net\/blog\/wp-content\/uploads\/2020\/11\/cpa-Chapelle-Notre-dame-1024x593.jpg\" alt=\"Notre dame de la consolation Thi\u00e9zac\" class=\"wp-image-3054\" srcset=\"https:\/\/www.asavar.net\/blog\/wp-content\/uploads\/2020\/11\/cpa-Chapelle-Notre-dame-1024x593.jpg 1024w, https:\/\/www.asavar.net\/blog\/wp-content\/uploads\/2020\/11\/cpa-Chapelle-Notre-dame-300x174.jpg 300w, https:\/\/www.asavar.net\/blog\/wp-content\/uploads\/2020\/11\/cpa-Chapelle-Notre-dame-768x445.jpg 768w, https:\/\/www.asavar.net\/blog\/wp-content\/uploads\/2020\/11\/cpa-Chapelle-Notre-dame-1536x890.jpg 1536w, https:\/\/www.asavar.net\/blog\/wp-content\/uploads\/2020\/11\/cpa-Chapelle-Notre-dame-640x371.jpg 640w, https:\/\/www.asavar.net\/blog\/wp-content\/uploads\/2020\/11\/cpa-Chapelle-Notre-dame.jpg 1600w\" sizes=\"auto, (max-width: 1024px) 100vw, 1024px\" \/><\/a><figcaption>La Chapelle Notre Dame de la consolation<br>Source : G\u00e9n\u00e9anet Image sous licence <a href=\"https:\/\/www.creativecommons.org\/licenses\/by-nc-sa\/2.0\/fr\/\" target=\"_blank\" rel=\"noreferrer noopener\">CC BY-NC-SA 2.0 FR<\/a><\/figcaption><\/figure>\n\n\n\n<h4 class=\"wp-block-heading\">Qui de nos anc\u00eatres \u00e0 Thi\u00e9zac ?<\/h4>\n\n\n\n<p>Cet article va s&rsquo;enchainer avec celui d&rsquo;hier sur Saint Jacques des Blats. En effet, cet arbre d&rsquo;ascendance va d\u00e9marrer sur Guillaume Bruel, p\u00e8re de Marie Louise longuement \u00e9voqu\u00e9e dans l&rsquo;article pr\u00e9c\u00e9dent.<\/p>\n\n\n\n<figure class=\"wp-block-image size-large\"><a href=\"https:\/\/www.asavar.net\/blog\/wp-content\/uploads\/2020\/11\/Arbre-Ascendance-Thiezac-1.png\"><img loading=\"lazy\" decoding=\"async\" width=\"1024\" height=\"756\" src=\"https:\/\/www.asavar.net\/blog\/wp-content\/uploads\/2020\/11\/Arbre-Ascendance-Thiezac-1-1024x756.png\" alt=\"Arbre ascendance Thi\u00e9zac\" class=\"wp-image-3058\" srcset=\"https:\/\/www.asavar.net\/blog\/wp-content\/uploads\/2020\/11\/Arbre-Ascendance-Thiezac-1-1024x756.png 1024w, https:\/\/www.asavar.net\/blog\/wp-content\/uploads\/2020\/11\/Arbre-Ascendance-Thiezac-1-300x222.png 300w, https:\/\/www.asavar.net\/blog\/wp-content\/uploads\/2020\/11\/Arbre-Ascendance-Thiezac-1-768x567.png 768w, https:\/\/www.asavar.net\/blog\/wp-content\/uploads\/2020\/11\/Arbre-Ascendance-Thiezac-1-1536x1134.png 1536w, https:\/\/www.asavar.net\/blog\/wp-content\/uploads\/2020\/11\/Arbre-Ascendance-Thiezac-1-640x473.png 640w, https:\/\/www.asavar.net\/blog\/wp-content\/uploads\/2020\/11\/Arbre-Ascendance-Thiezac-1.png 1858w\" sizes=\"auto, (max-width: 1024px) 100vw, 1024px\" \/><\/a><figcaption>Arbre d&rsquo;ascendance montrant les naissances et bapt\u00eames \u00e0 Thi\u00e9zac (en vert)<br>Source H\u00e9r\u00e9dis Personnel<\/figcaption><\/figure>\n\n\n\n<p>Guillaume BRUEL est n\u00e9 le 24 Avril 1852 \u00e0 Thi\u00e9zac, il est le fils d&rsquo;Antoine et de Fran\u00e7oise VAQUIER.<\/p>\n\n\n\n<figure class=\"wp-block-image size-large is-style-default\"><img loading=\"lazy\" decoding=\"async\" width=\"1024\" height=\"512\" src=\"https:\/\/www.asavar.net\/blog\/wp-content\/uploads\/2020\/11\/Naissance-Bruel-Guillaume-1852-Thiezac-1024x512.png\" alt=\"Naissance Guillaume Bruel\" class=\"wp-image-3059\" srcset=\"https:\/\/www.asavar.net\/blog\/wp-content\/uploads\/2020\/11\/Naissance-Bruel-Guillaume-1852-Thiezac-1024x512.png 1024w, https:\/\/www.asavar.net\/blog\/wp-content\/uploads\/2020\/11\/Naissance-Bruel-Guillaume-1852-Thiezac-300x150.png 300w, https:\/\/www.asavar.net\/blog\/wp-content\/uploads\/2020\/11\/Naissance-Bruel-Guillaume-1852-Thiezac-768x384.png 768w, https:\/\/www.asavar.net\/blog\/wp-content\/uploads\/2020\/11\/Naissance-Bruel-Guillaume-1852-Thiezac-640x320.png 640w, https:\/\/www.asavar.net\/blog\/wp-content\/uploads\/2020\/11\/Naissance-Bruel-Guillaume-1852-Thiezac.png 1084w\" sizes=\"auto, (max-width: 1024px) 100vw, 1024px\" \/><figcaption>Acte de naissance Guillaume BRUEL Thi\u00e9zac<br>Source : Archives d\u00e9partementales du Cantal<\/figcaption><\/figure>\n\n\n\n<p>Il deviendra cultivateur au village des Gardes, d&rsquo;apr\u00e8s ce qui est \u00e9crit sur l&rsquo;acte de d\u00e9c\u00e8s de son p\u00e8re, puis il \u00e9pousera Jeanne Eug\u00e9nie FRESCAL le 10 Aout 1881. <\/p>\n\n\n\n<p>Je leur connais 8 enfants, dont Marie Louise, puis Guillaume d\u00e9c\u00e9dera le 29 novembre 1896. Je ne met pas d&rsquo;images des actes car depuis son mariage, tous les \u00e9v\u00e9nements se d\u00e9roulent \u00e0 Saint Jacques des Blats et non plus \u00e0 Thi\u00e9zac.<\/p>\n\n\n\n<p>Enfin j&rsquo;ai la chance de poss\u00e9der une photo de Guillaume, surement pendant sa p\u00e9riode militaire mais je n&rsquo;ai pas encore creus\u00e9 autour de ce sujet.<\/p>\n\n\n\n<figure class=\"wp-block-image size-large is-resized is-style-default\"><img loading=\"lazy\" decoding=\"async\" src=\"https:\/\/www.asavar.net\/blog\/wp-content\/uploads\/2020\/11\/Bruel-Guillaume-1.jpg\" alt=\"Guillaume Bruel\" class=\"wp-image-3060\" width=\"279\" height=\"400\" srcset=\"https:\/\/www.asavar.net\/blog\/wp-content\/uploads\/2020\/11\/Bruel-Guillaume-1.jpg 222w, https:\/\/www.asavar.net\/blog\/wp-content\/uploads\/2020\/11\/Bruel-Guillaume-1-209x300.jpg 209w\" sizes=\"auto, (max-width: 279px) 100vw, 279px\" \/><figcaption>Photo de Guillaume BRUEL<br>Collection personnelle<\/figcaption><\/figure>\n\n\n\n<h5 class=\"wp-block-heading\">Apr\u00e8s les feuilles remontons aux racines<\/h5>\n\n\n\n<p>Nous avons d\u00e9marr\u00e9 ce billet sur Thi\u00e9zac avec le p\u00e8re de Marie Louise qui avait ouvert le billet de Saint Jacques des Blats. Je vous propose donc pour nos racines de prendre &#8230; les grands parents de Jean GROUFFAL qui avait conclu le billet de Saint Jacques !<\/p>\n\n\n\n<p>A l&rsquo;autre bout de l&rsquo;arbre, au plus loin de ce que je connais \u00e0 Thi\u00e9zac, se trouve le couple form\u00e9 par Jean GROUFFAL et Catherine FALIEX. <\/p>\n\n\n\n<p>Catherine est n\u00e9e le 7 Aout 1613 \u00e0 Thi\u00e9zac, elle est la fille de Jean et de Catherine MANHES.<\/p>\n\n\n\n<figure class=\"wp-block-image size-large is-style-default\"><img loading=\"lazy\" decoding=\"async\" width=\"1024\" height=\"324\" src=\"https:\/\/www.asavar.net\/blog\/wp-content\/uploads\/2020\/11\/Bapteme-Faliex-Catherine-1613-Thiezac-1024x324.png\" alt=\"Bapt\u00eame Catherine FALIEX\" class=\"wp-image-3061\" srcset=\"https:\/\/www.asavar.net\/blog\/wp-content\/uploads\/2020\/11\/Bapteme-Faliex-Catherine-1613-Thiezac-1024x324.png 1024w, https:\/\/www.asavar.net\/blog\/wp-content\/uploads\/2020\/11\/Bapteme-Faliex-Catherine-1613-Thiezac-300x95.png 300w, https:\/\/www.asavar.net\/blog\/wp-content\/uploads\/2020\/11\/Bapteme-Faliex-Catherine-1613-Thiezac-768x243.png 768w, https:\/\/www.asavar.net\/blog\/wp-content\/uploads\/2020\/11\/Bapteme-Faliex-Catherine-1613-Thiezac-1536x486.png 1536w, https:\/\/www.asavar.net\/blog\/wp-content\/uploads\/2020\/11\/Bapteme-Faliex-Catherine-1613-Thiezac-640x203.png 640w, https:\/\/www.asavar.net\/blog\/wp-content\/uploads\/2020\/11\/Bapteme-Faliex-Catherine-1613-Thiezac.png 1738w\" sizes=\"auto, (max-width: 1024px) 100vw, 1024px\" \/><figcaption>Bapt\u00eame de Catherine FALIEX en 1613<br>Source Archives d\u00e9partementales du Cantal<\/figcaption><\/figure>\n\n\n\n<p>Elle \u00e9pousera donc Jean Grouffal, \u00e0 une date que je ne connais pas \u00e0 l&rsquo;heure d&rsquo;aujourd&rsquo;hui. ils auront au moins deux enfants, Jacques et Jean.<\/p>\n\n\n\n<p>Je ne connais pas non plus les d\u00e9c\u00e8s de chacun des \u00e9poux.<\/p>\n","protected":false},"excerpt":{"rendered":"<p>Tout petit trajet pour passer du S au T. Voyage de Saint Jacques des Blats \u00e0 Thi\u00e9zac. Petit voyage g\u00e9ographique et raccourcis g\u00e9n\u00e9alogiques. <a href=\"https:\/\/www.asavar.net\/blog\/2020\/11\/23\/thiezac-petit-voyage-et-raccourcis\/\" class=\"more-link\">Continuer la lecture <span class=\"meta-nav\">&rarr;<\/span><\/a><\/p>\n","protected":false},"author":2,"featured_media":3044,"comment_status":"open","ping_status":"closed","sticky":false,"template":"","format":"standard","meta":{"ngg_post_thumbnail":0,"jetpack_post_was_ever_published":false,"_jetpack_newsletter_access":"","_jetpack_dont_email_post_to_subs":false,"_jetpack_newsletter_tier_id":0,"_jetpack_memberships_contains_paywalled_content":false,"_jetpack_memberships_contains_paid_content":false,"footnotes":"","jetpack_publicize_message":"Tout petit trajet pour passer du S au T de notre #challengeAZ.\nVoyage de Saint Jacques des Blats \u00e0 Thi\u00e9zac : Petit voyage g\u00e9ographique et raccourcis g\u00e9n\u00e9alogiques.\n#genealogie","jetpack_publicize_feature_enabled":true,"jetpack_social_post_already_shared":true,"jetpack_social_options":{"image_generator_settings":{"template":"highway","default_image_id":0,"font":"","enabled":false},"version":2}},"categories":[45],"tags":[178],"class_list":["post-2068","post","type-post","status-publish","format-standard","has-post-thumbnail","hentry","category-genealogie","tag-challengeaz"],"yoast_head":"<!-- This site is optimized with the Yoast SEO plugin v26.4 - https:\/\/yoast.com\/wordpress\/plugins\/seo\/ -->\n<title>Thi\u00e9zac petit voyage et raccourcis. - Le vide-grenier d&#039;Asavar<\/title>\n<meta name=\"description\" content=\"Tout petit trajet pour passer du S au T. Voyage de Saint Jacques des Blats \u00e0 Thi\u00e9zac. Petit voyage g\u00e9ographique et raccourcis g\u00e9n\u00e9alogiques.\" \/>\n<meta name=\"robots\" content=\"index, follow, max-snippet:-1, max-image-preview:large, max-video-preview:-1\" \/>\n<link rel=\"canonical\" href=\"https:\/\/www.asavar.net\/blog\/2020\/11\/23\/thiezac-petit-voyage-et-raccourcis\/\" \/>\n<meta property=\"og:locale\" content=\"fr_FR\" \/>\n<meta property=\"og:type\" content=\"article\" \/>\n<meta property=\"og:title\" content=\"Thi\u00e9zac petit voyage et raccourcis. - Le vide-grenier d&#039;Asavar\" \/>\n<meta property=\"og:description\" content=\"Tout petit trajet pour passer du S au T. Voyage de Saint Jacques des Blats \u00e0 Thi\u00e9zac. Petit voyage g\u00e9ographique et raccourcis g\u00e9n\u00e9alogiques.\" \/>\n<meta property=\"og:url\" content=\"https:\/\/www.asavar.net\/blog\/2020\/11\/23\/thiezac-petit-voyage-et-raccourcis\/\" \/>\n<meta property=\"og:site_name\" content=\"Le vide-grenier d&#039;Asavar\" \/>\n<meta property=\"article:published_time\" content=\"2020-11-23T06:00:00+00:00\" \/>\n<meta property=\"og:image\" content=\"https:\/\/www.asavar.net\/blog\/wp-content\/uploads\/2020\/09\/Titre-5.png\" \/>\n\t<meta property=\"og:image:width\" content=\"1287\" \/>\n\t<meta property=\"og:image:height\" content=\"370\" \/>\n\t<meta property=\"og:image:type\" content=\"image\/png\" \/>\n<meta name=\"author\" content=\"Asavar\" \/>\n<meta name=\"twitter:card\" content=\"summary_large_image\" \/>\n<meta name=\"twitter:creator\" content=\"@vmarty\" \/>\n<meta name=\"twitter:site\" content=\"@vmarty\" \/>\n<meta name=\"twitter:label1\" content=\"\u00c9crit par\" \/>\n\t<meta name=\"twitter:data1\" content=\"Asavar\" \/>\n\t<meta name=\"twitter:label2\" content=\"Dur\u00e9e de lecture estim\u00e9e\" \/>\n\t<meta name=\"twitter:data2\" content=\"5 minutes\" \/>\n<script type=\"application\/ld+json\" class=\"yoast-schema-graph\">{\"@context\":\"https:\/\/schema.org\",\"@graph\":[{\"@type\":\"Article\",\"@id\":\"https:\/\/www.asavar.net\/blog\/2020\/11\/23\/thiezac-petit-voyage-et-raccourcis\/#article\",\"isPartOf\":{\"@id\":\"https:\/\/www.asavar.net\/blog\/2020\/11\/23\/thiezac-petit-voyage-et-raccourcis\/\"},\"author\":{\"name\":\"Asavar\",\"@id\":\"https:\/\/www.asavar.net\/blog\/#\/schema\/person\/1dac85d1f2ae9333ccd3fd359d1bf303\"},\"headline\":\"Thi\u00e9zac petit voyage et raccourcis.\",\"datePublished\":\"2020-11-23T06:00:00+00:00\",\"mainEntityOfPage\":{\"@id\":\"https:\/\/www.asavar.net\/blog\/2020\/11\/23\/thiezac-petit-voyage-et-raccourcis\/\"},\"wordCount\":1014,\"commentCount\":0,\"publisher\":{\"@id\":\"https:\/\/www.asavar.net\/blog\/#\/schema\/person\/1dac85d1f2ae9333ccd3fd359d1bf303\"},\"image\":{\"@id\":\"https:\/\/www.asavar.net\/blog\/2020\/11\/23\/thiezac-petit-voyage-et-raccourcis\/#primaryimage\"},\"thumbnailUrl\":\"https:\/\/www.asavar.net\/blog\/wp-content\/uploads\/2020\/09\/Titre-5.png\",\"keywords\":[\"#challengeAZ\"],\"articleSection\":[\"G\u00e9n\u00e9alogie\"],\"inLanguage\":\"fr-FR\",\"potentialAction\":[{\"@type\":\"CommentAction\",\"name\":\"Comment\",\"target\":[\"https:\/\/www.asavar.net\/blog\/2020\/11\/23\/thiezac-petit-voyage-et-raccourcis\/#respond\"]}]},{\"@type\":\"WebPage\",\"@id\":\"https:\/\/www.asavar.net\/blog\/2020\/11\/23\/thiezac-petit-voyage-et-raccourcis\/\",\"url\":\"https:\/\/www.asavar.net\/blog\/2020\/11\/23\/thiezac-petit-voyage-et-raccourcis\/\",\"name\":\"Thi\u00e9zac petit voyage et raccourcis. - Le vide-grenier d&#039;Asavar\",\"isPartOf\":{\"@id\":\"https:\/\/www.asavar.net\/blog\/#website\"},\"primaryImageOfPage\":{\"@id\":\"https:\/\/www.asavar.net\/blog\/2020\/11\/23\/thiezac-petit-voyage-et-raccourcis\/#primaryimage\"},\"image\":{\"@id\":\"https:\/\/www.asavar.net\/blog\/2020\/11\/23\/thiezac-petit-voyage-et-raccourcis\/#primaryimage\"},\"thumbnailUrl\":\"https:\/\/www.asavar.net\/blog\/wp-content\/uploads\/2020\/09\/Titre-5.png\",\"datePublished\":\"2020-11-23T06:00:00+00:00\",\"description\":\"Tout petit trajet pour passer du S au T. Voyage de Saint Jacques des Blats \u00e0 Thi\u00e9zac. Petit voyage g\u00e9ographique et raccourcis g\u00e9n\u00e9alogiques.\",\"inLanguage\":\"fr-FR\",\"potentialAction\":[{\"@type\":\"ReadAction\",\"target\":[\"https:\/\/www.asavar.net\/blog\/2020\/11\/23\/thiezac-petit-voyage-et-raccourcis\/\"]}]},{\"@type\":\"ImageObject\",\"inLanguage\":\"fr-FR\",\"@id\":\"https:\/\/www.asavar.net\/blog\/2020\/11\/23\/thiezac-petit-voyage-et-raccourcis\/#primaryimage\",\"url\":\"https:\/\/www.asavar.net\/blog\/wp-content\/uploads\/2020\/09\/Titre-5.png\",\"contentUrl\":\"https:\/\/www.asavar.net\/blog\/wp-content\/uploads\/2020\/09\/Titre-5.png\",\"width\":1287,\"height\":370,\"caption\":\"Thi\u00e9zac\"},{\"@type\":\"WebSite\",\"@id\":\"https:\/\/www.asavar.net\/blog\/#website\",\"url\":\"https:\/\/www.asavar.net\/blog\/\",\"name\":\"Le vide-grenier d&#039;Asavar\",\"description\":\"Virtuel mais pas forc\u00e9ment poussi\u00e9reux\",\"publisher\":{\"@id\":\"https:\/\/www.asavar.net\/blog\/#\/schema\/person\/1dac85d1f2ae9333ccd3fd359d1bf303\"},\"potentialAction\":[{\"@type\":\"SearchAction\",\"target\":{\"@type\":\"EntryPoint\",\"urlTemplate\":\"https:\/\/www.asavar.net\/blog\/?s={search_term_string}\"},\"query-input\":{\"@type\":\"PropertyValueSpecification\",\"valueRequired\":true,\"valueName\":\"search_term_string\"}}],\"inLanguage\":\"fr-FR\"},{\"@type\":[\"Person\",\"Organization\"],\"@id\":\"https:\/\/www.asavar.net\/blog\/#\/schema\/person\/1dac85d1f2ae9333ccd3fd359d1bf303\",\"name\":\"Asavar\",\"image\":{\"@type\":\"ImageObject\",\"inLanguage\":\"fr-FR\",\"@id\":\"https:\/\/www.asavar.net\/blog\/#\/schema\/person\/image\/\",\"url\":\"https:\/\/secure.gravatar.com\/avatar\/417bd47d3e1676e2b0d7c39b2ef87304659819698adabc98296ebe9b659a0e21?s=96&d=wavatar&r=g\",\"contentUrl\":\"https:\/\/secure.gravatar.com\/avatar\/417bd47d3e1676e2b0d7c39b2ef87304659819698adabc98296ebe9b659a0e21?s=96&d=wavatar&r=g\",\"caption\":\"Asavar\"},\"logo\":{\"@id\":\"https:\/\/www.asavar.net\/blog\/#\/schema\/person\/image\/\"},\"sameAs\":[\"http:\/\/www.asavar.net\"]}]}<\/script>\n<!-- \/ Yoast SEO plugin. -->","yoast_head_json":{"title":"Thi\u00e9zac petit voyage et raccourcis. - Le vide-grenier d&#039;Asavar","description":"Tout petit trajet pour passer du S au T. Voyage de Saint Jacques des Blats \u00e0 Thi\u00e9zac. Petit voyage g\u00e9ographique et raccourcis g\u00e9n\u00e9alogiques.","robots":{"index":"index","follow":"follow","max-snippet":"max-snippet:-1","max-image-preview":"max-image-preview:large","max-video-preview":"max-video-preview:-1"},"canonical":"https:\/\/www.asavar.net\/blog\/2020\/11\/23\/thiezac-petit-voyage-et-raccourcis\/","og_locale":"fr_FR","og_type":"article","og_title":"Thi\u00e9zac petit voyage et raccourcis. - Le vide-grenier d&#039;Asavar","og_description":"Tout petit trajet pour passer du S au T. Voyage de Saint Jacques des Blats \u00e0 Thi\u00e9zac. Petit voyage g\u00e9ographique et raccourcis g\u00e9n\u00e9alogiques.","og_url":"https:\/\/www.asavar.net\/blog\/2020\/11\/23\/thiezac-petit-voyage-et-raccourcis\/","og_site_name":"Le vide-grenier d&#039;Asavar","article_published_time":"2020-11-23T06:00:00+00:00","og_image":[{"width":1287,"height":370,"url":"https:\/\/www.asavar.net\/blog\/wp-content\/uploads\/2020\/09\/Titre-5.png","type":"image\/png"}],"author":"Asavar","twitter_card":"summary_large_image","twitter_creator":"@vmarty","twitter_site":"@vmarty","twitter_misc":{"\u00c9crit par":"Asavar","Dur\u00e9e de lecture estim\u00e9e":"5 minutes"},"schema":{"@context":"https:\/\/schema.org","@graph":[{"@type":"Article","@id":"https:\/\/www.asavar.net\/blog\/2020\/11\/23\/thiezac-petit-voyage-et-raccourcis\/#article","isPartOf":{"@id":"https:\/\/www.asavar.net\/blog\/2020\/11\/23\/thiezac-petit-voyage-et-raccourcis\/"},"author":{"name":"Asavar","@id":"https:\/\/www.asavar.net\/blog\/#\/schema\/person\/1dac85d1f2ae9333ccd3fd359d1bf303"},"headline":"Thi\u00e9zac petit voyage et raccourcis.","datePublished":"2020-11-23T06:00:00+00:00","mainEntityOfPage":{"@id":"https:\/\/www.asavar.net\/blog\/2020\/11\/23\/thiezac-petit-voyage-et-raccourcis\/"},"wordCount":1014,"commentCount":0,"publisher":{"@id":"https:\/\/www.asavar.net\/blog\/#\/schema\/person\/1dac85d1f2ae9333ccd3fd359d1bf303"},"image":{"@id":"https:\/\/www.asavar.net\/blog\/2020\/11\/23\/thiezac-petit-voyage-et-raccourcis\/#primaryimage"},"thumbnailUrl":"https:\/\/www.asavar.net\/blog\/wp-content\/uploads\/2020\/09\/Titre-5.png","keywords":["#challengeAZ"],"articleSection":["G\u00e9n\u00e9alogie"],"inLanguage":"fr-FR","potentialAction":[{"@type":"CommentAction","name":"Comment","target":["https:\/\/www.asavar.net\/blog\/2020\/11\/23\/thiezac-petit-voyage-et-raccourcis\/#respond"]}]},{"@type":"WebPage","@id":"https:\/\/www.asavar.net\/blog\/2020\/11\/23\/thiezac-petit-voyage-et-raccourcis\/","url":"https:\/\/www.asavar.net\/blog\/2020\/11\/23\/thiezac-petit-voyage-et-raccourcis\/","name":"Thi\u00e9zac petit voyage et raccourcis. - Le vide-grenier d&#039;Asavar","isPartOf":{"@id":"https:\/\/www.asavar.net\/blog\/#website"},"primaryImageOfPage":{"@id":"https:\/\/www.asavar.net\/blog\/2020\/11\/23\/thiezac-petit-voyage-et-raccourcis\/#primaryimage"},"image":{"@id":"https:\/\/www.asavar.net\/blog\/2020\/11\/23\/thiezac-petit-voyage-et-raccourcis\/#primaryimage"},"thumbnailUrl":"https:\/\/www.asavar.net\/blog\/wp-content\/uploads\/2020\/09\/Titre-5.png","datePublished":"2020-11-23T06:00:00+00:00","description":"Tout petit trajet pour passer du S au T. Voyage de Saint Jacques des Blats \u00e0 Thi\u00e9zac. Petit voyage g\u00e9ographique et raccourcis g\u00e9n\u00e9alogiques.","inLanguage":"fr-FR","potentialAction":[{"@type":"ReadAction","target":["https:\/\/www.asavar.net\/blog\/2020\/11\/23\/thiezac-petit-voyage-et-raccourcis\/"]}]},{"@type":"ImageObject","inLanguage":"fr-FR","@id":"https:\/\/www.asavar.net\/blog\/2020\/11\/23\/thiezac-petit-voyage-et-raccourcis\/#primaryimage","url":"https:\/\/www.asavar.net\/blog\/wp-content\/uploads\/2020\/09\/Titre-5.png","contentUrl":"https:\/\/www.asavar.net\/blog\/wp-content\/uploads\/2020\/09\/Titre-5.png","width":1287,"height":370,"caption":"Thi\u00e9zac"},{"@type":"WebSite","@id":"https:\/\/www.asavar.net\/blog\/#website","url":"https:\/\/www.asavar.net\/blog\/","name":"Le vide-grenier d&#039;Asavar","description":"Virtuel mais pas forc\u00e9ment poussi\u00e9reux","publisher":{"@id":"https:\/\/www.asavar.net\/blog\/#\/schema\/person\/1dac85d1f2ae9333ccd3fd359d1bf303"},"potentialAction":[{"@type":"SearchAction","target":{"@type":"EntryPoint","urlTemplate":"https:\/\/www.asavar.net\/blog\/?s={search_term_string}"},"query-input":{"@type":"PropertyValueSpecification","valueRequired":true,"valueName":"search_term_string"}}],"inLanguage":"fr-FR"},{"@type":["Person","Organization"],"@id":"https:\/\/www.asavar.net\/blog\/#\/schema\/person\/1dac85d1f2ae9333ccd3fd359d1bf303","name":"Asavar","image":{"@type":"ImageObject","inLanguage":"fr-FR","@id":"https:\/\/www.asavar.net\/blog\/#\/schema\/person\/image\/","url":"https:\/\/secure.gravatar.com\/avatar\/417bd47d3e1676e2b0d7c39b2ef87304659819698adabc98296ebe9b659a0e21?s=96&d=wavatar&r=g","contentUrl":"https:\/\/secure.gravatar.com\/avatar\/417bd47d3e1676e2b0d7c39b2ef87304659819698adabc98296ebe9b659a0e21?s=96&d=wavatar&r=g","caption":"Asavar"},"logo":{"@id":"https:\/\/www.asavar.net\/blog\/#\/schema\/person\/image\/"},"sameAs":["http:\/\/www.asavar.net"]}]}},"jetpack_publicize_connections":[],"jetpack_featured_media_url":"https:\/\/www.asavar.net\/blog\/wp-content\/uploads\/2020\/09\/Titre-5.png","jetpack_shortlink":"https:\/\/wp.me\/pkpG2-xm","jetpack_likes_enabled":true,"jetpack-related-posts":[],"jetpack_sharing_enabled":true,"_links":{"self":[{"href":"https:\/\/www.asavar.net\/blog\/wp-json\/wp\/v2\/posts\/2068","targetHints":{"allow":["GET"]}}],"collection":[{"href":"https:\/\/www.asavar.net\/blog\/wp-json\/wp\/v2\/posts"}],"about":[{"href":"https:\/\/www.asavar.net\/blog\/wp-json\/wp\/v2\/types\/post"}],"author":[{"embeddable":true,"href":"https:\/\/www.asavar.net\/blog\/wp-json\/wp\/v2\/users\/2"}],"replies":[{"embeddable":true,"href":"https:\/\/www.asavar.net\/blog\/wp-json\/wp\/v2\/comments?post=2068"}],"version-history":[{"count":11,"href":"https:\/\/www.asavar.net\/blog\/wp-json\/wp\/v2\/posts\/2068\/revisions"}],"predecessor-version":[{"id":3064,"href":"https:\/\/www.asavar.net\/blog\/wp-json\/wp\/v2\/posts\/2068\/revisions\/3064"}],"wp:featuredmedia":[{"embeddable":true,"href":"https:\/\/www.asavar.net\/blog\/wp-json\/wp\/v2\/media\/3044"}],"wp:attachment":[{"href":"https:\/\/www.asavar.net\/blog\/wp-json\/wp\/v2\/media?parent=2068"}],"wp:term":[{"taxonomy":"category","embeddable":true,"href":"https:\/\/www.asavar.net\/blog\/wp-json\/wp\/v2\/categories?post=2068"},{"taxonomy":"post_tag","embeddable":true,"href":"https:\/\/www.asavar.net\/blog\/wp-json\/wp\/v2\/tags?post=2068"}],"curies":[{"name":"wp","href":"https:\/\/api.w.org\/{rel}","templated":true}]}}