{"id":2071,"date":"2020-11-24T07:00:00","date_gmt":"2020-11-24T06:00:00","guid":{"rendered":"https:\/\/www.asavar.net\/blog\/?p=2071"},"modified":"2020-11-18T01:26:58","modified_gmt":"2020-11-18T00:26:58","slug":"un-pays-un-acte-deux-nethes","status":"publish","type":"post","link":"https:\/\/www.asavar.net\/blog\/2020\/11\/24\/un-pays-un-acte-deux-nethes\/","title":{"rendered":"Un pays, Un acte: Deux N\u00e8thes !"},"content":{"rendered":"\n<h4 class=\"wp-block-heading\">U comme Unique<\/h4>\n\n\n\n<p>Soyons clair !<br>Je n&rsquo;ai pas de commune en U pour cette \u00e9tape du #challengeAZ. J&rsquo;ai donc essay\u00e9 de trouver un moyen de rebondir, \u00e0 l&rsquo;instar du \u00ab\u00a0R\u00a0\u00bb de ce billet.<br>Nous allons nous rendre dans la province des deux N\u00e8thes &#8230; mais quel rapport avec le U me direz vous ?<\/p>\n\n\n\n<p>Ce rapport ce sera \u00ab\u00a0Unique\u00a0\u00bb, mais comment rattacher \u00ab\u00a0Unique\u00a0\u00bb \u00e0 la th\u00e9matique des communes de mes SOSA ?<\/p>\n\n\n\n<p>Il se trouve que j&rsquo;ai un mariage c\u00e9l\u00e9br\u00e9 \u00e0 Hingene \u00e0 cot\u00e9 d&rsquo;Anvers donc en Belgique pour un couple de SOSA., C&rsquo;est le seul acte de cette ville, le seul acte de ce pays, il est donc unique !<\/p>\n\n\n\n<figure class=\"wp-block-image size-large is-style-default\"><a href=\"https:\/\/www.asavar.net\/blog\/wp-content\/uploads\/2020\/11\/Carte-U.png\"><img loading=\"lazy\" decoding=\"async\" width=\"1024\" height=\"940\" src=\"https:\/\/www.asavar.net\/blog\/wp-content\/uploads\/2020\/11\/Carte-U-1024x940.png\" alt=\"Carte Hingene : Ville des deux N\u00e8thes\" class=\"wp-image-3067\" srcset=\"https:\/\/www.asavar.net\/blog\/wp-content\/uploads\/2020\/11\/Carte-U-1024x940.png 1024w, https:\/\/www.asavar.net\/blog\/wp-content\/uploads\/2020\/11\/Carte-U-300x275.png 300w, https:\/\/www.asavar.net\/blog\/wp-content\/uploads\/2020\/11\/Carte-U-768x705.png 768w, https:\/\/www.asavar.net\/blog\/wp-content\/uploads\/2020\/11\/Carte-U-640x588.png 640w, https:\/\/www.asavar.net\/blog\/wp-content\/uploads\/2020\/11\/Carte-U.png 1148w\" sizes=\"auto, (max-width: 1024px) 100vw, 1024px\" \/><\/a><figcaption>Carte produite avec Umap et OpenstreetMap<\/figcaption><\/figure>\n\n\n\n<p>Il n&rsquo;est pas tout \u00e0 fait correct pour moi de dire que ce couple de SOSA a \u00e9t\u00e9 mari\u00e9 en Belgique. Le m\u00eame mariage \u00e0 l&rsquo;heure actuelle aurait effectivement lieu en Belgique mais \u00e0 la date de leur mariage, Hingene, proche d&rsquo;Anvers \u00e9tait dans une province Fran\u00e7aise : Le d\u00e9partement des deux N\u00e8thes.<\/p>\n\n\n\n<p>Je dois avouer que je n&rsquo;en avais jamais entendu parler avant de chercher la provenance de cet anc\u00eatre voyageur.<\/p>\n\n\n\n<h4 class=\"wp-block-heading\">Le d\u00e9partement des deux N\u00e8thes<\/h4>\n\n\n\n<p>C&rsquo;est un d\u00e9partement Fran\u00e7ais, chef lieu Anvers. Il porte le num\u00e9ro 93 dans la liste des 130 d\u00e9partements Fran\u00e7ais de 1811.<br>Son nom vient de la N\u00e8the, rivi\u00e8re de Belgique.<\/p>\n\n\n\n<p>Le d\u00e9partement des deux N\u00e8thes a \u00e9t\u00e9 cr\u00e9\u00e9 en 1795 avec trois arrondissements (Anvers, Turnhout et Malines). Un quatri\u00e8me lui est ajout\u00e9 en 1810, pris au royaume de Hollande (Breda)<\/p>\n\n\n\n<p>Apr\u00e8s la chute de Napol\u00e9on, ce d\u00e9partement Fran\u00e7ais devient une province du royaume des Pays Bas : La province d&rsquo;Anvers.<br>Aujourd&rsquo;hui ce territoire est r\u00e9parti entre la Belgique et les Pays Bas.<\/p>\n\n\n\n<figure class=\"wp-block-image size-large is-resized is-style-default\"><a href=\"https:\/\/www.asavar.net\/blog\/wp-content\/uploads\/2020\/11\/Carte-Provinces.png\"><img loading=\"lazy\" decoding=\"async\" src=\"https:\/\/www.asavar.net\/blog\/wp-content\/uploads\/2020\/11\/Carte-Provinces-692x1024.png\" alt=\"Carte faisant figure la province des Deux N\u00e8thes\" class=\"wp-image-3072\" width=\"384\" height=\"568\" srcset=\"https:\/\/www.asavar.net\/blog\/wp-content\/uploads\/2020\/11\/Carte-Provinces-692x1024.png 692w, https:\/\/www.asavar.net\/blog\/wp-content\/uploads\/2020\/11\/Carte-Provinces-203x300.png 203w, https:\/\/www.asavar.net\/blog\/wp-content\/uploads\/2020\/11\/Carte-Provinces-768x1137.png 768w, https:\/\/www.asavar.net\/blog\/wp-content\/uploads\/2020\/11\/Carte-Provinces-640x948.png 640w, https:\/\/www.asavar.net\/blog\/wp-content\/uploads\/2020\/11\/Carte-Provinces.png 986w\" sizes=\"auto, (max-width: 384px) 100vw, 384px\" \/><\/a><figcaption>Carte indiquant l&#8217;emplacement des Deux N\u00e8thes<br>Tir\u00e9 d&rsquo;une carte \u00e9tablie en 1811 par Messieurs Drioux et Leroy.<\/figcaption><\/figure>\n\n\n\n<h4 class=\"wp-block-heading\">Notre couple d&rsquo;Anc\u00eatres<\/h4>\n\n\n\n<p>Nicolas BIHARE est marin, il est n\u00e9 \u00e0 Mers les Bains dans la Somme, le 28 Octobre 1775. Il est le fils de Laurent et de Michelle CAVA.<\/p>\n\n\n\n<figure class=\"wp-block-image size-large is-style-default\"><a href=\"https:\/\/www.asavar.net\/blog\/wp-content\/uploads\/2020\/11\/bapteme-Bihare-Nicolas-1775-Mers-les-Bains.png\"><img loading=\"lazy\" decoding=\"async\" width=\"1024\" height=\"420\" src=\"https:\/\/www.asavar.net\/blog\/wp-content\/uploads\/2020\/11\/bapteme-Bihare-Nicolas-1775-Mers-les-Bains-1024x420.png\" alt=\"Bapt\u00eame Bihar\u00e9 Nicolas - Mers les Bains\" class=\"wp-image-3068\" srcset=\"https:\/\/www.asavar.net\/blog\/wp-content\/uploads\/2020\/11\/bapteme-Bihare-Nicolas-1775-Mers-les-Bains-1024x420.png 1024w, https:\/\/www.asavar.net\/blog\/wp-content\/uploads\/2020\/11\/bapteme-Bihare-Nicolas-1775-Mers-les-Bains-300x123.png 300w, https:\/\/www.asavar.net\/blog\/wp-content\/uploads\/2020\/11\/bapteme-Bihare-Nicolas-1775-Mers-les-Bains-768x315.png 768w, https:\/\/www.asavar.net\/blog\/wp-content\/uploads\/2020\/11\/bapteme-Bihare-Nicolas-1775-Mers-les-Bains-640x263.png 640w, https:\/\/www.asavar.net\/blog\/wp-content\/uploads\/2020\/11\/bapteme-Bihare-Nicolas-1775-Mers-les-Bains.png 1530w\" sizes=\"auto, (max-width: 1024px) 100vw, 1024px\" \/><\/a><figcaption>Bapt\u00eame de Nicolas BIHARE<br>Source : Archives d\u00e9partementales de la Somme.<\/figcaption><\/figure>\n\n\n\n<p>Son p\u00e8re exerce la profession de Matelot comme nous l&rsquo;apprend son acte de bapt\u00eame. Son parrain est Nicolas Le BOEUF et sa marraine V\u00e9ronique CAVA.<\/p>\n\n\n\n<p>Sa future \u00e9pouse se nomme Marie Julie Sophie NOEDTS, elle est originaire de Dunkerque, o\u00f9 elle est n\u00e9e le 5 d\u00e9cembre 1788 comme nous le montre son acte de bapt\u00eame <\/p>\n\n\n\n<figure class=\"wp-block-image size-large is-style-default\"><a href=\"https:\/\/www.asavar.net\/blog\/wp-content\/uploads\/2020\/11\/Bapteme-Noedts-Sophie-1788-Dunkerque.png\"><img loading=\"lazy\" decoding=\"async\" width=\"979\" height=\"569\" src=\"https:\/\/www.asavar.net\/blog\/wp-content\/uploads\/2020\/11\/Bapteme-Noedts-Sophie-1788-Dunkerque.png\" alt=\"Bapt\u00eame de Sophie NOEDTS Dunkerque\" class=\"wp-image-3069\" srcset=\"https:\/\/www.asavar.net\/blog\/wp-content\/uploads\/2020\/11\/Bapteme-Noedts-Sophie-1788-Dunkerque.png 979w, https:\/\/www.asavar.net\/blog\/wp-content\/uploads\/2020\/11\/Bapteme-Noedts-Sophie-1788-Dunkerque-300x174.png 300w, https:\/\/www.asavar.net\/blog\/wp-content\/uploads\/2020\/11\/Bapteme-Noedts-Sophie-1788-Dunkerque-768x446.png 768w, https:\/\/www.asavar.net\/blog\/wp-content\/uploads\/2020\/11\/Bapteme-Noedts-Sophie-1788-Dunkerque-640x372.png 640w\" sizes=\"auto, (max-width: 979px) 100vw, 979px\" \/><\/a><figcaption>Acte de Bapt\u00eame de Sophie NOEDTS \u00e0 Dunkerque<br>Source Archives d\u00e9partementales du Nord<\/figcaption><\/figure>\n\n\n\n<p>Elle est la fille de Jean Silvestre et de Marie Jeanne DEURVEL. Son parrain est Edouard MORTIER et la marraine, Marie VERQUERE.<\/p>\n\n\n\n<h5 class=\"wp-block-heading\">Le Mariage a lieu dans les deux N\u00e8thes<\/h5>\n\n\n\n<p>Ils vont donc se marier le 9 Janvier 1811 \u00e0 Hingene dans le d\u00e9partement des deux N\u00e8thes. Qu&rsquo;est ce qui a pu amener un jeune matelot de Mers les Bains dans la Somme, \u00e0 rencontrer une jeune fille de Dunkerque dans le Nord et \u00e0 l&rsquo;\u00e9pouser non loin d&rsquo;Anvers ?<\/p>\n\n\n\n<p>Une seule r\u00e9ponse : <strong>La MER<\/strong>.<\/p>\n\n\n\n<p>Nicolas est d\u00e9sormais Matelot de 1<sup>\u00e8re<\/sup> classe \u00e0 bord de l&rsquo;Albanais, navire de la flotte de l&#8217;empire. Il y a rencontr\u00e9 Sophie qui y est servante. En 1811, l&rsquo;Albanais est stationn\u00e9 dans le RUPEL, fleuve navigable jusqu&rsquo;\u00e0 plusieurs km \u00e0 l&rsquo;int\u00e9rieur des terres. Le RUPEL est tout proche d&rsquo;Hingene.<\/p>\n\n\n\n<figure class=\"wp-block-image size-large is-style-default\"><a href=\"https:\/\/www.asavar.net\/blog\/wp-content\/uploads\/2020\/11\/Mariage-Bihare-x-Noedts-1811-Hingene-1.png\"><img loading=\"lazy\" decoding=\"async\" width=\"1024\" height=\"622\" src=\"https:\/\/www.asavar.net\/blog\/wp-content\/uploads\/2020\/11\/Mariage-Bihare-x-Noedts-1811-Hingene-1-1024x622.png\" alt=\"Mariage BIHARE x NOEDTS dans la province des deux N\u00e8thes Partie 1\" class=\"wp-image-3077\" srcset=\"https:\/\/www.asavar.net\/blog\/wp-content\/uploads\/2020\/11\/Mariage-Bihare-x-Noedts-1811-Hingene-1-1024x622.png 1024w, https:\/\/www.asavar.net\/blog\/wp-content\/uploads\/2020\/11\/Mariage-Bihare-x-Noedts-1811-Hingene-1-300x182.png 300w, https:\/\/www.asavar.net\/blog\/wp-content\/uploads\/2020\/11\/Mariage-Bihare-x-Noedts-1811-Hingene-1-768x466.png 768w, https:\/\/www.asavar.net\/blog\/wp-content\/uploads\/2020\/11\/Mariage-Bihare-x-Noedts-1811-Hingene-1-640x389.png 640w, https:\/\/www.asavar.net\/blog\/wp-content\/uploads\/2020\/11\/Mariage-Bihare-x-Noedts-1811-Hingene-1.png 1031w\" sizes=\"auto, (max-width: 1024px) 100vw, 1024px\" \/><\/a><figcaption>Acte de Mariage de Nicolas BIHARE (BIARE) et Marie Julie Sophie NOEDTS<br>Source Archives de Belgique<\/figcaption><\/figure>\n\n\n\n<p>On voit dans ce document que Nicolas, matelot de 1<sup>\u00e8re<\/sup> classe est domicili\u00e9 \u00e0 bord du vaisseau. Nicolas a 35 ans, ses deux parents sont d\u00e9c\u00e9d\u00e9s. Sophie est elle \u00e2g\u00e9e de 22 ans et ses deux parents sont \u00e9galement d\u00e9c\u00e9d\u00e9s.<\/p>\n\n\n\n<figure class=\"wp-block-image size-large is-style-default\"><img loading=\"lazy\" decoding=\"async\" width=\"1005\" height=\"669\" src=\"https:\/\/www.asavar.net\/blog\/wp-content\/uploads\/2020\/11\/Mariage-Bihare-x-Noedts-1811-Hingene-2.png\" alt=\"Mariage BIHARE x Noedts\" class=\"wp-image-3079\" srcset=\"https:\/\/www.asavar.net\/blog\/wp-content\/uploads\/2020\/11\/Mariage-Bihare-x-Noedts-1811-Hingene-2.png 1005w, https:\/\/www.asavar.net\/blog\/wp-content\/uploads\/2020\/11\/Mariage-Bihare-x-Noedts-1811-Hingene-2-300x200.png 300w, https:\/\/www.asavar.net\/blog\/wp-content\/uploads\/2020\/11\/Mariage-Bihare-x-Noedts-1811-Hingene-2-768x511.png 768w, https:\/\/www.asavar.net\/blog\/wp-content\/uploads\/2020\/11\/Mariage-Bihare-x-Noedts-1811-Hingene-2-640x426.png 640w\" sizes=\"auto, (max-width: 1005px) 100vw, 1005px\" \/><figcaption>Acte de mariage de Nicolas BIHARE et Marie Julie Sophie NOEDTS (Partie 2)<br>Source Archives de Belgique<\/figcaption><\/figure>\n\n\n\n<p>Tous les t\u00e9moins du mariage sont \u00e9galement domicili\u00e9s \u00e0 bord de l&rsquo;Albanais.<\/p>\n\n\n\n<figure class=\"wp-block-image size-large is-style-default\"><a href=\"https:\/\/www.asavar.net\/blog\/wp-content\/uploads\/2020\/11\/Mariage-Bihare-x-Noedts-1811-Hingene-3.png\"><img loading=\"lazy\" decoding=\"async\" width=\"1022\" height=\"638\" src=\"https:\/\/www.asavar.net\/blog\/wp-content\/uploads\/2020\/11\/Mariage-Bihare-x-Noedts-1811-Hingene-3.png\" alt=\"Mariage BIHARE x NOEDTS\" class=\"wp-image-3080\" srcset=\"https:\/\/www.asavar.net\/blog\/wp-content\/uploads\/2020\/11\/Mariage-Bihare-x-Noedts-1811-Hingene-3.png 1022w, https:\/\/www.asavar.net\/blog\/wp-content\/uploads\/2020\/11\/Mariage-Bihare-x-Noedts-1811-Hingene-3-300x187.png 300w, https:\/\/www.asavar.net\/blog\/wp-content\/uploads\/2020\/11\/Mariage-Bihare-x-Noedts-1811-Hingene-3-768x479.png 768w, https:\/\/www.asavar.net\/blog\/wp-content\/uploads\/2020\/11\/Mariage-Bihare-x-Noedts-1811-Hingene-3-640x400.png 640w\" sizes=\"auto, (max-width: 1022px) 100vw, 1022px\" \/><\/a><figcaption>Fin de l&rsquo;acte de Mariage entre Nicolas BIHARE et Marie Sophie Julie NOEDTS<br>Source Archives de Belgique<\/figcaption><\/figure>\n\n\n\n<p>On peut voir sur cette derni\u00e8re partie de l&rsquo;acte que Nicolas signe, d&rsquo;une signature non h\u00e9sitante.<\/p>\n\n\n\n<h5 class=\"wp-block-heading\">Les enfants<\/h5>\n\n\n\n<p>Ils auront 6 enfants, si les deux premiers vont naitre \u00e0 Anvers, peu apr\u00e8s la naissance du deuxi\u00e8me, Nicolas et Sophie iront vivre \u00e0 Dunkerque puis \u00e0 Boulogne sur Mer o\u00f9 naitra le dernier enfant.<\/p>\n\n\n\n<p>Nous trouvons donc : <\/p>\n\n\n\n<ul class=\"wp-block-list\"><li>Ambroise n\u00e9 \u00e0 Anvers en 1812<\/li><li>Antoine Cl\u00e9ment n\u00e9 \u00e0 Anvers en 1813 et d\u00e9c\u00e9d\u00e9 \u00e0 Dunkerque la m\u00eame ann\u00e9e.<\/li><li>Une petite fille sans vie n\u00e9e en 12816 \u00e0 Dunkerque<\/li><li>Jean Joseph n\u00e9 en 1818 \u00e0 Dunkerque<\/li><li>Jean Marie (SOSA) n\u00e9 en 1821 \u00e0 Dunkerque<\/li><li>Marie Julie Sophie n\u00e9e en 1833 \u00e0 Boulogne sur Mer<\/li><\/ul>\n\n\n\n<p>Peu apr\u00e8s la naissance de leur fille, Nicolas va mourir, \u00e0 l&rsquo;\u00e2ge de 59 ans, le 15 d\u00e9cembre 1834.<\/p>\n\n\n\n<figure class=\"wp-block-image size-large is-style-default\"><a href=\"https:\/\/www.asavar.net\/blog\/wp-content\/uploads\/2020\/11\/Deces-Bihare-Nicolas-1834-Boulogne-sur-Mer.png\"><img loading=\"lazy\" decoding=\"async\" width=\"1024\" height=\"751\" src=\"https:\/\/www.asavar.net\/blog\/wp-content\/uploads\/2020\/11\/Deces-Bihare-Nicolas-1834-Boulogne-sur-Mer-1024x751.png\" alt=\"D\u00e9c\u00e8s Nicolas BIHARE \" class=\"wp-image-3083\" srcset=\"https:\/\/www.asavar.net\/blog\/wp-content\/uploads\/2020\/11\/Deces-Bihare-Nicolas-1834-Boulogne-sur-Mer-1024x751.png 1024w, https:\/\/www.asavar.net\/blog\/wp-content\/uploads\/2020\/11\/Deces-Bihare-Nicolas-1834-Boulogne-sur-Mer-300x220.png 300w, https:\/\/www.asavar.net\/blog\/wp-content\/uploads\/2020\/11\/Deces-Bihare-Nicolas-1834-Boulogne-sur-Mer-768x563.png 768w, https:\/\/www.asavar.net\/blog\/wp-content\/uploads\/2020\/11\/Deces-Bihare-Nicolas-1834-Boulogne-sur-Mer-1536x1126.png 1536w, https:\/\/www.asavar.net\/blog\/wp-content\/uploads\/2020\/11\/Deces-Bihare-Nicolas-1834-Boulogne-sur-Mer-640x469.png 640w, https:\/\/www.asavar.net\/blog\/wp-content\/uploads\/2020\/11\/Deces-Bihare-Nicolas-1834-Boulogne-sur-Mer.png 1866w\" sizes=\"auto, (max-width: 1024px) 100vw, 1024px\" \/><\/a><figcaption>Acte de d\u00e9c\u00e8s de Nicolas BIHARE \u00e0 Boulogne sur Mer<br>Source Archives d\u00e9partementales du Pas de Calais<\/figcaption><\/figure>\n\n\n\n<p>Sophie le rejoindra quelques semaines plus tard \u00e0 l&rsquo;\u00e2ge de 46 ans le 12 f\u00e9vrier 1835 \u00e0 Boulogne sur Mer<\/p>\n\n\n\n<figure class=\"wp-block-image size-large is-style-default\"><a href=\"https:\/\/www.asavar.net\/blog\/wp-content\/uploads\/2020\/11\/Deces-Noedts-Sophie-1834-Boulogne-sur-Mer.png\"><img loading=\"lazy\" decoding=\"async\" width=\"1024\" height=\"757\" src=\"https:\/\/www.asavar.net\/blog\/wp-content\/uploads\/2020\/11\/Deces-Noedts-Sophie-1834-Boulogne-sur-Mer-1024x757.png\" alt=\"D\u00e9c\u00e8s Sophie Noedts\" class=\"wp-image-3082\" srcset=\"https:\/\/www.asavar.net\/blog\/wp-content\/uploads\/2020\/11\/Deces-Noedts-Sophie-1834-Boulogne-sur-Mer-1024x757.png 1024w, https:\/\/www.asavar.net\/blog\/wp-content\/uploads\/2020\/11\/Deces-Noedts-Sophie-1834-Boulogne-sur-Mer-300x222.png 300w, https:\/\/www.asavar.net\/blog\/wp-content\/uploads\/2020\/11\/Deces-Noedts-Sophie-1834-Boulogne-sur-Mer-768x568.png 768w, https:\/\/www.asavar.net\/blog\/wp-content\/uploads\/2020\/11\/Deces-Noedts-Sophie-1834-Boulogne-sur-Mer-1536x1135.png 1536w, https:\/\/www.asavar.net\/blog\/wp-content\/uploads\/2020\/11\/Deces-Noedts-Sophie-1834-Boulogne-sur-Mer-640x473.png 640w, https:\/\/www.asavar.net\/blog\/wp-content\/uploads\/2020\/11\/Deces-Noedts-Sophie-1834-Boulogne-sur-Mer.png 1854w\" sizes=\"auto, (max-width: 1024px) 100vw, 1024px\" \/><\/a><figcaption>Acte de d\u00e9c\u00e8s de Sophie NOEDTS \u00e0 Boulogne sur Mer<br>Source Archives d\u00e9partementales du Pas de Calais<\/figcaption><\/figure>\n\n\n\n<h5 class=\"wp-block-heading\">Une carri\u00e8re militaire uniquement dans les deux N\u00e8thes ?<\/h5>\n\n\n\n<p>Au gr\u00e9 des actes d&rsquo;\u00e9tat civil, nous voyons s&rsquo;\u00e9baucher la carri\u00e8re de Nicolas au sein de la marine Napol\u00e9onienne.<\/p>\n\n\n\n<p>Lors du d\u00e9c\u00e8s de son p\u00e8re, il est indiqu\u00e9 Matelot, puis lors de son mariage, il est devenu Matelot de 1\u00e8re classe sur le vaisseau l&rsquo;Albanais.<br>Quelques mois plus tard, lors de la naissance de son fils, il a chang\u00e9 de Vaisseau et a \u00e9t\u00e9 promus au grade de Caporal sur le vaisseau \u00ab\u00a0Le TILSIT\u00a0\u00bb.<\/p>\n\n\n\n<p>Enfin lors de la naissance de son deuxi\u00e8me fils, il est cette fois officier de Marine toujours sur le TILSIT.<\/p>\n\n\n\n<p>Lors de la naissance de leur fille, sans vie, en 1818, Napol\u00e9on a chut\u00e9, la marine a \u00e9t\u00e9 dissoute, les navires rendus aux Pays Bas. Nicolas est revenu avec son \u00e9pouse \u00e0 Dunkerque et il figurera d\u00e9sormais en tant que simple marin dans tous les actes qui suivront.<\/p>\n\n\n\n<p>Il me reste \u00e0 faire les recherches autour de sa carri\u00e8re et des vaisseaux sur lesquels il a servi.<\/p>\n\n\n\n<h4 class=\"wp-block-heading\">Les vaisseaux<\/h4>\n\n\n\n<h5 class=\"wp-block-heading\">L&rsquo;albanais<\/h5>\n\n\n\n<p>Ce vaisseau est un navire de 74 canons de la classe T\u00e9m\u00e9raire qui a \u00e9t\u00e9 en service de 1808 \u00e0 1814 et faisait partie de l&rsquo;Arsenal d&rsquo;Anvers. <br>Il fait partie de la liste des vaisseaux de 74 canons restitu\u00e9s \u00e0 la marine des Pays Bas en 1814.<\/p>\n\n\n\n<figure class=\"wp-block-image size-large is-style-default\"><a href=\"https:\/\/www.asavar.net\/blog\/wp-content\/uploads\/2020\/11\/Achille_mp3h9307-scaled.jpg\"><img loading=\"lazy\" decoding=\"async\" width=\"1024\" height=\"683\" src=\"https:\/\/www.asavar.net\/blog\/wp-content\/uploads\/2020\/11\/Achille_mp3h9307-1024x683.jpg\" alt=\"\" class=\"wp-image-3084\" srcset=\"https:\/\/www.asavar.net\/blog\/wp-content\/uploads\/2020\/11\/Achille_mp3h9307-1024x683.jpg 1024w, https:\/\/www.asavar.net\/blog\/wp-content\/uploads\/2020\/11\/Achille_mp3h9307-300x200.jpg 300w, https:\/\/www.asavar.net\/blog\/wp-content\/uploads\/2020\/11\/Achille_mp3h9307-768x512.jpg 768w, https:\/\/www.asavar.net\/blog\/wp-content\/uploads\/2020\/11\/Achille_mp3h9307-1536x1024.jpg 1536w, https:\/\/www.asavar.net\/blog\/wp-content\/uploads\/2020\/11\/Achille_mp3h9307-2048x1365.jpg 2048w, https:\/\/www.asavar.net\/blog\/wp-content\/uploads\/2020\/11\/Achille_mp3h9307-640x427.jpg 640w\" sizes=\"auto, (max-width: 1024px) 100vw, 1024px\" \/><\/a><figcaption>Vaisseau de 74 canons de la classe t\u00e9m\u00e9raire<br>Source Wikip\u00e9dia &#8211; <a href=\"https:\/\/commons.wikimedia.org\/wiki\/User:Rama\" target=\"_blank\" rel=\"noreferrer noopener\">Auteur Rama<\/a><br>Licence : <a href=\"https:\/\/creativecommons.org\/licenses\/by-sa\/3.0\/fr\/deed.en\" target=\"_blank\" rel=\"noreferrer noopener\">CC BY-SA 3.0 fr<\/a><\/figcaption><\/figure>\n\n\n\n<h5 class=\"wp-block-heading\">Le Tilsit<\/h5>\n\n\n\n<p>C&rsquo;est un navire de la classe \u00ab\u00a0<em>TONNANT<\/em>\u00a0\u00bb type \u00ab\u00a0<em>BUCENTAURE<\/em>\u00a0\u00bb construit entre 1807 et 1810, faisant partie de l&rsquo;arsenal d&rsquo;Anvers. Il s&rsquo;agit cette fois-ci d&rsquo;un navire de deux ponts et 80 canons.<\/p>\n\n\n\n<p>Egalement rendu \u00e0 la marine des Pays Bas en 1814 o\u00f9 il fut renomm\u00e9 \u00ab\u00a0<em>Le Neptunus<\/em>\u00ab\u00a0, il a \u00e9t\u00e9 d\u00e9truit en 1818.<\/p>\n\n\n\n<p>Il devait ressembler \u00e0 ce Bucentaure qui a donn\u00e9 son nom \u00e0 toute la typologie de navire qu&rsquo;il a inspir\u00e9 \u00e0 partir de 1803. C&rsquo;\u00e9tait le navire amiral lors de la bataille de Trafalgar.<\/p>\n\n\n\n<figure class=\"wp-block-image size-large is-style-default\"><img loading=\"lazy\" decoding=\"async\" width=\"591\" height=\"402\" src=\"https:\/\/www.asavar.net\/blog\/wp-content\/uploads\/2020\/11\/Le_Bucentaure_Anonymous.jpg\" alt=\"\" class=\"wp-image-3085\" srcset=\"https:\/\/www.asavar.net\/blog\/wp-content\/uploads\/2020\/11\/Le_Bucentaure_Anonymous.jpg 591w, https:\/\/www.asavar.net\/blog\/wp-content\/uploads\/2020\/11\/Le_Bucentaure_Anonymous-300x204.jpg 300w\" sizes=\"auto, (max-width: 591px) 100vw, 591px\" \/><figcaption>Le Bucentaure Navire de la classe Tonnant<br>Source Wikip\u00e9dia<\/figcaption><\/figure>\n\n\n\n<p><\/p>\n","protected":false},"excerpt":{"rendered":"<p>U comme Unique : Un seul acte dans  dans un seul pays. Nous voici partis dans les Deux N\u00e8thes !<br \/>\nC&rsquo;est quoi ? C&rsquo;est o\u00f9 ? d\u00e9couvrons le ! <a href=\"https:\/\/www.asavar.net\/blog\/2020\/11\/24\/un-pays-un-acte-deux-nethes\/\" class=\"more-link\">Continuer la lecture <span class=\"meta-nav\">&rarr;<\/span><\/a><\/p>\n","protected":false},"author":2,"featured_media":3088,"comment_status":"open","ping_status":"closed","sticky":false,"template":"","format":"standard","meta":{"ngg_post_thumbnail":0,"jetpack_post_was_ever_published":false,"_jetpack_newsletter_access":"","_jetpack_dont_email_post_to_subs":false,"_jetpack_newsletter_tier_id":0,"_jetpack_memberships_contains_paywalled_content":false,"_jetpack_memberships_contains_paid_content":false,"footnotes":"","jetpack_publicize_message":"#genealogie\nU comme Unique : Un seul acte dans  dans un seul pays. Nous voici partis dans les Deux N\u00e8thes ! \nC'est quoi ? C'est o\u00f9 ? d\u00e9couvrons le ensemble dans cette nouvelle \u00e9tape du #challengeAZ 2020","jetpack_publicize_feature_enabled":true,"jetpack_social_post_already_shared":true,"jetpack_social_options":{"image_generator_settings":{"template":"highway","default_image_id":0,"font":"","enabled":false},"version":2}},"categories":[45],"tags":[178],"class_list":["post-2071","post","type-post","status-publish","format-standard","has-post-thumbnail","hentry","category-genealogie","tag-challengeaz"],"yoast_head":"<!-- This site is optimized with the Yoast SEO plugin v26.4 - https:\/\/yoast.com\/wordpress\/plugins\/seo\/ -->\n<title>Un pays, Un acte: Deux N\u00e8thes ! - Le vide-grenier d&#039;Asavar<\/title>\n<meta name=\"description\" content=\"U comme Unique : Un seul acte dans dans un seul pays. Nous voici partis dans les Deux N\u00e8thes ! C&#039;est quoi ? C&#039;est o\u00f9 ? d\u00e9couvrons le !\" \/>\n<meta name=\"robots\" content=\"index, follow, max-snippet:-1, max-image-preview:large, max-video-preview:-1\" \/>\n<link rel=\"canonical\" href=\"https:\/\/www.asavar.net\/blog\/2020\/11\/24\/un-pays-un-acte-deux-nethes\/\" \/>\n<meta property=\"og:locale\" content=\"fr_FR\" \/>\n<meta property=\"og:type\" content=\"article\" \/>\n<meta property=\"og:title\" content=\"Un pays, Un acte: Deux N\u00e8thes ! - Le vide-grenier d&#039;Asavar\" \/>\n<meta property=\"og:description\" content=\"U comme Unique : Un seul acte dans dans un seul pays. Nous voici partis dans les Deux N\u00e8thes ! C&#039;est quoi ? C&#039;est o\u00f9 ? d\u00e9couvrons le !\" \/>\n<meta property=\"og:url\" content=\"https:\/\/www.asavar.net\/blog\/2020\/11\/24\/un-pays-un-acte-deux-nethes\/\" \/>\n<meta property=\"og:site_name\" content=\"Le vide-grenier d&#039;Asavar\" \/>\n<meta property=\"article:published_time\" content=\"2020-11-24T06:00:00+00:00\" \/>\n<meta property=\"og:image\" content=\"https:\/\/www.asavar.net\/blog\/wp-content\/uploads\/2020\/11\/titre-3.png\" \/>\n\t<meta property=\"og:image:width\" content=\"1284\" \/>\n\t<meta property=\"og:image:height\" content=\"375\" \/>\n\t<meta property=\"og:image:type\" content=\"image\/png\" \/>\n<meta name=\"author\" content=\"Asavar\" \/>\n<meta name=\"twitter:card\" content=\"summary_large_image\" \/>\n<meta name=\"twitter:creator\" content=\"@vmarty\" \/>\n<meta name=\"twitter:site\" content=\"@vmarty\" \/>\n<meta name=\"twitter:label1\" content=\"\u00c9crit par\" \/>\n\t<meta name=\"twitter:data1\" content=\"Asavar\" \/>\n\t<meta name=\"twitter:label2\" content=\"Dur\u00e9e de lecture estim\u00e9e\" \/>\n\t<meta name=\"twitter:data2\" content=\"6 minutes\" \/>\n<script type=\"application\/ld+json\" class=\"yoast-schema-graph\">{\"@context\":\"https:\/\/schema.org\",\"@graph\":[{\"@type\":\"Article\",\"@id\":\"https:\/\/www.asavar.net\/blog\/2020\/11\/24\/un-pays-un-acte-deux-nethes\/#article\",\"isPartOf\":{\"@id\":\"https:\/\/www.asavar.net\/blog\/2020\/11\/24\/un-pays-un-acte-deux-nethes\/\"},\"author\":{\"name\":\"Asavar\",\"@id\":\"https:\/\/www.asavar.net\/blog\/#\/schema\/person\/1dac85d1f2ae9333ccd3fd359d1bf303\"},\"headline\":\"Un pays, Un acte: Deux N\u00e8thes !\",\"datePublished\":\"2020-11-24T06:00:00+00:00\",\"mainEntityOfPage\":{\"@id\":\"https:\/\/www.asavar.net\/blog\/2020\/11\/24\/un-pays-un-acte-deux-nethes\/\"},\"wordCount\":1212,\"commentCount\":1,\"publisher\":{\"@id\":\"https:\/\/www.asavar.net\/blog\/#\/schema\/person\/1dac85d1f2ae9333ccd3fd359d1bf303\"},\"image\":{\"@id\":\"https:\/\/www.asavar.net\/blog\/2020\/11\/24\/un-pays-un-acte-deux-nethes\/#primaryimage\"},\"thumbnailUrl\":\"https:\/\/www.asavar.net\/blog\/wp-content\/uploads\/2020\/11\/titre-3.png\",\"keywords\":[\"#challengeAZ\"],\"articleSection\":[\"G\u00e9n\u00e9alogie\"],\"inLanguage\":\"fr-FR\",\"potentialAction\":[{\"@type\":\"CommentAction\",\"name\":\"Comment\",\"target\":[\"https:\/\/www.asavar.net\/blog\/2020\/11\/24\/un-pays-un-acte-deux-nethes\/#respond\"]}]},{\"@type\":\"WebPage\",\"@id\":\"https:\/\/www.asavar.net\/blog\/2020\/11\/24\/un-pays-un-acte-deux-nethes\/\",\"url\":\"https:\/\/www.asavar.net\/blog\/2020\/11\/24\/un-pays-un-acte-deux-nethes\/\",\"name\":\"Un pays, Un acte: Deux N\u00e8thes ! - Le vide-grenier d&#039;Asavar\",\"isPartOf\":{\"@id\":\"https:\/\/www.asavar.net\/blog\/#website\"},\"primaryImageOfPage\":{\"@id\":\"https:\/\/www.asavar.net\/blog\/2020\/11\/24\/un-pays-un-acte-deux-nethes\/#primaryimage\"},\"image\":{\"@id\":\"https:\/\/www.asavar.net\/blog\/2020\/11\/24\/un-pays-un-acte-deux-nethes\/#primaryimage\"},\"thumbnailUrl\":\"https:\/\/www.asavar.net\/blog\/wp-content\/uploads\/2020\/11\/titre-3.png\",\"datePublished\":\"2020-11-24T06:00:00+00:00\",\"description\":\"U comme Unique : Un seul acte dans dans un seul pays. Nous voici partis dans les Deux N\u00e8thes ! C'est quoi ? C'est o\u00f9 ? d\u00e9couvrons le !\",\"inLanguage\":\"fr-FR\",\"potentialAction\":[{\"@type\":\"ReadAction\",\"target\":[\"https:\/\/www.asavar.net\/blog\/2020\/11\/24\/un-pays-un-acte-deux-nethes\/\"]}]},{\"@type\":\"ImageObject\",\"inLanguage\":\"fr-FR\",\"@id\":\"https:\/\/www.asavar.net\/blog\/2020\/11\/24\/un-pays-un-acte-deux-nethes\/#primaryimage\",\"url\":\"https:\/\/www.asavar.net\/blog\/wp-content\/uploads\/2020\/11\/titre-3.png\",\"contentUrl\":\"https:\/\/www.asavar.net\/blog\/wp-content\/uploads\/2020\/11\/titre-3.png\",\"width\":1284,\"height\":375,\"caption\":\"U : Les deux N\u00e8thes\"},{\"@type\":\"WebSite\",\"@id\":\"https:\/\/www.asavar.net\/blog\/#website\",\"url\":\"https:\/\/www.asavar.net\/blog\/\",\"name\":\"Le vide-grenier d&#039;Asavar\",\"description\":\"Virtuel mais pas forc\u00e9ment poussi\u00e9reux\",\"publisher\":{\"@id\":\"https:\/\/www.asavar.net\/blog\/#\/schema\/person\/1dac85d1f2ae9333ccd3fd359d1bf303\"},\"potentialAction\":[{\"@type\":\"SearchAction\",\"target\":{\"@type\":\"EntryPoint\",\"urlTemplate\":\"https:\/\/www.asavar.net\/blog\/?s={search_term_string}\"},\"query-input\":{\"@type\":\"PropertyValueSpecification\",\"valueRequired\":true,\"valueName\":\"search_term_string\"}}],\"inLanguage\":\"fr-FR\"},{\"@type\":[\"Person\",\"Organization\"],\"@id\":\"https:\/\/www.asavar.net\/blog\/#\/schema\/person\/1dac85d1f2ae9333ccd3fd359d1bf303\",\"name\":\"Asavar\",\"image\":{\"@type\":\"ImageObject\",\"inLanguage\":\"fr-FR\",\"@id\":\"https:\/\/www.asavar.net\/blog\/#\/schema\/person\/image\/\",\"url\":\"https:\/\/secure.gravatar.com\/avatar\/417bd47d3e1676e2b0d7c39b2ef87304659819698adabc98296ebe9b659a0e21?s=96&d=wavatar&r=g\",\"contentUrl\":\"https:\/\/secure.gravatar.com\/avatar\/417bd47d3e1676e2b0d7c39b2ef87304659819698adabc98296ebe9b659a0e21?s=96&d=wavatar&r=g\",\"caption\":\"Asavar\"},\"logo\":{\"@id\":\"https:\/\/www.asavar.net\/blog\/#\/schema\/person\/image\/\"},\"sameAs\":[\"http:\/\/www.asavar.net\"]}]}<\/script>\n<!-- \/ Yoast SEO plugin. -->","yoast_head_json":{"title":"Un pays, Un acte: Deux N\u00e8thes ! - Le vide-grenier d&#039;Asavar","description":"U comme Unique : Un seul acte dans dans un seul pays. Nous voici partis dans les Deux N\u00e8thes ! C'est quoi ? C'est o\u00f9 ? d\u00e9couvrons le !","robots":{"index":"index","follow":"follow","max-snippet":"max-snippet:-1","max-image-preview":"max-image-preview:large","max-video-preview":"max-video-preview:-1"},"canonical":"https:\/\/www.asavar.net\/blog\/2020\/11\/24\/un-pays-un-acte-deux-nethes\/","og_locale":"fr_FR","og_type":"article","og_title":"Un pays, Un acte: Deux N\u00e8thes ! - Le vide-grenier d&#039;Asavar","og_description":"U comme Unique : Un seul acte dans dans un seul pays. Nous voici partis dans les Deux N\u00e8thes ! C'est quoi ? C'est o\u00f9 ? d\u00e9couvrons le !","og_url":"https:\/\/www.asavar.net\/blog\/2020\/11\/24\/un-pays-un-acte-deux-nethes\/","og_site_name":"Le vide-grenier d&#039;Asavar","article_published_time":"2020-11-24T06:00:00+00:00","og_image":[{"width":1284,"height":375,"url":"https:\/\/www.asavar.net\/blog\/wp-content\/uploads\/2020\/11\/titre-3.png","type":"image\/png"}],"author":"Asavar","twitter_card":"summary_large_image","twitter_creator":"@vmarty","twitter_site":"@vmarty","twitter_misc":{"\u00c9crit par":"Asavar","Dur\u00e9e de lecture estim\u00e9e":"6 minutes"},"schema":{"@context":"https:\/\/schema.org","@graph":[{"@type":"Article","@id":"https:\/\/www.asavar.net\/blog\/2020\/11\/24\/un-pays-un-acte-deux-nethes\/#article","isPartOf":{"@id":"https:\/\/www.asavar.net\/blog\/2020\/11\/24\/un-pays-un-acte-deux-nethes\/"},"author":{"name":"Asavar","@id":"https:\/\/www.asavar.net\/blog\/#\/schema\/person\/1dac85d1f2ae9333ccd3fd359d1bf303"},"headline":"Un pays, Un acte: Deux N\u00e8thes !","datePublished":"2020-11-24T06:00:00+00:00","mainEntityOfPage":{"@id":"https:\/\/www.asavar.net\/blog\/2020\/11\/24\/un-pays-un-acte-deux-nethes\/"},"wordCount":1212,"commentCount":1,"publisher":{"@id":"https:\/\/www.asavar.net\/blog\/#\/schema\/person\/1dac85d1f2ae9333ccd3fd359d1bf303"},"image":{"@id":"https:\/\/www.asavar.net\/blog\/2020\/11\/24\/un-pays-un-acte-deux-nethes\/#primaryimage"},"thumbnailUrl":"https:\/\/www.asavar.net\/blog\/wp-content\/uploads\/2020\/11\/titre-3.png","keywords":["#challengeAZ"],"articleSection":["G\u00e9n\u00e9alogie"],"inLanguage":"fr-FR","potentialAction":[{"@type":"CommentAction","name":"Comment","target":["https:\/\/www.asavar.net\/blog\/2020\/11\/24\/un-pays-un-acte-deux-nethes\/#respond"]}]},{"@type":"WebPage","@id":"https:\/\/www.asavar.net\/blog\/2020\/11\/24\/un-pays-un-acte-deux-nethes\/","url":"https:\/\/www.asavar.net\/blog\/2020\/11\/24\/un-pays-un-acte-deux-nethes\/","name":"Un pays, Un acte: Deux N\u00e8thes ! - Le vide-grenier d&#039;Asavar","isPartOf":{"@id":"https:\/\/www.asavar.net\/blog\/#website"},"primaryImageOfPage":{"@id":"https:\/\/www.asavar.net\/blog\/2020\/11\/24\/un-pays-un-acte-deux-nethes\/#primaryimage"},"image":{"@id":"https:\/\/www.asavar.net\/blog\/2020\/11\/24\/un-pays-un-acte-deux-nethes\/#primaryimage"},"thumbnailUrl":"https:\/\/www.asavar.net\/blog\/wp-content\/uploads\/2020\/11\/titre-3.png","datePublished":"2020-11-24T06:00:00+00:00","description":"U comme Unique : Un seul acte dans dans un seul pays. Nous voici partis dans les Deux N\u00e8thes ! C'est quoi ? C'est o\u00f9 ? d\u00e9couvrons le !","inLanguage":"fr-FR","potentialAction":[{"@type":"ReadAction","target":["https:\/\/www.asavar.net\/blog\/2020\/11\/24\/un-pays-un-acte-deux-nethes\/"]}]},{"@type":"ImageObject","inLanguage":"fr-FR","@id":"https:\/\/www.asavar.net\/blog\/2020\/11\/24\/un-pays-un-acte-deux-nethes\/#primaryimage","url":"https:\/\/www.asavar.net\/blog\/wp-content\/uploads\/2020\/11\/titre-3.png","contentUrl":"https:\/\/www.asavar.net\/blog\/wp-content\/uploads\/2020\/11\/titre-3.png","width":1284,"height":375,"caption":"U : Les deux N\u00e8thes"},{"@type":"WebSite","@id":"https:\/\/www.asavar.net\/blog\/#website","url":"https:\/\/www.asavar.net\/blog\/","name":"Le vide-grenier d&#039;Asavar","description":"Virtuel mais pas forc\u00e9ment poussi\u00e9reux","publisher":{"@id":"https:\/\/www.asavar.net\/blog\/#\/schema\/person\/1dac85d1f2ae9333ccd3fd359d1bf303"},"potentialAction":[{"@type":"SearchAction","target":{"@type":"EntryPoint","urlTemplate":"https:\/\/www.asavar.net\/blog\/?s={search_term_string}"},"query-input":{"@type":"PropertyValueSpecification","valueRequired":true,"valueName":"search_term_string"}}],"inLanguage":"fr-FR"},{"@type":["Person","Organization"],"@id":"https:\/\/www.asavar.net\/blog\/#\/schema\/person\/1dac85d1f2ae9333ccd3fd359d1bf303","name":"Asavar","image":{"@type":"ImageObject","inLanguage":"fr-FR","@id":"https:\/\/www.asavar.net\/blog\/#\/schema\/person\/image\/","url":"https:\/\/secure.gravatar.com\/avatar\/417bd47d3e1676e2b0d7c39b2ef87304659819698adabc98296ebe9b659a0e21?s=96&d=wavatar&r=g","contentUrl":"https:\/\/secure.gravatar.com\/avatar\/417bd47d3e1676e2b0d7c39b2ef87304659819698adabc98296ebe9b659a0e21?s=96&d=wavatar&r=g","caption":"Asavar"},"logo":{"@id":"https:\/\/www.asavar.net\/blog\/#\/schema\/person\/image\/"},"sameAs":["http:\/\/www.asavar.net"]}]}},"jetpack_publicize_connections":[],"jetpack_featured_media_url":"https:\/\/www.asavar.net\/blog\/wp-content\/uploads\/2020\/11\/titre-3.png","jetpack_shortlink":"https:\/\/wp.me\/pkpG2-xp","jetpack_likes_enabled":true,"jetpack-related-posts":[],"jetpack_sharing_enabled":true,"_links":{"self":[{"href":"https:\/\/www.asavar.net\/blog\/wp-json\/wp\/v2\/posts\/2071","targetHints":{"allow":["GET"]}}],"collection":[{"href":"https:\/\/www.asavar.net\/blog\/wp-json\/wp\/v2\/posts"}],"about":[{"href":"https:\/\/www.asavar.net\/blog\/wp-json\/wp\/v2\/types\/post"}],"author":[{"embeddable":true,"href":"https:\/\/www.asavar.net\/blog\/wp-json\/wp\/v2\/users\/2"}],"replies":[{"embeddable":true,"href":"https:\/\/www.asavar.net\/blog\/wp-json\/wp\/v2\/comments?post=2071"}],"version-history":[{"count":15,"href":"https:\/\/www.asavar.net\/blog\/wp-json\/wp\/v2\/posts\/2071\/revisions"}],"predecessor-version":[{"id":3091,"href":"https:\/\/www.asavar.net\/blog\/wp-json\/wp\/v2\/posts\/2071\/revisions\/3091"}],"wp:featuredmedia":[{"embeddable":true,"href":"https:\/\/www.asavar.net\/blog\/wp-json\/wp\/v2\/media\/3088"}],"wp:attachment":[{"href":"https:\/\/www.asavar.net\/blog\/wp-json\/wp\/v2\/media?parent=2071"}],"wp:term":[{"taxonomy":"category","embeddable":true,"href":"https:\/\/www.asavar.net\/blog\/wp-json\/wp\/v2\/categories?post=2071"},{"taxonomy":"post_tag","embeddable":true,"href":"https:\/\/www.asavar.net\/blog\/wp-json\/wp\/v2\/tags?post=2071"}],"curies":[{"name":"wp","href":"https:\/\/api.w.org\/{rel}","templated":true}]}}