{"id":2073,"date":"2020-11-25T07:00:00","date_gmt":"2020-11-25T06:00:00","guid":{"rendered":"https:\/\/www.asavar.net\/blog\/?p=2073"},"modified":"2020-11-18T01:26:15","modified_gmt":"2020-11-18T00:26:15","slug":"vorges-via-un-voyage-virtuel-etape-du-v","status":"publish","type":"post","link":"https:\/\/www.asavar.net\/blog\/2020\/11\/25\/vorges-via-un-voyage-virtuel-etape-du-v\/","title":{"rendered":"Vorges via un voyage virtuel : Etape du V !"},"content":{"rendered":"\n<h3 class=\"wp-block-heading\">Vorges &#8211; Aisne<\/h3>\n\n\n\n<p>Voyage plein sud pour cette nouvelle \u00e9tape, apr\u00e8s 181 km de voyage (\u00e0 vol d&rsquo;oiseau), je vous ai amen\u00e9, \u00e0 Vorges, tout pr\u00e8s de Laon.<\/p>\n\n\n\n<p>Situ\u00e9e dans le bassin de l&rsquo;Ailette, juste au pied du plateau s\u00e9parant Laon de Soissons, Vorges est une commune au coeur de ma g\u00e9n\u00e9alogie. Entour\u00e9e par Bruy\u00e8res-et-Montberault, Laon et Presles-et-Thierny, nul doute que nous allons retrouver des patronymes communs \u00e0 toutes ces communes.<\/p>\n\n\n\n<figure class=\"wp-block-image size-large\"><a href=\"https:\/\/www.asavar.net\/blog\/wp-content\/uploads\/2020\/11\/Carte-Vorges-2.png\"><img loading=\"lazy\" decoding=\"async\" width=\"1024\" height=\"705\" src=\"https:\/\/www.asavar.net\/blog\/wp-content\/uploads\/2020\/11\/Carte-Vorges-2-1024x705.png\" alt=\"Carte Vorges\" class=\"wp-image-3094\" srcset=\"https:\/\/www.asavar.net\/blog\/wp-content\/uploads\/2020\/11\/Carte-Vorges-2-1024x705.png 1024w, https:\/\/www.asavar.net\/blog\/wp-content\/uploads\/2020\/11\/Carte-Vorges-2-300x207.png 300w, https:\/\/www.asavar.net\/blog\/wp-content\/uploads\/2020\/11\/Carte-Vorges-2-768x529.png 768w, https:\/\/www.asavar.net\/blog\/wp-content\/uploads\/2020\/11\/Carte-Vorges-2-1536x1058.png 1536w, https:\/\/www.asavar.net\/blog\/wp-content\/uploads\/2020\/11\/Carte-Vorges-2-640x441.png 640w, https:\/\/www.asavar.net\/blog\/wp-content\/uploads\/2020\/11\/Carte-Vorges-2.png 1612w\" sizes=\"auto, (max-width: 1024px) 100vw, 1024px\" \/><\/a><figcaption>Carte produite avec Umap et OpenstreetMap<\/figcaption><\/figure>\n\n\n\n<h5 class=\"wp-block-heading\">Quelques lignes sur l&rsquo;histoire de Vorges<\/h5>\n\n\n\n<p>On trouve mention de Vorges d\u00e9s le 10<sup>\u00e8me<\/sup> si\u00e8cle, dans les po\u00e8mes de d&rsquo;<a href=\"https:\/\/fr.wikipedia.org\/wiki\/Adalb\u00e9ron_de_Laon\" target=\"_blank\" rel=\"noreferrer noopener\">Adalb\u00e9ron de Laon<\/a>. Ev\u00e8que de Laon de 977 \u00e0 1030, nomm\u00e9 par Lothaire, roi Carolingien, il \u00e9tait aussi nomm\u00e9 Ascelin.<br>Vorges y est d\u00e9crite comme une r\u00e9sidence rurale des \u00e9v\u00eaques de Laon.<\/p>\n\n\n\n<p>Au 12<sup>\u00e8me<\/sup> si\u00e8cle, la commune s&rsquo;\u00e9mancipe de l&rsquo;\u00e9v\u00each\u00e9 (avec le soutien du roi) et va, avec les communes voisines, participer \u00e0 l&rsquo;entretien des d\u00e9fenses (remparts ..). Elle obtiendra ensuite l&rsquo;autorisation de fortifier son \u00e9glise.<\/p>\n\n\n\n<p>En 1883 et en 1972, des fouilles arch\u00e9ologiques ont mis au jour une n\u00e9cropole m\u00e9rovingienne. Des sarcophages et des st\u00e8les sont d\u00e9sormais visibles dans l&rsquo;\u00e9glise, alors que les bijoux sont eux expos\u00e9s au mus\u00e9e de Laon.<\/p>\n\n\n\n<div class=\"wp-block-jetpack-tiled-gallery aligncenter is-style-rectangular\"><div class=\"tiled-gallery__gallery\"><div class=\"tiled-gallery__row\"><div class=\"tiled-gallery__col\" style=\"flex-basis:66.82316118935837%\"><figure class=\"tiled-gallery__item\"><a href=\"https:\/\/i1.wp.com\/www.asavar.net\/blog\/wp-content\/uploads\/2020\/11\/IMG_20160505_165336-scaled.jpg?ssl=1\"><img decoding=\"async\" srcset=\"https:\/\/i1.wp.com\/www.asavar.net\/blog\/wp-content\/uploads\/2020\/11\/IMG_20160505_165336-scaled.jpg?strip=info&#038;w=600&#038;ssl=1 600w,https:\/\/i1.wp.com\/www.asavar.net\/blog\/wp-content\/uploads\/2020\/11\/IMG_20160505_165336-scaled.jpg?strip=info&#038;w=900&#038;ssl=1 900w,https:\/\/i1.wp.com\/www.asavar.net\/blog\/wp-content\/uploads\/2020\/11\/IMG_20160505_165336-scaled.jpg?strip=info&#038;w=1200&#038;ssl=1 1200w,https:\/\/i1.wp.com\/www.asavar.net\/blog\/wp-content\/uploads\/2020\/11\/IMG_20160505_165336-scaled.jpg?strip=info&#038;w=1500&#038;ssl=1 1500w,https:\/\/i1.wp.com\/www.asavar.net\/blog\/wp-content\/uploads\/2020\/11\/IMG_20160505_165336-scaled.jpg?strip=info&#038;w=1800&#038;ssl=1 1800w,https:\/\/i1.wp.com\/www.asavar.net\/blog\/wp-content\/uploads\/2020\/11\/IMG_20160505_165336-scaled.jpg?strip=info&#038;w=2000&#038;ssl=1 2000w\" alt=\"Cimeti\u00e8re m\u00e9rovingien \" data-height=\"1920\" data-id=\"3101\" data-link=\"https:\/\/www.asavar.net\/blog\/?attachment_id=3101#main\" data-url=\"https:\/\/www.asavar.net\/blog\/wp-content\/uploads\/2020\/11\/IMG_20160505_165336-scaled.jpg\" data-width=\"2560\" src=\"https:\/\/i1.wp.com\/www.asavar.net\/blog\/wp-content\/uploads\/2020\/11\/IMG_20160505_165336-scaled.jpg?ssl=1\" layout=\"responsive\"\/><\/a><\/figure><\/div><div class=\"tiled-gallery__col\" style=\"flex-basis:33.17683881064162%\"><figure class=\"tiled-gallery__item\"><a href=\"https:\/\/i2.wp.com\/www.asavar.net\/blog\/wp-content\/uploads\/2020\/11\/IMG_20160505_165255-scaled.jpg?ssl=1\"><img decoding=\"async\" srcset=\"https:\/\/i2.wp.com\/www.asavar.net\/blog\/wp-content\/uploads\/2020\/11\/IMG_20160505_165255-scaled.jpg?strip=info&#038;w=600&#038;ssl=1 600w,https:\/\/i2.wp.com\/www.asavar.net\/blog\/wp-content\/uploads\/2020\/11\/IMG_20160505_165255-scaled.jpg?strip=info&#038;w=900&#038;ssl=1 900w,https:\/\/i2.wp.com\/www.asavar.net\/blog\/wp-content\/uploads\/2020\/11\/IMG_20160505_165255-scaled.jpg?strip=info&#038;w=1200&#038;ssl=1 1200w,https:\/\/i2.wp.com\/www.asavar.net\/blog\/wp-content\/uploads\/2020\/11\/IMG_20160505_165255-scaled.jpg?strip=info&#038;w=1500&#038;ssl=1 1500w,https:\/\/i2.wp.com\/www.asavar.net\/blog\/wp-content\/uploads\/2020\/11\/IMG_20160505_165255-scaled.jpg?strip=info&#038;w=1800&#038;ssl=1 1800w,https:\/\/i2.wp.com\/www.asavar.net\/blog\/wp-content\/uploads\/2020\/11\/IMG_20160505_165255-scaled.jpg?strip=info&#038;w=2000&#038;ssl=1 2000w\" alt=\"Cimeti\u00e8re m\u00e9rovingien \" data-height=\"1920\" data-id=\"3102\" data-link=\"https:\/\/www.asavar.net\/blog\/?attachment_id=3102#main\" data-url=\"https:\/\/www.asavar.net\/blog\/wp-content\/uploads\/2020\/11\/IMG_20160505_165255-scaled.jpg\" data-width=\"2560\" src=\"https:\/\/i2.wp.com\/www.asavar.net\/blog\/wp-content\/uploads\/2020\/11\/IMG_20160505_165255-scaled.jpg?ssl=1\" layout=\"responsive\"\/><\/a><\/figure><figure class=\"tiled-gallery__item\"><a href=\"https:\/\/i0.wp.com\/www.asavar.net\/blog\/wp-content\/uploads\/2020\/11\/IMG_20160505_165251-scaled.jpg?ssl=1\"><img decoding=\"async\" srcset=\"https:\/\/i0.wp.com\/www.asavar.net\/blog\/wp-content\/uploads\/2020\/11\/IMG_20160505_165251-scaled.jpg?strip=info&#038;w=600&#038;ssl=1 600w,https:\/\/i0.wp.com\/www.asavar.net\/blog\/wp-content\/uploads\/2020\/11\/IMG_20160505_165251-scaled.jpg?strip=info&#038;w=900&#038;ssl=1 900w,https:\/\/i0.wp.com\/www.asavar.net\/blog\/wp-content\/uploads\/2020\/11\/IMG_20160505_165251-scaled.jpg?strip=info&#038;w=1200&#038;ssl=1 1200w,https:\/\/i0.wp.com\/www.asavar.net\/blog\/wp-content\/uploads\/2020\/11\/IMG_20160505_165251-scaled.jpg?strip=info&#038;w=1500&#038;ssl=1 1500w,https:\/\/i0.wp.com\/www.asavar.net\/blog\/wp-content\/uploads\/2020\/11\/IMG_20160505_165251-scaled.jpg?strip=info&#038;w=1800&#038;ssl=1 1800w,https:\/\/i0.wp.com\/www.asavar.net\/blog\/wp-content\/uploads\/2020\/11\/IMG_20160505_165251-scaled.jpg?strip=info&#038;w=2000&#038;ssl=1 2000w\" alt=\"Cimeti\u00e8re m\u00e9rovingien \" data-height=\"1920\" data-id=\"3103\" data-link=\"https:\/\/www.asavar.net\/blog\/?attachment_id=3103#main\" data-url=\"https:\/\/www.asavar.net\/blog\/wp-content\/uploads\/2020\/11\/IMG_20160505_165251-scaled.jpg\" data-width=\"2560\" src=\"https:\/\/i0.wp.com\/www.asavar.net\/blog\/wp-content\/uploads\/2020\/11\/IMG_20160505_165251-scaled.jpg?ssl=1\" layout=\"responsive\"\/><\/a><\/figure><\/div><\/div><div class=\"tiled-gallery__row\"><div class=\"tiled-gallery__col\" style=\"flex-basis:100%\"><figure class=\"tiled-gallery__item\"><a href=\"https:\/\/i1.wp.com\/www.asavar.net\/blog\/wp-content\/uploads\/2020\/11\/IMG_20160505_165213-scaled.jpg?ssl=1\"><img decoding=\"async\" srcset=\"https:\/\/i1.wp.com\/www.asavar.net\/blog\/wp-content\/uploads\/2020\/11\/IMG_20160505_165213-scaled.jpg?strip=info&#038;w=600&#038;ssl=1 600w,https:\/\/i1.wp.com\/www.asavar.net\/blog\/wp-content\/uploads\/2020\/11\/IMG_20160505_165213-scaled.jpg?strip=info&#038;w=900&#038;ssl=1 900w,https:\/\/i1.wp.com\/www.asavar.net\/blog\/wp-content\/uploads\/2020\/11\/IMG_20160505_165213-scaled.jpg?strip=info&#038;w=1200&#038;ssl=1 1200w,https:\/\/i1.wp.com\/www.asavar.net\/blog\/wp-content\/uploads\/2020\/11\/IMG_20160505_165213-scaled.jpg?strip=info&#038;w=1500&#038;ssl=1 1500w,https:\/\/i1.wp.com\/www.asavar.net\/blog\/wp-content\/uploads\/2020\/11\/IMG_20160505_165213-scaled.jpg?strip=info&#038;w=1800&#038;ssl=1 1800w,https:\/\/i1.wp.com\/www.asavar.net\/blog\/wp-content\/uploads\/2020\/11\/IMG_20160505_165213-scaled.jpg?strip=info&#038;w=2000&#038;ssl=1 2000w\" alt=\"Cimeti\u00e8re m\u00e9rovingien \" data-height=\"1920\" data-id=\"3104\" data-link=\"https:\/\/www.asavar.net\/blog\/?attachment_id=3104#main\" data-url=\"https:\/\/www.asavar.net\/blog\/wp-content\/uploads\/2020\/11\/IMG_20160505_165213-scaled.jpg\" data-width=\"2560\" src=\"https:\/\/i1.wp.com\/www.asavar.net\/blog\/wp-content\/uploads\/2020\/11\/IMG_20160505_165213-scaled.jpg?ssl=1\" layout=\"responsive\"\/><\/a><\/figure><\/div><\/div><\/div><\/div>\n\n\n\n<p>Vorges a longtemps \u00e9t\u00e9 un village viticole, je compte quelques vignerons dans mes anc\u00eatres. <\/p>\n\n\n\n<p>Vorges sera presque enti\u00e8rement d\u00e9truite pendant la 1<sup>\u00e8re<\/sup> guerre mondiale.<\/p>\n\n\n\n<h5 class=\"wp-block-heading\">La d\u00e9mographie<\/h5>\n\n\n\n<p>Vorges pr\u00e9sente une d\u00e9mographie stabilis\u00e9e depuis la deuxi\u00e8me moiti\u00e9 du 20\u00e8me si\u00e8cle. Sa population est estim\u00e9e \u00e0 370 habitants lors du dernier recensement (2017). La population de Vorges a connu un pic lors du recensement de 1841 avec 540 habitants pour ensuite d\u00e9croitre r\u00e9guli\u00e8rement.<\/p>\n\n\n\n<p class=\"has-small-font-size\">Source : Wikip\u00e9dia, le site de la commune, le g\u00e9n\u00e9awiki de Vorges et un site d&rsquo;information.<\/p>\n\n\n\n<h4 class=\"wp-block-heading\">Vorges et mes anc\u00eatres<\/h4>\n\n\n\n<p>Vorges aura donn\u00e9 lieu \u00e0 une trentaine d&rsquo;\u00e9v\u00e9nements g\u00e9n\u00e9alogiques sur nos SOSA. Ces \u00e9v\u00e9nements se r\u00e9partissent sur 8 patronymes diff\u00e9rents.<br>On peut en trouver la liste ci-dessous.<\/p>\n\n\n\n<ul class=\"wp-block-list\"><li>CARLIER<\/li><li>DAIN \/ OUDIN<\/li><li>GOGART<\/li><li>GUILLAUME<\/li><li>HOUSSART<\/li><li>HOUSSET<\/li><li>MAREE<\/li><li>MASCON<\/li><\/ul>\n\n\n\n<p>La plage de dates concernant ces \u00e9v\u00e9nements s&rsquo;\u00e9tant \u00e0 l&rsquo;heure actuelle entre 1670 et 1822. Elle comprend donc tant des \u00e9v\u00e9nements paroissiaux que des \u00e9v\u00e9nements extraits de l&rsquo;\u00e9tat civil. Il faut noter que les registres de Vorges d\u00e9marrent \u00e0 partir de l&rsquo;ann\u00e9e 1668. J&rsquo;ai bien trouv\u00e9 des naissances pr\u00e9alables \u00e0 cette ann\u00e9e, mais elles ne resteront que des suppositions.<\/p>\n\n\n\n<p>L&rsquo;\u00e9glise o\u00f9 se sont certainement d\u00e9roul\u00e9s la plupart de ces \u00e9v\u00e9nements est l&rsquo;\u00e9glise Saint Jean Baptiste.<\/p>\n\n\n\n<p>En voici quelques photos extraites de ma collection personnelle.<\/p>\n\n\n\n<div class=\"wp-block-jetpack-tiled-gallery aligncenter is-style-rectangular\"><div class=\"tiled-gallery__gallery\"><div class=\"tiled-gallery__row\"><div class=\"tiled-gallery__col\" style=\"flex-basis:63.94865023474179%\"><figure class=\"tiled-gallery__item\"><a href=\"https:\/\/i0.wp.com\/www.asavar.net\/blog\/wp-content\/uploads\/2020\/11\/IMG_20160505_164620-scaled.jpg?ssl=1\"><img decoding=\"async\" srcset=\"https:\/\/i0.wp.com\/www.asavar.net\/blog\/wp-content\/uploads\/2020\/11\/IMG_20160505_164620-scaled.jpg?strip=info&#038;w=600&#038;ssl=1 600w,https:\/\/i0.wp.com\/www.asavar.net\/blog\/wp-content\/uploads\/2020\/11\/IMG_20160505_164620-scaled.jpg?strip=info&#038;w=900&#038;ssl=1 900w,https:\/\/i0.wp.com\/www.asavar.net\/blog\/wp-content\/uploads\/2020\/11\/IMG_20160505_164620-scaled.jpg?strip=info&#038;w=1200&#038;ssl=1 1200w,https:\/\/i0.wp.com\/www.asavar.net\/blog\/wp-content\/uploads\/2020\/11\/IMG_20160505_164620-scaled.jpg?strip=info&#038;w=1500&#038;ssl=1 1500w,https:\/\/i0.wp.com\/www.asavar.net\/blog\/wp-content\/uploads\/2020\/11\/IMG_20160505_164620-scaled.jpg?strip=info&#038;w=1800&#038;ssl=1 1800w,https:\/\/i0.wp.com\/www.asavar.net\/blog\/wp-content\/uploads\/2020\/11\/IMG_20160505_164620-scaled.jpg?strip=info&#038;w=2000&#038;ssl=1 2000w\" alt=\"Eglise Saint Jean Baptiste de Vorges\" data-height=\"1920\" data-id=\"3095\" data-link=\"https:\/\/www.asavar.net\/blog\/?attachment_id=3095#main\" data-url=\"https:\/\/www.asavar.net\/blog\/wp-content\/uploads\/2020\/11\/IMG_20160505_164620-scaled.jpg\" data-width=\"2560\" src=\"https:\/\/i0.wp.com\/www.asavar.net\/blog\/wp-content\/uploads\/2020\/11\/IMG_20160505_164620-scaled.jpg?ssl=1\" layout=\"responsive\"\/><\/a><\/figure><\/div><div class=\"tiled-gallery__col\" style=\"flex-basis:36.05134976525821%\"><figure class=\"tiled-gallery__item\"><a href=\"https:\/\/i1.wp.com\/www.asavar.net\/blog\/wp-content\/uploads\/2020\/11\/IMG_20160505_165015-scaled.jpg?ssl=1\"><img decoding=\"async\" srcset=\"https:\/\/i1.wp.com\/www.asavar.net\/blog\/wp-content\/uploads\/2020\/11\/IMG_20160505_165015-scaled.jpg?strip=info&#038;w=600&#038;ssl=1 600w,https:\/\/i1.wp.com\/www.asavar.net\/blog\/wp-content\/uploads\/2020\/11\/IMG_20160505_165015-scaled.jpg?strip=info&#038;w=900&#038;ssl=1 900w,https:\/\/i1.wp.com\/www.asavar.net\/blog\/wp-content\/uploads\/2020\/11\/IMG_20160505_165015-scaled.jpg?strip=info&#038;w=1200&#038;ssl=1 1200w,https:\/\/i1.wp.com\/www.asavar.net\/blog\/wp-content\/uploads\/2020\/11\/IMG_20160505_165015-scaled.jpg?strip=info&#038;w=1500&#038;ssl=1 1500w,https:\/\/i1.wp.com\/www.asavar.net\/blog\/wp-content\/uploads\/2020\/11\/IMG_20160505_165015-scaled.jpg?strip=info&#038;w=1800&#038;ssl=1 1800w,https:\/\/i1.wp.com\/www.asavar.net\/blog\/wp-content\/uploads\/2020\/11\/IMG_20160505_165015-scaled.jpg?strip=info&#038;w=1920&#038;ssl=1 1920w\" alt=\"Eglise Saint Jean Baptiste de Vorges\" data-height=\"2560\" data-id=\"3096\" data-link=\"https:\/\/www.asavar.net\/blog\/?attachment_id=3096#main\" data-url=\"https:\/\/www.asavar.net\/blog\/wp-content\/uploads\/2020\/11\/IMG_20160505_165015-scaled.jpg\" data-width=\"1920\" src=\"https:\/\/i1.wp.com\/www.asavar.net\/blog\/wp-content\/uploads\/2020\/11\/IMG_20160505_165015-scaled.jpg?ssl=1\" layout=\"responsive\"\/><\/a><\/figure><\/div><\/div><div class=\"tiled-gallery__row\"><div class=\"tiled-gallery__col\" style=\"flex-basis:20.9562742248062%\"><figure class=\"tiled-gallery__item\"><a href=\"https:\/\/i1.wp.com\/www.asavar.net\/blog\/wp-content\/uploads\/2020\/11\/IMG_20160505_165021-scaled.jpg?ssl=1\"><img decoding=\"async\" srcset=\"https:\/\/i1.wp.com\/www.asavar.net\/blog\/wp-content\/uploads\/2020\/11\/IMG_20160505_165021-scaled.jpg?strip=info&#038;w=600&#038;ssl=1 600w,https:\/\/i1.wp.com\/www.asavar.net\/blog\/wp-content\/uploads\/2020\/11\/IMG_20160505_165021-scaled.jpg?strip=info&#038;w=900&#038;ssl=1 900w,https:\/\/i1.wp.com\/www.asavar.net\/blog\/wp-content\/uploads\/2020\/11\/IMG_20160505_165021-scaled.jpg?strip=info&#038;w=1200&#038;ssl=1 1200w,https:\/\/i1.wp.com\/www.asavar.net\/blog\/wp-content\/uploads\/2020\/11\/IMG_20160505_165021-scaled.jpg?strip=info&#038;w=1500&#038;ssl=1 1500w,https:\/\/i1.wp.com\/www.asavar.net\/blog\/wp-content\/uploads\/2020\/11\/IMG_20160505_165021-scaled.jpg?strip=info&#038;w=1800&#038;ssl=1 1800w,https:\/\/i1.wp.com\/www.asavar.net\/blog\/wp-content\/uploads\/2020\/11\/IMG_20160505_165021-scaled.jpg?strip=info&#038;w=1920&#038;ssl=1 1920w\" alt=\"Eglise Saint Jean Baptiste de Vorges\" data-height=\"2560\" data-id=\"3097\" data-link=\"https:\/\/www.asavar.net\/blog\/?attachment_id=3097#main\" data-url=\"https:\/\/www.asavar.net\/blog\/wp-content\/uploads\/2020\/11\/IMG_20160505_165021-scaled.jpg\" data-width=\"1920\" src=\"https:\/\/i1.wp.com\/www.asavar.net\/blog\/wp-content\/uploads\/2020\/11\/IMG_20160505_165021-scaled.jpg?ssl=1\" layout=\"responsive\"\/><\/a><\/figure><\/div><div class=\"tiled-gallery__col\" style=\"flex-basis:20.9562742248062%\"><figure class=\"tiled-gallery__item\"><a href=\"https:\/\/i1.wp.com\/www.asavar.net\/blog\/wp-content\/uploads\/2020\/11\/IMG_20160505_165307-scaled.jpg?ssl=1\"><img decoding=\"async\" srcset=\"https:\/\/i1.wp.com\/www.asavar.net\/blog\/wp-content\/uploads\/2020\/11\/IMG_20160505_165307-scaled.jpg?strip=info&#038;w=600&#038;ssl=1 600w,https:\/\/i1.wp.com\/www.asavar.net\/blog\/wp-content\/uploads\/2020\/11\/IMG_20160505_165307-scaled.jpg?strip=info&#038;w=900&#038;ssl=1 900w,https:\/\/i1.wp.com\/www.asavar.net\/blog\/wp-content\/uploads\/2020\/11\/IMG_20160505_165307-scaled.jpg?strip=info&#038;w=1200&#038;ssl=1 1200w,https:\/\/i1.wp.com\/www.asavar.net\/blog\/wp-content\/uploads\/2020\/11\/IMG_20160505_165307-scaled.jpg?strip=info&#038;w=1500&#038;ssl=1 1500w,https:\/\/i1.wp.com\/www.asavar.net\/blog\/wp-content\/uploads\/2020\/11\/IMG_20160505_165307-scaled.jpg?strip=info&#038;w=1800&#038;ssl=1 1800w,https:\/\/i1.wp.com\/www.asavar.net\/blog\/wp-content\/uploads\/2020\/11\/IMG_20160505_165307-scaled.jpg?strip=info&#038;w=1920&#038;ssl=1 1920w\" alt=\"Eglise Saint Jean Baptiste de Vorges\" data-height=\"2560\" data-id=\"3098\" data-link=\"https:\/\/www.asavar.net\/blog\/?attachment_id=3098#main\" data-url=\"https:\/\/www.asavar.net\/blog\/wp-content\/uploads\/2020\/11\/IMG_20160505_165307-scaled.jpg\" data-width=\"1920\" src=\"https:\/\/i1.wp.com\/www.asavar.net\/blog\/wp-content\/uploads\/2020\/11\/IMG_20160505_165307-scaled.jpg?ssl=1\" layout=\"responsive\"\/><\/a><\/figure><\/div><div class=\"tiled-gallery__col\" style=\"flex-basis:20.9562742248062%\"><figure class=\"tiled-gallery__item\"><a href=\"https:\/\/i0.wp.com\/www.asavar.net\/blog\/wp-content\/uploads\/2020\/11\/IMG_20160505_165343-scaled.jpg?ssl=1\"><img decoding=\"async\" srcset=\"https:\/\/i0.wp.com\/www.asavar.net\/blog\/wp-content\/uploads\/2020\/11\/IMG_20160505_165343-scaled.jpg?strip=info&#038;w=600&#038;ssl=1 600w,https:\/\/i0.wp.com\/www.asavar.net\/blog\/wp-content\/uploads\/2020\/11\/IMG_20160505_165343-scaled.jpg?strip=info&#038;w=900&#038;ssl=1 900w,https:\/\/i0.wp.com\/www.asavar.net\/blog\/wp-content\/uploads\/2020\/11\/IMG_20160505_165343-scaled.jpg?strip=info&#038;w=1200&#038;ssl=1 1200w,https:\/\/i0.wp.com\/www.asavar.net\/blog\/wp-content\/uploads\/2020\/11\/IMG_20160505_165343-scaled.jpg?strip=info&#038;w=1500&#038;ssl=1 1500w,https:\/\/i0.wp.com\/www.asavar.net\/blog\/wp-content\/uploads\/2020\/11\/IMG_20160505_165343-scaled.jpg?strip=info&#038;w=1800&#038;ssl=1 1800w,https:\/\/i0.wp.com\/www.asavar.net\/blog\/wp-content\/uploads\/2020\/11\/IMG_20160505_165343-scaled.jpg?strip=info&#038;w=1920&#038;ssl=1 1920w\" alt=\"Eglise Saint Jean Baptiste de Vorges\" data-height=\"2560\" data-id=\"3099\" data-link=\"https:\/\/www.asavar.net\/blog\/?attachment_id=3099#main\" data-url=\"https:\/\/www.asavar.net\/blog\/wp-content\/uploads\/2020\/11\/IMG_20160505_165343-scaled.jpg\" data-width=\"1920\" src=\"https:\/\/i0.wp.com\/www.asavar.net\/blog\/wp-content\/uploads\/2020\/11\/IMG_20160505_165343-scaled.jpg?ssl=1\" layout=\"responsive\"\/><\/a><\/figure><\/div><div class=\"tiled-gallery__col\" style=\"flex-basis:37.13117732558139%\"><figure class=\"tiled-gallery__item\"><a href=\"https:\/\/i1.wp.com\/www.asavar.net\/blog\/wp-content\/uploads\/2020\/11\/IMG_20160505_165451-scaled.jpg?ssl=1\"><img decoding=\"async\" srcset=\"https:\/\/i1.wp.com\/www.asavar.net\/blog\/wp-content\/uploads\/2020\/11\/IMG_20160505_165451-scaled.jpg?strip=info&#038;w=600&#038;ssl=1 600w,https:\/\/i1.wp.com\/www.asavar.net\/blog\/wp-content\/uploads\/2020\/11\/IMG_20160505_165451-scaled.jpg?strip=info&#038;w=900&#038;ssl=1 900w,https:\/\/i1.wp.com\/www.asavar.net\/blog\/wp-content\/uploads\/2020\/11\/IMG_20160505_165451-scaled.jpg?strip=info&#038;w=1200&#038;ssl=1 1200w,https:\/\/i1.wp.com\/www.asavar.net\/blog\/wp-content\/uploads\/2020\/11\/IMG_20160505_165451-scaled.jpg?strip=info&#038;w=1500&#038;ssl=1 1500w,https:\/\/i1.wp.com\/www.asavar.net\/blog\/wp-content\/uploads\/2020\/11\/IMG_20160505_165451-scaled.jpg?strip=info&#038;w=1800&#038;ssl=1 1800w,https:\/\/i1.wp.com\/www.asavar.net\/blog\/wp-content\/uploads\/2020\/11\/IMG_20160505_165451-scaled.jpg?strip=info&#038;w=2000&#038;ssl=1 2000w\" alt=\"Eglise Saint Jean Baptiste de Vorges\" data-height=\"1920\" data-id=\"3100\" data-link=\"https:\/\/www.asavar.net\/blog\/?attachment_id=3100#main\" data-url=\"https:\/\/www.asavar.net\/blog\/wp-content\/uploads\/2020\/11\/IMG_20160505_165451-scaled.jpg\" data-width=\"2560\" src=\"https:\/\/i1.wp.com\/www.asavar.net\/blog\/wp-content\/uploads\/2020\/11\/IMG_20160505_165451-scaled.jpg?ssl=1\" layout=\"responsive\"\/><\/a><\/figure><\/div><\/div><\/div><\/div>\n\n\n\n<p>Encore mieux que mes photos, je vous invite \u00e0 d\u00e9couvrir cette tr\u00e8s belle vid\u00e9o de l&rsquo;\u00e9glise la nuit.<\/p>\n\n\n\n<figure class=\"wp-block-embed-youtube wp-block-embed is-type-video is-provider-youtube wp-embed-aspect-4-3 wp-has-aspect-ratio\"><div class=\"wp-block-embed__wrapper\">\n<iframe loading=\"lazy\" title=\"Eglise de Vorges la nuit\" width=\"640\" height=\"480\" src=\"https:\/\/www.youtube.com\/embed\/DfZnaHAlXCg?feature=oembed\" frameborder=\"0\" allow=\"accelerometer; autoplay; clipboard-write; encrypted-media; gyroscope; picture-in-picture; web-share\" referrerpolicy=\"strict-origin-when-cross-origin\" allowfullscreen><\/iframe>\n<\/div><figcaption>L&rsquo;\u00e9glise de Vorges film\u00e9e la nuit.<br>Source : Vid\u00e9o mise en ligne par la Mairie de Vorges<\/figcaption><\/figure>\n\n\n\n<h4 class=\"wp-block-heading\">Une anecdote ?<\/h4>\n\n\n\n<p>Pas d\u2019anecdote en tant que telle, mais un tr\u00e8s gros coup de coeur pour le site internet de ce village (et donc pour les gens qui le maintiennent et le font vivre).<\/p>\n\n\n\n<p>J&rsquo;\u00e9tais d\u00e9j\u00e0 tomb\u00e9 amoureux de Vorges, lorsque j&rsquo;y \u00e9tais all\u00e9 faire les photos et visiter l&rsquo;\u00e9glise. Ce jour, pour compl\u00e9ter mon article je suis all\u00e9 visiter <a href=\"https:\/\/vorges.fr\" target=\"_blank\" rel=\"noreferrer noopener\">le site internet de la mairie.<\/a><\/p>\n\n\n\n<p>Assez souvent, il n&rsquo;est pas facile de trouver des renseignements sur le patrimoine, l&rsquo;histoire de la commune, quelle ne fut pas ma surprise, de trouver en haut de page l&rsquo;onglet Histoire et Patrimoine !<br>Mais surtout le bas de page contient un pav\u00e9 \u00ab\u00a0A Savoir\u00a0\u00bb compos\u00e9 d&rsquo;un article sur un artiste d\u00e9c\u00e9d\u00e9 \u00e0 Vorges, un article sur les tables d\u00e9cennales de la commune &#x1f633;&#x1f44d;&#x1f3fb;, un article sur l&rsquo;architecture de l&rsquo;\u00e9glise et un article sur <a href=\"https:\/\/vorges.fr\/histoire-et-patrimoine\/les-personnalites-attachees-a-vorges\/article\/charles-wolf\" target=\"_blank\" rel=\"noreferrer noopener\">Charles Wolf<\/a> n\u00e9 \u00e0 Vorges. <br><\/p>\n\n\n\n<p>Dans l&rsquo;onglet d\u00e9di\u00e9 \u00e0 \u00ab\u00a0Histoire et Patrimoine\u00a0\u00bb, il y a m\u00eame un chapitre d\u00e9di\u00e9 \u00e0 la g\u00e9n\u00e9alogie !!<\/p>\n\n\n\n<p>BRAVO !<\/p>\n\n\n\n<h4 class=\"wp-block-heading\">Qui de nos anc\u00eatres \u00e0 Vorges ?<\/h4>\n\n\n\n<p>Mes anc\u00eatres de Vorges pr\u00e9sentent deux lignes de m\u00e9tiers continues. On peut voir dans l&rsquo;arbre d&rsquo;ascendance ci-dessous, trois grandes lignes : Les DAIN \/ OUDIN, les HOUSSART, les HOUSSET.<\/p>\n\n\n\n<p>Les DAIN sont Meuniers de p\u00e8re en fils, les HOUSSART sont Vignerons.<br>Les HOUSSET semblent \u00e9galement \u00eatre meuniers (mais la ligne est plus courte)<\/p>\n\n\n\n<figure class=\"wp-block-image size-large\"><a href=\"https:\/\/www.asavar.net\/blog\/wp-content\/uploads\/2020\/11\/Arbre-ascendance-Vorges.png\"><img loading=\"lazy\" decoding=\"async\" width=\"1024\" height=\"949\" src=\"https:\/\/www.asavar.net\/blog\/wp-content\/uploads\/2020\/11\/Arbre-ascendance-Vorges-1024x949.png\" alt=\"Arbre ascendance Vorges\" class=\"wp-image-3105\" srcset=\"https:\/\/www.asavar.net\/blog\/wp-content\/uploads\/2020\/11\/Arbre-ascendance-Vorges-1024x949.png 1024w, https:\/\/www.asavar.net\/blog\/wp-content\/uploads\/2020\/11\/Arbre-ascendance-Vorges-300x278.png 300w, https:\/\/www.asavar.net\/blog\/wp-content\/uploads\/2020\/11\/Arbre-ascendance-Vorges-768x712.png 768w, https:\/\/www.asavar.net\/blog\/wp-content\/uploads\/2020\/11\/Arbre-ascendance-Vorges-640x593.png 640w, https:\/\/www.asavar.net\/blog\/wp-content\/uploads\/2020\/11\/Arbre-ascendance-Vorges.png 1482w\" sizes=\"auto, (max-width: 1024px) 100vw, 1024px\" \/><\/a><figcaption>Arbre d&rsquo;ascendance montrant les naissances et bapt\u00eames \u00e0 Vorges (en bleu)<br>Source H\u00e9r\u00e9dis Personnel<\/figcaption><\/figure>\n\n\n\n<p>Comme je vous ai indiqu\u00e9 en d\u00e9but de cet article que Vorges \u00e9tait une commune fort viticole, je vais plut\u00f4t \u00e9voquer avec vous Claude HOUSSART.<\/p>\n\n\n\n<p>N\u00e9 le 29 Aout 1672, \u00e0 Vorges, Claude est le fils de Thomas et de Pierrette MAREE. <\/p>\n\n\n\n<figure class=\"wp-block-image size-large is-style-default\"><a href=\"https:\/\/www.asavar.net\/blog\/wp-content\/uploads\/2020\/11\/Bapteme-Houssart-Claude-1672-Vorges.jpg\"><img loading=\"lazy\" decoding=\"async\" width=\"1024\" height=\"202\" src=\"https:\/\/www.asavar.net\/blog\/wp-content\/uploads\/2020\/11\/Bapteme-Houssart-Claude-1672-Vorges-1024x202.jpg\" alt=\"Bapt\u00eame Claude HOUSSART Vorges\" class=\"wp-image-3108\" srcset=\"https:\/\/www.asavar.net\/blog\/wp-content\/uploads\/2020\/11\/Bapteme-Houssart-Claude-1672-Vorges-1024x202.jpg 1024w, https:\/\/www.asavar.net\/blog\/wp-content\/uploads\/2020\/11\/Bapteme-Houssart-Claude-1672-Vorges-300x59.jpg 300w, https:\/\/www.asavar.net\/blog\/wp-content\/uploads\/2020\/11\/Bapteme-Houssart-Claude-1672-Vorges-768x152.jpg 768w, https:\/\/www.asavar.net\/blog\/wp-content\/uploads\/2020\/11\/Bapteme-Houssart-Claude-1672-Vorges-640x127.jpg 640w, https:\/\/www.asavar.net\/blog\/wp-content\/uploads\/2020\/11\/Bapteme-Houssart-Claude-1672-Vorges.jpg 1330w\" sizes=\"auto, (max-width: 1024px) 100vw, 1024px\" \/><\/a><figcaption>Acte de bapt\u00eame de Claude HOUSSART \u00e0 Vorges<br>Source : Archives d\u00e9partementales de l&rsquo;Aisne<\/figcaption><\/figure>\n\n\n\n<figure class=\"wp-block-image size-large is-style-default\"><a href=\"https:\/\/www.asavar.net\/blog\/wp-content\/uploads\/2020\/11\/Bapteme-Houssart-Claude-1672-Vorges-2.jpg\"><img loading=\"lazy\" decoding=\"async\" width=\"1024\" height=\"406\" src=\"https:\/\/www.asavar.net\/blog\/wp-content\/uploads\/2020\/11\/Bapteme-Houssart-Claude-1672-Vorges-2-1024x406.jpg\" alt=\"Bapt\u00eame Claude HOUSSART\" class=\"wp-image-3109\" srcset=\"https:\/\/www.asavar.net\/blog\/wp-content\/uploads\/2020\/11\/Bapteme-Houssart-Claude-1672-Vorges-2-1024x406.jpg 1024w, https:\/\/www.asavar.net\/blog\/wp-content\/uploads\/2020\/11\/Bapteme-Houssart-Claude-1672-Vorges-2-300x119.jpg 300w, https:\/\/www.asavar.net\/blog\/wp-content\/uploads\/2020\/11\/Bapteme-Houssart-Claude-1672-Vorges-2-768x304.jpg 768w, https:\/\/www.asavar.net\/blog\/wp-content\/uploads\/2020\/11\/Bapteme-Houssart-Claude-1672-Vorges-2-640x254.jpg 640w, https:\/\/www.asavar.net\/blog\/wp-content\/uploads\/2020\/11\/Bapteme-Houssart-Claude-1672-Vorges-2.jpg 1337w\" sizes=\"auto, (max-width: 1024px) 100vw, 1024px\" \/><\/a><figcaption>Acte de Bapt\u00eame Claude HOUSSART (Partie 2)<br>Source : Archives d\u00e9partementale de l&rsquo;Aisne<\/figcaption><\/figure>\n\n\n\n<p>Son parrain est Claude HOUSSART et sa marraine Marie MICHEL. On a fr\u00f4l\u00e9 le combo gagnant Claude HOUSSART, Fils de Claude HOUSSART et dont le parrain est Claude HOUSSART. Heureusement son p\u00e8re est donc Thomas.<\/p>\n\n\n\n<h5 class=\"wp-block-heading\">Dispense ou pas dispense ?<\/h5>\n\n\n\n<p>Il s&rsquo;av\u00e8re toutefois que le parrain n&rsquo;est autre que le futur \u00e9poux de &#8230; la marraine ! En effet Claude HOUSSART \u00e9pousera Marie MICHEL le 15 f\u00e9vrier 1678 soit 6 ans plus tard. Il me semblait que dans ce cas, une dispense \u00e9tait n\u00e9cessaire pour le mariage : La dispense de Comparent\u00e9 dans le cas o\u00f9 les futurs \u00e9poux \u00e9taient Parrain et Marraine d&rsquo;un m\u00eame enfant.<br>J&rsquo;ai rencontr\u00e9 ce cas dans un mariage du Pas de Calais en 1706.<\/p>\n\n\n\n<p>Il est \u00e9galement possible que la profusion de Claude HOUSSART m&rsquo;est induit en erreur ! Car, pour conclure le Parrain a le combo : Il est le fils de Claude et le p\u00e8re d&rsquo;un autre Claude Houssart. (je ne sais pas comment se nommait son parrain &#8230; mais je crains le pire).<\/p>\n\n\n\n<p>Fermons cette parenth\u00e8se et revenons \u00e0 notre &#8230; Claude HOUSSART (Fils de Thomas). Le seul acte dont je dispose concernant Thomas est son acte de s\u00e9pulture. Au del\u00e0 de son \u00e2ge plus que respectable (93 ans), sa profession n&rsquo;est pas indiqu\u00e9e.<\/p>\n\n\n\n<figure class=\"wp-block-image size-large is-style-default\"><a href=\"https:\/\/www.asavar.net\/blog\/wp-content\/uploads\/2020\/11\/Deces-Houssart-Thomas-1731-Vorges.png\"><img loading=\"lazy\" decoding=\"async\" width=\"1024\" height=\"356\" src=\"https:\/\/www.asavar.net\/blog\/wp-content\/uploads\/2020\/11\/Deces-Houssart-Thomas-1731-Vorges-1024x356.png\" alt=\"D\u00e9c\u00e8s Thomas Houssart Vorges\" class=\"wp-image-3111\" srcset=\"https:\/\/www.asavar.net\/blog\/wp-content\/uploads\/2020\/11\/Deces-Houssart-Thomas-1731-Vorges-1024x356.png 1024w, https:\/\/www.asavar.net\/blog\/wp-content\/uploads\/2020\/11\/Deces-Houssart-Thomas-1731-Vorges-300x104.png 300w, https:\/\/www.asavar.net\/blog\/wp-content\/uploads\/2020\/11\/Deces-Houssart-Thomas-1731-Vorges-768x267.png 768w, https:\/\/www.asavar.net\/blog\/wp-content\/uploads\/2020\/11\/Deces-Houssart-Thomas-1731-Vorges-1536x534.png 1536w, https:\/\/www.asavar.net\/blog\/wp-content\/uploads\/2020\/11\/Deces-Houssart-Thomas-1731-Vorges-2048x712.png 2048w, https:\/\/www.asavar.net\/blog\/wp-content\/uploads\/2020\/11\/Deces-Houssart-Thomas-1731-Vorges-640x223.png 640w\" sizes=\"auto, (max-width: 1024px) 100vw, 1024px\" \/><\/a><figcaption>Acte de S\u00e9pulture de Thomas HOUSSART<br>Source : Archives d\u00e9partementales de l&rsquo;Aisne<\/figcaption><\/figure>\n\n\n\n<h5 class=\"wp-block-heading\">Le mariage<\/h5>\n\n\n\n<p>Il nous faut attendre le mariage de Claude, le 23 Janvier 1696 pour connaitre la profession de Thomas. Ce 23 janvier, Claude \u00e9pouse, \u00e0 Vorges, Marie Elisabeth HOUSSET.<\/p>\n\n\n\n<figure class=\"wp-block-image size-large is-style-default\"><a href=\"https:\/\/www.asavar.net\/blog\/wp-content\/uploads\/2020\/11\/Mariage-Houssart-Claude-x-Housset-Marie-Elisabeth-1696-Vorges.png\"><img loading=\"lazy\" decoding=\"async\" width=\"774\" height=\"451\" src=\"https:\/\/www.asavar.net\/blog\/wp-content\/uploads\/2020\/11\/Mariage-Houssart-Claude-x-Housset-Marie-Elisabeth-1696-Vorges.png\" alt=\"Mariage HOUSSART x HOUSSET\" class=\"wp-image-3112\" srcset=\"https:\/\/www.asavar.net\/blog\/wp-content\/uploads\/2020\/11\/Mariage-Houssart-Claude-x-Housset-Marie-Elisabeth-1696-Vorges.png 774w, https:\/\/www.asavar.net\/blog\/wp-content\/uploads\/2020\/11\/Mariage-Houssart-Claude-x-Housset-Marie-Elisabeth-1696-Vorges-300x175.png 300w, https:\/\/www.asavar.net\/blog\/wp-content\/uploads\/2020\/11\/Mariage-Houssart-Claude-x-Housset-Marie-Elisabeth-1696-Vorges-768x448.png 768w, https:\/\/www.asavar.net\/blog\/wp-content\/uploads\/2020\/11\/Mariage-Houssart-Claude-x-Housset-Marie-Elisabeth-1696-Vorges-640x373.png 640w\" sizes=\"auto, (max-width: 774px) 100vw, 774px\" \/><\/a><figcaption>Acte de mariage de Claude HOUSSART et Marie Elisabeth HOUSSET<br>Source : Archives d\u00e9partementales de l&rsquo;Aisne<\/figcaption><\/figure>\n\n\n\n<p>On y d\u00e9couvre donc que Thomas \u00e9tait bien vigneron par contre pas de m\u00e9tier indiqu\u00e9 pour notre Claude.<\/p>\n\n\n\n<p>Son \u00e9pouse Marie Elisabeth est \u00e9galement n\u00e9e \u00e0 Vorges comme l&rsquo;indique son acte de bapt\u00eame.<\/p>\n\n\n\n<figure class=\"wp-block-image size-large is-style-default\"><a href=\"https:\/\/www.asavar.net\/blog\/wp-content\/uploads\/2020\/11\/Bapteme-Housset-Elisabeth-1673-Vorges.jpg\"><img loading=\"lazy\" decoding=\"async\" width=\"1024\" height=\"492\" src=\"https:\/\/www.asavar.net\/blog\/wp-content\/uploads\/2020\/11\/Bapteme-Housset-Elisabeth-1673-Vorges-1024x492.jpg\" alt=\"Bapt\u00eame Marie Elisabeth HOUSSET\" class=\"wp-image-3114\" srcset=\"https:\/\/www.asavar.net\/blog\/wp-content\/uploads\/2020\/11\/Bapteme-Housset-Elisabeth-1673-Vorges-1024x492.jpg 1024w, https:\/\/www.asavar.net\/blog\/wp-content\/uploads\/2020\/11\/Bapteme-Housset-Elisabeth-1673-Vorges-300x144.jpg 300w, https:\/\/www.asavar.net\/blog\/wp-content\/uploads\/2020\/11\/Bapteme-Housset-Elisabeth-1673-Vorges-768x369.jpg 768w, https:\/\/www.asavar.net\/blog\/wp-content\/uploads\/2020\/11\/Bapteme-Housset-Elisabeth-1673-Vorges-640x307.jpg 640w, https:\/\/www.asavar.net\/blog\/wp-content\/uploads\/2020\/11\/Bapteme-Housset-Elisabeth-1673-Vorges.jpg 1156w\" sizes=\"auto, (max-width: 1024px) 100vw, 1024px\" \/><\/a><figcaption>Acte de bapt\u00eame de Marie Elisabeth HOUSSET \u00e0 Vorges<br>Source Archives d\u00e9partementales de l&rsquo;Aisne<\/figcaption><\/figure>\n\n\n\n<p>Elle est n\u00e9e le 7 novembre 1673, fille de Jean et de Marie GOGART.<\/p>\n\n\n\n<p>Claude et Marie Elisabeth passeront toute leur vie \u00e0 Vorges, ils y auront 11 enfants.<\/p>\n\n\n\n<ul class=\"wp-block-list\"><li>Thomas n\u00e9 en 1696<\/li><li>Nicolle n\u00e9e en 1698<\/li><li>Marie-Fran\u00e7oise n\u00e9e en 1700<\/li><li>Marie-Elisabeth n\u00e9e en 1701<\/li><li>Marie-Barbe n\u00e9e en 1703<\/li><li>Marie-Claire n\u00e9e en 1706<\/li><li>Marie-Anne n\u00e9e en 1707<\/li><li>Marie-H\u00e9l\u00e8ne n\u00e9e en 1709<\/li><li>Antoinette n\u00e9e en 1712<\/li><li>Jean-Claude n\u00e9 en 1714<\/li><li>Marie-Claude n\u00e9e en 1715<\/li><\/ul>\n\n\n\n<p>Marie Elisabeth sera la premi\u00e8re \u00e0 d\u00e9c\u00e9der, le 5 novembre 1720.<\/p>\n\n\n\n<figure class=\"wp-block-image size-large is-style-default\"><a href=\"https:\/\/www.asavar.net\/blog\/wp-content\/uploads\/2020\/11\/Deces-Housset-Elisabeth-1720-Vorges.png\"><img loading=\"lazy\" decoding=\"async\" width=\"1024\" height=\"428\" src=\"https:\/\/www.asavar.net\/blog\/wp-content\/uploads\/2020\/11\/Deces-Housset-Elisabeth-1720-Vorges-1024x428.png\" alt=\"Acte de d\u00e9c\u00e8s Marie Elisabeth HOUSSET\" class=\"wp-image-3116\" srcset=\"https:\/\/www.asavar.net\/blog\/wp-content\/uploads\/2020\/11\/Deces-Housset-Elisabeth-1720-Vorges-1024x428.png 1024w, https:\/\/www.asavar.net\/blog\/wp-content\/uploads\/2020\/11\/Deces-Housset-Elisabeth-1720-Vorges-300x126.png 300w, https:\/\/www.asavar.net\/blog\/wp-content\/uploads\/2020\/11\/Deces-Housset-Elisabeth-1720-Vorges-768x321.png 768w, https:\/\/www.asavar.net\/blog\/wp-content\/uploads\/2020\/11\/Deces-Housset-Elisabeth-1720-Vorges-1536x643.png 1536w, https:\/\/www.asavar.net\/blog\/wp-content\/uploads\/2020\/11\/Deces-Housset-Elisabeth-1720-Vorges-2048x857.png 2048w, https:\/\/www.asavar.net\/blog\/wp-content\/uploads\/2020\/11\/Deces-Housset-Elisabeth-1720-Vorges-640x268.png 640w\" sizes=\"auto, (max-width: 1024px) 100vw, 1024px\" \/><\/a><figcaption>Acte de d\u00e9c\u00e8s Marie Elisabeth HOUSSET<br>Source Archives d\u00e9partementales de l&rsquo;Aisne<\/figcaption><\/figure>\n\n\n\n<p>Claude ne prendra que peu de temps pour le deuil, puisqu&rsquo;il va se remarier moins d&rsquo;un mois plus tard avec Marie Noulet \u00e9galement veuve.<\/p>\n\n\n\n<p>C&rsquo;est le 25 f\u00e9vrier 1743 que Claude HOUSSART va mourir \u00e0 son tour. Il est \u00e2g\u00e9 de 70 ans.<\/p>\n\n\n\n<figure class=\"wp-block-image size-large is-style-default\"><a href=\"https:\/\/www.asavar.net\/blog\/wp-content\/uploads\/2020\/11\/Deces-Houssart-Claude-1743-Vorges.png\"><img loading=\"lazy\" decoding=\"async\" width=\"1024\" height=\"382\" src=\"https:\/\/www.asavar.net\/blog\/wp-content\/uploads\/2020\/11\/Deces-Houssart-Claude-1743-Vorges-1024x382.png\" alt=\"D\u00e9c\u00e8s HOUSSART Claude\" class=\"wp-image-3117\" srcset=\"https:\/\/www.asavar.net\/blog\/wp-content\/uploads\/2020\/11\/Deces-Houssart-Claude-1743-Vorges-1024x382.png 1024w, https:\/\/www.asavar.net\/blog\/wp-content\/uploads\/2020\/11\/Deces-Houssart-Claude-1743-Vorges-300x112.png 300w, https:\/\/www.asavar.net\/blog\/wp-content\/uploads\/2020\/11\/Deces-Houssart-Claude-1743-Vorges-768x287.png 768w, https:\/\/www.asavar.net\/blog\/wp-content\/uploads\/2020\/11\/Deces-Houssart-Claude-1743-Vorges-1536x574.png 1536w, https:\/\/www.asavar.net\/blog\/wp-content\/uploads\/2020\/11\/Deces-Houssart-Claude-1743-Vorges-2048x765.png 2048w, https:\/\/www.asavar.net\/blog\/wp-content\/uploads\/2020\/11\/Deces-Houssart-Claude-1743-Vorges-640x239.png 640w\" sizes=\"auto, (max-width: 1024px) 100vw, 1024px\" \/><\/a><figcaption>Acte d\u00e9c\u00e8s de Claude HOUSSART<br>Source Archive d\u00e9partementales de l&rsquo;Aisne<\/figcaption><\/figure>\n\n\n\n<p>Ce n&rsquo;est toujours pas dans son acte de d\u00e9c\u00e8s que nous connaitrons le m\u00e9tier de  Claude, c&rsquo;est en fait dans les actes concernant ses enfants. Pour exemple dans l&rsquo;acte de mariage de sa fille Marie Claude son m\u00e9tier nous est r\u00e9v\u00e9l\u00e9 : [&#8230;]<em> et Marie Claude Houssart \u00e2g\u00e9e d&rsquo;environ 26 ans fille de<\/em> <em>Claude Houssart <\/em><strong>VIGNERON. <\/strong>[&#8230;]<\/p>\n\n\n\n<p>Dernier regard sur Claude, l&rsquo;acte de bapt\u00e8me de son fils Jean-Claude nous indique \u00e9galement qu&rsquo;il \u00e9tait MAIRE de Vorges.<\/p>\n\n\n\n<figure class=\"wp-block-image size-large is-style-default\"><a href=\"https:\/\/www.asavar.net\/blog\/wp-content\/uploads\/2020\/11\/Bapteme-Houssart-Jean-Claude-1714-Vorges.png\"><img loading=\"lazy\" decoding=\"async\" width=\"1024\" height=\"379\" src=\"https:\/\/www.asavar.net\/blog\/wp-content\/uploads\/2020\/11\/Bapteme-Houssart-Jean-Claude-1714-Vorges-1024x379.png\" alt=\"Acte Bapt\u00eame Jean-Claude Houssart\" class=\"wp-image-3121\" srcset=\"https:\/\/www.asavar.net\/blog\/wp-content\/uploads\/2020\/11\/Bapteme-Houssart-Jean-Claude-1714-Vorges-1024x379.png 1024w, https:\/\/www.asavar.net\/blog\/wp-content\/uploads\/2020\/11\/Bapteme-Houssart-Jean-Claude-1714-Vorges-300x111.png 300w, https:\/\/www.asavar.net\/blog\/wp-content\/uploads\/2020\/11\/Bapteme-Houssart-Jean-Claude-1714-Vorges-768x284.png 768w, https:\/\/www.asavar.net\/blog\/wp-content\/uploads\/2020\/11\/Bapteme-Houssart-Jean-Claude-1714-Vorges-1536x568.png 1536w, https:\/\/www.asavar.net\/blog\/wp-content\/uploads\/2020\/11\/Bapteme-Houssart-Jean-Claude-1714-Vorges-2048x758.png 2048w, https:\/\/www.asavar.net\/blog\/wp-content\/uploads\/2020\/11\/Bapteme-Houssart-Jean-Claude-1714-Vorges-640x237.png 640w\" sizes=\"auto, (max-width: 1024px) 100vw, 1024px\" \/><\/a><figcaption>Acte de bapt\u00eame de Jean-Claude HOUSSART<br>Source Archives d\u00e9partementales de l&rsquo;Aisne<\/figcaption><\/figure>\n","protected":false},"excerpt":{"rendered":"<p>C&rsquo;est le jour du V ! Partons \u00e0 Vorges pour un voyage virtuel &#8230;<br \/>\nCela devrait nous faire assez de V pour nouvelle \u00e9tape du #ChallengeAZ ! <a href=\"https:\/\/www.asavar.net\/blog\/2020\/11\/25\/vorges-via-un-voyage-virtuel-etape-du-v\/\" class=\"more-link\">Continuer la lecture <span class=\"meta-nav\">&rarr;<\/span><\/a><\/p>\n","protected":false},"author":2,"featured_media":3118,"comment_status":"open","ping_status":"closed","sticky":false,"template":"","format":"standard","meta":{"ngg_post_thumbnail":0,"jetpack_post_was_ever_published":false,"_jetpack_newsletter_access":"","_jetpack_dont_email_post_to_subs":false,"_jetpack_newsletter_tier_id":0,"_jetpack_memberships_contains_paywalled_content":false,"_jetpack_memberships_contains_paid_content":false,"footnotes":"","jetpack_publicize_message":"#genealogie\nC'est le jour du V ! Partons \u00e0 Vorges pour un Voyage Virtuel ...\nCela devrait nous faire assez de V pour cette nouvelle \u00e9tape du #ChallengeAZ 2020 !","jetpack_publicize_feature_enabled":true,"jetpack_social_post_already_shared":true,"jetpack_social_options":{"image_generator_settings":{"template":"highway","default_image_id":0,"font":"","enabled":false},"version":2}},"categories":[45],"tags":[178],"class_list":["post-2073","post","type-post","status-publish","format-standard","has-post-thumbnail","hentry","category-genealogie","tag-challengeaz"],"yoast_head":"<!-- This site is optimized with the Yoast SEO plugin v26.4 - https:\/\/yoast.com\/wordpress\/plugins\/seo\/ -->\n<title>Vorges via un voyage virtuel : Etape du V ! - Le vide-grenier d&#039;Asavar<\/title>\n<meta name=\"description\" content=\"C&#039;est le jour du V ! Partons \u00e0 Vorges pour un voyage virtuel ... Cela devrait nous faire assez de V pour nouvelle \u00e9tape du #ChallengeAZ !\" \/>\n<meta name=\"robots\" content=\"index, follow, max-snippet:-1, max-image-preview:large, max-video-preview:-1\" \/>\n<link rel=\"canonical\" href=\"https:\/\/www.asavar.net\/blog\/2020\/11\/25\/vorges-via-un-voyage-virtuel-etape-du-v\/\" \/>\n<meta property=\"og:locale\" content=\"fr_FR\" \/>\n<meta property=\"og:type\" content=\"article\" \/>\n<meta property=\"og:title\" content=\"Vorges via un voyage virtuel : Etape du V ! - Le vide-grenier d&#039;Asavar\" \/>\n<meta property=\"og:description\" content=\"C&#039;est le jour du V ! Partons \u00e0 Vorges pour un voyage virtuel ... Cela devrait nous faire assez de V pour nouvelle \u00e9tape du #ChallengeAZ !\" \/>\n<meta property=\"og:url\" content=\"https:\/\/www.asavar.net\/blog\/2020\/11\/25\/vorges-via-un-voyage-virtuel-etape-du-v\/\" \/>\n<meta property=\"og:site_name\" content=\"Le vide-grenier d&#039;Asavar\" \/>\n<meta property=\"article:published_time\" content=\"2020-11-25T06:00:00+00:00\" \/>\n<meta property=\"og:image\" content=\"https:\/\/www.asavar.net\/blog\/wp-content\/uploads\/2020\/11\/Titre-4.png\" \/>\n\t<meta property=\"og:image:width\" content=\"1285\" \/>\n\t<meta property=\"og:image:height\" content=\"380\" \/>\n\t<meta property=\"og:image:type\" content=\"image\/png\" \/>\n<meta name=\"author\" content=\"Asavar\" \/>\n<meta name=\"twitter:card\" content=\"summary_large_image\" \/>\n<meta name=\"twitter:creator\" content=\"@vmarty\" \/>\n<meta name=\"twitter:site\" content=\"@vmarty\" \/>\n<meta name=\"twitter:label1\" content=\"\u00c9crit par\" \/>\n\t<meta name=\"twitter:data1\" content=\"Asavar\" \/>\n\t<meta name=\"twitter:label2\" content=\"Dur\u00e9e de lecture estim\u00e9e\" \/>\n\t<meta name=\"twitter:data2\" content=\"7 minutes\" \/>\n<script type=\"application\/ld+json\" class=\"yoast-schema-graph\">{\"@context\":\"https:\/\/schema.org\",\"@graph\":[{\"@type\":\"Article\",\"@id\":\"https:\/\/www.asavar.net\/blog\/2020\/11\/25\/vorges-via-un-voyage-virtuel-etape-du-v\/#article\",\"isPartOf\":{\"@id\":\"https:\/\/www.asavar.net\/blog\/2020\/11\/25\/vorges-via-un-voyage-virtuel-etape-du-v\/\"},\"author\":{\"name\":\"Asavar\",\"@id\":\"https:\/\/www.asavar.net\/blog\/#\/schema\/person\/1dac85d1f2ae9333ccd3fd359d1bf303\"},\"headline\":\"Vorges via un voyage virtuel : Etape du V !\",\"datePublished\":\"2020-11-25T06:00:00+00:00\",\"mainEntityOfPage\":{\"@id\":\"https:\/\/www.asavar.net\/blog\/2020\/11\/25\/vorges-via-un-voyage-virtuel-etape-du-v\/\"},\"wordCount\":1421,\"commentCount\":0,\"publisher\":{\"@id\":\"https:\/\/www.asavar.net\/blog\/#\/schema\/person\/1dac85d1f2ae9333ccd3fd359d1bf303\"},\"image\":{\"@id\":\"https:\/\/www.asavar.net\/blog\/2020\/11\/25\/vorges-via-un-voyage-virtuel-etape-du-v\/#primaryimage\"},\"thumbnailUrl\":\"https:\/\/www.asavar.net\/blog\/wp-content\/uploads\/2020\/11\/Titre-4.png\",\"keywords\":[\"#challengeAZ\"],\"articleSection\":[\"G\u00e9n\u00e9alogie\"],\"inLanguage\":\"fr-FR\",\"potentialAction\":[{\"@type\":\"CommentAction\",\"name\":\"Comment\",\"target\":[\"https:\/\/www.asavar.net\/blog\/2020\/11\/25\/vorges-via-un-voyage-virtuel-etape-du-v\/#respond\"]}]},{\"@type\":\"WebPage\",\"@id\":\"https:\/\/www.asavar.net\/blog\/2020\/11\/25\/vorges-via-un-voyage-virtuel-etape-du-v\/\",\"url\":\"https:\/\/www.asavar.net\/blog\/2020\/11\/25\/vorges-via-un-voyage-virtuel-etape-du-v\/\",\"name\":\"Vorges via un voyage virtuel : Etape du V ! - Le vide-grenier d&#039;Asavar\",\"isPartOf\":{\"@id\":\"https:\/\/www.asavar.net\/blog\/#website\"},\"primaryImageOfPage\":{\"@id\":\"https:\/\/www.asavar.net\/blog\/2020\/11\/25\/vorges-via-un-voyage-virtuel-etape-du-v\/#primaryimage\"},\"image\":{\"@id\":\"https:\/\/www.asavar.net\/blog\/2020\/11\/25\/vorges-via-un-voyage-virtuel-etape-du-v\/#primaryimage\"},\"thumbnailUrl\":\"https:\/\/www.asavar.net\/blog\/wp-content\/uploads\/2020\/11\/Titre-4.png\",\"datePublished\":\"2020-11-25T06:00:00+00:00\",\"description\":\"C'est le jour du V ! Partons \u00e0 Vorges pour un voyage virtuel ... Cela devrait nous faire assez de V pour nouvelle \u00e9tape du #ChallengeAZ !\",\"inLanguage\":\"fr-FR\",\"potentialAction\":[{\"@type\":\"ReadAction\",\"target\":[\"https:\/\/www.asavar.net\/blog\/2020\/11\/25\/vorges-via-un-voyage-virtuel-etape-du-v\/\"]}]},{\"@type\":\"ImageObject\",\"inLanguage\":\"fr-FR\",\"@id\":\"https:\/\/www.asavar.net\/blog\/2020\/11\/25\/vorges-via-un-voyage-virtuel-etape-du-v\/#primaryimage\",\"url\":\"https:\/\/www.asavar.net\/blog\/wp-content\/uploads\/2020\/11\/Titre-4.png\",\"contentUrl\":\"https:\/\/www.asavar.net\/blog\/wp-content\/uploads\/2020\/11\/Titre-4.png\",\"width\":1285,\"height\":380,\"caption\":\"Vorges\"},{\"@type\":\"WebSite\",\"@id\":\"https:\/\/www.asavar.net\/blog\/#website\",\"url\":\"https:\/\/www.asavar.net\/blog\/\",\"name\":\"Le vide-grenier d&#039;Asavar\",\"description\":\"Virtuel mais pas forc\u00e9ment poussi\u00e9reux\",\"publisher\":{\"@id\":\"https:\/\/www.asavar.net\/blog\/#\/schema\/person\/1dac85d1f2ae9333ccd3fd359d1bf303\"},\"potentialAction\":[{\"@type\":\"SearchAction\",\"target\":{\"@type\":\"EntryPoint\",\"urlTemplate\":\"https:\/\/www.asavar.net\/blog\/?s={search_term_string}\"},\"query-input\":{\"@type\":\"PropertyValueSpecification\",\"valueRequired\":true,\"valueName\":\"search_term_string\"}}],\"inLanguage\":\"fr-FR\"},{\"@type\":[\"Person\",\"Organization\"],\"@id\":\"https:\/\/www.asavar.net\/blog\/#\/schema\/person\/1dac85d1f2ae9333ccd3fd359d1bf303\",\"name\":\"Asavar\",\"image\":{\"@type\":\"ImageObject\",\"inLanguage\":\"fr-FR\",\"@id\":\"https:\/\/www.asavar.net\/blog\/#\/schema\/person\/image\/\",\"url\":\"https:\/\/secure.gravatar.com\/avatar\/417bd47d3e1676e2b0d7c39b2ef87304659819698adabc98296ebe9b659a0e21?s=96&d=wavatar&r=g\",\"contentUrl\":\"https:\/\/secure.gravatar.com\/avatar\/417bd47d3e1676e2b0d7c39b2ef87304659819698adabc98296ebe9b659a0e21?s=96&d=wavatar&r=g\",\"caption\":\"Asavar\"},\"logo\":{\"@id\":\"https:\/\/www.asavar.net\/blog\/#\/schema\/person\/image\/\"},\"sameAs\":[\"http:\/\/www.asavar.net\"]}]}<\/script>\n<!-- \/ Yoast SEO plugin. -->","yoast_head_json":{"title":"Vorges via un voyage virtuel : Etape du V ! - Le vide-grenier d&#039;Asavar","description":"C'est le jour du V ! Partons \u00e0 Vorges pour un voyage virtuel ... Cela devrait nous faire assez de V pour nouvelle \u00e9tape du #ChallengeAZ !","robots":{"index":"index","follow":"follow","max-snippet":"max-snippet:-1","max-image-preview":"max-image-preview:large","max-video-preview":"max-video-preview:-1"},"canonical":"https:\/\/www.asavar.net\/blog\/2020\/11\/25\/vorges-via-un-voyage-virtuel-etape-du-v\/","og_locale":"fr_FR","og_type":"article","og_title":"Vorges via un voyage virtuel : Etape du V ! - Le vide-grenier d&#039;Asavar","og_description":"C'est le jour du V ! Partons \u00e0 Vorges pour un voyage virtuel ... Cela devrait nous faire assez de V pour nouvelle \u00e9tape du #ChallengeAZ !","og_url":"https:\/\/www.asavar.net\/blog\/2020\/11\/25\/vorges-via-un-voyage-virtuel-etape-du-v\/","og_site_name":"Le vide-grenier d&#039;Asavar","article_published_time":"2020-11-25T06:00:00+00:00","og_image":[{"width":1285,"height":380,"url":"https:\/\/www.asavar.net\/blog\/wp-content\/uploads\/2020\/11\/Titre-4.png","type":"image\/png"}],"author":"Asavar","twitter_card":"summary_large_image","twitter_creator":"@vmarty","twitter_site":"@vmarty","twitter_misc":{"\u00c9crit par":"Asavar","Dur\u00e9e de lecture estim\u00e9e":"7 minutes"},"schema":{"@context":"https:\/\/schema.org","@graph":[{"@type":"Article","@id":"https:\/\/www.asavar.net\/blog\/2020\/11\/25\/vorges-via-un-voyage-virtuel-etape-du-v\/#article","isPartOf":{"@id":"https:\/\/www.asavar.net\/blog\/2020\/11\/25\/vorges-via-un-voyage-virtuel-etape-du-v\/"},"author":{"name":"Asavar","@id":"https:\/\/www.asavar.net\/blog\/#\/schema\/person\/1dac85d1f2ae9333ccd3fd359d1bf303"},"headline":"Vorges via un voyage virtuel : Etape du V !","datePublished":"2020-11-25T06:00:00+00:00","mainEntityOfPage":{"@id":"https:\/\/www.asavar.net\/blog\/2020\/11\/25\/vorges-via-un-voyage-virtuel-etape-du-v\/"},"wordCount":1421,"commentCount":0,"publisher":{"@id":"https:\/\/www.asavar.net\/blog\/#\/schema\/person\/1dac85d1f2ae9333ccd3fd359d1bf303"},"image":{"@id":"https:\/\/www.asavar.net\/blog\/2020\/11\/25\/vorges-via-un-voyage-virtuel-etape-du-v\/#primaryimage"},"thumbnailUrl":"https:\/\/www.asavar.net\/blog\/wp-content\/uploads\/2020\/11\/Titre-4.png","keywords":["#challengeAZ"],"articleSection":["G\u00e9n\u00e9alogie"],"inLanguage":"fr-FR","potentialAction":[{"@type":"CommentAction","name":"Comment","target":["https:\/\/www.asavar.net\/blog\/2020\/11\/25\/vorges-via-un-voyage-virtuel-etape-du-v\/#respond"]}]},{"@type":"WebPage","@id":"https:\/\/www.asavar.net\/blog\/2020\/11\/25\/vorges-via-un-voyage-virtuel-etape-du-v\/","url":"https:\/\/www.asavar.net\/blog\/2020\/11\/25\/vorges-via-un-voyage-virtuel-etape-du-v\/","name":"Vorges via un voyage virtuel : Etape du V ! - Le vide-grenier d&#039;Asavar","isPartOf":{"@id":"https:\/\/www.asavar.net\/blog\/#website"},"primaryImageOfPage":{"@id":"https:\/\/www.asavar.net\/blog\/2020\/11\/25\/vorges-via-un-voyage-virtuel-etape-du-v\/#primaryimage"},"image":{"@id":"https:\/\/www.asavar.net\/blog\/2020\/11\/25\/vorges-via-un-voyage-virtuel-etape-du-v\/#primaryimage"},"thumbnailUrl":"https:\/\/www.asavar.net\/blog\/wp-content\/uploads\/2020\/11\/Titre-4.png","datePublished":"2020-11-25T06:00:00+00:00","description":"C'est le jour du V ! Partons \u00e0 Vorges pour un voyage virtuel ... Cela devrait nous faire assez de V pour nouvelle \u00e9tape du #ChallengeAZ !","inLanguage":"fr-FR","potentialAction":[{"@type":"ReadAction","target":["https:\/\/www.asavar.net\/blog\/2020\/11\/25\/vorges-via-un-voyage-virtuel-etape-du-v\/"]}]},{"@type":"ImageObject","inLanguage":"fr-FR","@id":"https:\/\/www.asavar.net\/blog\/2020\/11\/25\/vorges-via-un-voyage-virtuel-etape-du-v\/#primaryimage","url":"https:\/\/www.asavar.net\/blog\/wp-content\/uploads\/2020\/11\/Titre-4.png","contentUrl":"https:\/\/www.asavar.net\/blog\/wp-content\/uploads\/2020\/11\/Titre-4.png","width":1285,"height":380,"caption":"Vorges"},{"@type":"WebSite","@id":"https:\/\/www.asavar.net\/blog\/#website","url":"https:\/\/www.asavar.net\/blog\/","name":"Le vide-grenier d&#039;Asavar","description":"Virtuel mais pas forc\u00e9ment poussi\u00e9reux","publisher":{"@id":"https:\/\/www.asavar.net\/blog\/#\/schema\/person\/1dac85d1f2ae9333ccd3fd359d1bf303"},"potentialAction":[{"@type":"SearchAction","target":{"@type":"EntryPoint","urlTemplate":"https:\/\/www.asavar.net\/blog\/?s={search_term_string}"},"query-input":{"@type":"PropertyValueSpecification","valueRequired":true,"valueName":"search_term_string"}}],"inLanguage":"fr-FR"},{"@type":["Person","Organization"],"@id":"https:\/\/www.asavar.net\/blog\/#\/schema\/person\/1dac85d1f2ae9333ccd3fd359d1bf303","name":"Asavar","image":{"@type":"ImageObject","inLanguage":"fr-FR","@id":"https:\/\/www.asavar.net\/blog\/#\/schema\/person\/image\/","url":"https:\/\/secure.gravatar.com\/avatar\/417bd47d3e1676e2b0d7c39b2ef87304659819698adabc98296ebe9b659a0e21?s=96&d=wavatar&r=g","contentUrl":"https:\/\/secure.gravatar.com\/avatar\/417bd47d3e1676e2b0d7c39b2ef87304659819698adabc98296ebe9b659a0e21?s=96&d=wavatar&r=g","caption":"Asavar"},"logo":{"@id":"https:\/\/www.asavar.net\/blog\/#\/schema\/person\/image\/"},"sameAs":["http:\/\/www.asavar.net"]}]}},"jetpack_publicize_connections":[],"jetpack_featured_media_url":"https:\/\/www.asavar.net\/blog\/wp-content\/uploads\/2020\/11\/Titre-4.png","jetpack_shortlink":"https:\/\/wp.me\/pkpG2-xr","jetpack_likes_enabled":true,"jetpack-related-posts":[],"jetpack_sharing_enabled":true,"_links":{"self":[{"href":"https:\/\/www.asavar.net\/blog\/wp-json\/wp\/v2\/posts\/2073","targetHints":{"allow":["GET"]}}],"collection":[{"href":"https:\/\/www.asavar.net\/blog\/wp-json\/wp\/v2\/posts"}],"about":[{"href":"https:\/\/www.asavar.net\/blog\/wp-json\/wp\/v2\/types\/post"}],"author":[{"embeddable":true,"href":"https:\/\/www.asavar.net\/blog\/wp-json\/wp\/v2\/users\/2"}],"replies":[{"embeddable":true,"href":"https:\/\/www.asavar.net\/blog\/wp-json\/wp\/v2\/comments?post=2073"}],"version-history":[{"count":7,"href":"https:\/\/www.asavar.net\/blog\/wp-json\/wp\/v2\/posts\/2073\/revisions"}],"predecessor-version":[{"id":3122,"href":"https:\/\/www.asavar.net\/blog\/wp-json\/wp\/v2\/posts\/2073\/revisions\/3122"}],"wp:featuredmedia":[{"embeddable":true,"href":"https:\/\/www.asavar.net\/blog\/wp-json\/wp\/v2\/media\/3118"}],"wp:attachment":[{"href":"https:\/\/www.asavar.net\/blog\/wp-json\/wp\/v2\/media?parent=2073"}],"wp:term":[{"taxonomy":"category","embeddable":true,"href":"https:\/\/www.asavar.net\/blog\/wp-json\/wp\/v2\/categories?post=2073"},{"taxonomy":"post_tag","embeddable":true,"href":"https:\/\/www.asavar.net\/blog\/wp-json\/wp\/v2\/tags?post=2073"}],"curies":[{"name":"wp","href":"https:\/\/api.w.org\/{rel}","templated":true}]}}