{"id":2133,"date":"2020-03-08T09:00:00","date_gmt":"2020-03-08T08:00:00","guid":{"rendered":"https:\/\/www.asavar.net\/blog\/?p=2133"},"modified":"2020-04-01T20:47:47","modified_gmt":"2020-04-01T19:47:47","slug":"sosa-2902-comment-ne-pas-le-trouver","status":"publish","type":"post","link":"https:\/\/www.asavar.net\/blog\/2020\/03\/08\/sosa-2902-comment-ne-pas-le-trouver\/","title":{"rendered":"SOSA 2902 : Comment ne pas le trouver !"},"content":{"rendered":"\n<p>Pourquoi chercher ce sosa 2902 particuli\u00e8rement ?<br><br>Pour ce 29 F\u00e9vrier qui n&rsquo;arrive que tous les quatre ans, je souhaitais trouver quelque chose \u00e0 associer au fameux hashtag #29f\u00e9vrier. Las, aucun de nos anc\u00eatres directs n&rsquo;a souhait\u00e9 profiter de cette date exceptionnelle pour na\u00eetre, se marier ou nous quitter \ud83d\ude42<br>Dans ce cas, pas de #1j1ancetre et je choisis alors de me rabattre sur la recherche et la publication d&rsquo;un billet sur mon SOSA 2902.<\/p>\n\n\n\n<h4 class=\"wp-block-heading\">Sosa 2902 : Trop optimiste, je suis.<\/h4>\n\n\n\n<p>Pourtant \u00e9chaud\u00e9 par <a href=\"https:\/\/www.asavar.net\/blog\/2020\/02\/16\/sosa-2020-qui-est-il\/\">la recherche (toujours en cours) de mon Sosa 2020<\/a>, je pensais que trouver le Sosa 2902 serait plus facile. D&rsquo;ailleurs, pour en \u00eatre encore plus sur, j&rsquo;ai choisi de chercher celui de mes enfants et non le mien. Pourtant, d\u00e9s la premi\u00e8re recherche, je vois bien qu&rsquo;il va falloir creuser plusieurs g\u00e9n\u00e9rations.<br>Alors comment calculer ce chemin vers cet arri\u00e8re &#8230;. arri\u00e8re Grand p\u00e8re ?<\/p>\n\n\n\n<p>2902 est donc un homme (<a href=\"https:\/\/fr.wikipedia.org\/wiki\/Num%C3%A9rotation_de_Sosa-Stradonitz\">par d\u00e9finition de la num\u00e9rotation SOSA STRADONITZ<\/a>) et le chemin entre lui et moi se d\u00e9compose donc de la fa\u00e7on suivante : 2902 p\u00e8re de 1451, m\u00e8re de 725, m\u00e8re de 362, p\u00e8re de 181, m\u00e8re de 90, p\u00e8re de 45, m\u00e8re de 22, p\u00e8re de 11, m\u00e8re de 5 : M\u00e8re de 2.<br>Soit : <\/p>\n\n\n\n<ul class=\"wp-block-list\"><li>1 : Mes enfants<\/li><li>2 : Moi<\/li><li>5 : Ma m\u00e8re<\/li><li>11 : <a href=\"https:\/\/www.asavar.net\/blog\/2020\/02\/20\/sosa-2020-debut-du-parcours\/\">Ma Grand-m\u00e8re (Rose)<\/a><\/li><li>22 : Louis Charles Dain<\/li><li>45 : Marie Victorine Lambinet<\/li><li>90 : Jean Martin Lambinet<\/li><li>181 : Marie Catherine Maret<\/li><li>362 : Inconnu<\/li><li>725 : Inconnue <\/li><li>1451 : Inconnue<\/li><li>2902 : Inconnu<\/li><\/ul>\n\n\n\n<p>J&rsquo;ai bien fait de gagner une g\u00e9n\u00e9ration puisqu&rsquo;il m&rsquo;en reste la bagatelle de quatre \u00e0 trouver et documenter. Comme d&rsquo;habitude, j&rsquo;ai super anticip\u00e9 et il me reste(au moment du choix) &#8230; deux jours !<br>Lan\u00e7ons donc les recherches et finalement ca part assez vite \ud83d\ude42<\/p>\n\n\n\n<h4 class=\"wp-block-heading\">Sosa 2902 : 362 G\u00e9n\u00e9ration 9<\/h4>\n\n\n\n<p>Mon point de d\u00e9part est donc Marie Catherine Maret de la g\u00e9n\u00e9ration 8.<br>Que sait on de Marie Catherine : D\u00e9c\u00e9d\u00e9e le 19 Juillet 1828 \u00e0 Leuilly Faubourg de Laon (02), elle est alors \u00e2g\u00e9e de 77 ans et est l&rsquo;\u00e9pouse de Martin Lambinet avec lequel elle a eu 9 enfants.<br>Ils se sont mari\u00e9s en 1776 \u00e0 Laon, elle a 25 ans et lui 26.<\/p>\n\n\n\n<figure class=\"wp-block-image size-large\"><img loading=\"lazy\" decoding=\"async\" width=\"1024\" height=\"253\" src=\"https:\/\/www.asavar.net\/blog\/wp-content\/uploads\/2020\/03\/Deces-Maret-1-1024x253.png\" alt=\"Sosa 2902 Extrait de l'acte de d\u00e9c\u00e8s\" class=\"wp-image-2147\" srcset=\"https:\/\/www.asavar.net\/blog\/wp-content\/uploads\/2020\/03\/Deces-Maret-1-1024x253.png 1024w, https:\/\/www.asavar.net\/blog\/wp-content\/uploads\/2020\/03\/Deces-Maret-1-300x74.png 300w, https:\/\/www.asavar.net\/blog\/wp-content\/uploads\/2020\/03\/Deces-Maret-1-768x190.png 768w, https:\/\/www.asavar.net\/blog\/wp-content\/uploads\/2020\/03\/Deces-Maret-1-640x158.png 640w, https:\/\/www.asavar.net\/blog\/wp-content\/uploads\/2020\/03\/Deces-Maret-1.png 1067w\" sizes=\"auto, (max-width: 1024px) 100vw, 1024px\" \/><figcaption>Extrait acte de d\u00e9c\u00e8s Marie Catherine Marest<code><br>Source Archives de l'Aisne. F\u00e9vrier 2020<\/code><\/figcaption><\/figure>\n\n\n\n<p>D\u00e9s son acte de d\u00e9c\u00e8s nous pouvons trouver le nom de notre sosa 362, p\u00e8re de Marie Catherine : <strong>Jean Antoine Maret<\/strong>, puisqu&rsquo;il est not\u00e9 <em>\u00ab\u00a0Veuve de Jean Martin Lambinet, et fille de d\u00e9funt Jean Antoine Maret et Marie Jeanne B\u00e9guin.<\/em>\u00a0\u00bb <br>Cette information est confirm\u00e9e par son acte de mariage, et m\u00eame compl\u00e9t\u00e9e, puisque nous y apprenons que Jean Antoine Maret est Jardinier.<br>Enfin nouvelle indication cette fois donn\u00e9e par l&rsquo;acte de Bapt\u00eame, le 28 Juillet 1750, son p\u00e8re est Jean Antoine Marest <strong>Le Fils<\/strong>, ce qui laisse supposer qu&rsquo;il existe un Jean Antoine Marest (<strong>Le P\u00e8re<\/strong>). <br>En conclusion notre Sosa 362 est <strong>Jean Antoine Marest<\/strong> dit le fils, Jardinier de Leuilly Paroisse de Laon.<\/p>\n\n\n\n<h3 class=\"wp-block-heading\">Sosa 2902 : 725 G\u00e9n\u00e9ration 10<\/h3>\n\n\n\n<p>Que sait on donc de ce Jean Antoine Marest \u00ab\u00a0Le fils\u00a0\u00bb ?<br>En remontant chronologiquement le registre BMS de la paroisse de Leuilly, \u00e0 partir de 1750, nous trouvons en 1744 l&rsquo;acte de mariage de Jean Antoine avec Madeleine Le Begue. Ce mariage a lieu le 29 d\u00e9cembre et l&rsquo;acte nous livre donc les noms des parents de Jean Antoine et donc de notre Sosa 725.<\/p>\n\n\n\n<figure class=\"wp-block-image size-large\"><img loading=\"lazy\" decoding=\"async\" width=\"1024\" height=\"259\" src=\"https:\/\/www.asavar.net\/blog\/wp-content\/uploads\/2020\/03\/Capture-1024x259.png\" alt=\"Sosa 2902 Extrait de l'acte de mariage\" class=\"wp-image-2148\" srcset=\"https:\/\/www.asavar.net\/blog\/wp-content\/uploads\/2020\/03\/Capture-1024x259.png 1024w, https:\/\/www.asavar.net\/blog\/wp-content\/uploads\/2020\/03\/Capture-300x76.png 300w, https:\/\/www.asavar.net\/blog\/wp-content\/uploads\/2020\/03\/Capture-768x194.png 768w, https:\/\/www.asavar.net\/blog\/wp-content\/uploads\/2020\/03\/Capture-640x162.png 640w, https:\/\/www.asavar.net\/blog\/wp-content\/uploads\/2020\/03\/Capture.png 1323w\" sizes=\"auto, (max-width: 1024px) 100vw, 1024px\" \/><figcaption>Extrait de l&rsquo;acte de mariage de Jean Antoine \u00ab\u00a0Le fils\u00a0\u00bb Marest avec Marie Jeanne Beguin.<br><code> Source Archives de l'Aisne. F\u00e9vrier 2020 <\/code><\/figcaption><\/figure>\n\n\n\n<p>Notre sosa 725 se trouve donc \u00eatre la m\u00e8re de Jean Antoine Marest \u00ab\u00a0Le fils\u00a0\u00bb, cet acte nous confirmant par la m\u00eame occasion que son mari (notre sosa 724)  se nomme \u00e9galement Jean Antoine Marest et est donc \u00ab\u00a0Le p\u00e8re\u00a0\u00bb !<br><strong>Madeleine le Begue<\/strong> est donc notre nouvelle \u00e9tape vers le Sosa 2902.<br>En passant notre Jean Antoine est n\u00e9 le 24 avril 1720, il a \u00e9t\u00e9 baptis\u00e9 le lendemain. Il a pour parrain Antoine Marest et pour Marraine Jeanne Macron.<br>A cette \u00e9tape de mes recherche, je n&rsquo;ai pas trouv\u00e9 son acte de d\u00e9c\u00e8s, est ce un signe ? <\/p>\n\n\n\n<p><em>Vous avez peut \u00eatre remarqu\u00e9 que l&rsquo;\u00e9pouse de notre Jean Marie se nomme Marie Jeanne <strong>Preuve<\/strong> Beguin !<\/em><br><em>Preuve, Preuve ? Mais quel est ce pr\u00e9nom peu courant ?<br>C&rsquo;est la premi\u00e8re fois que je le rencontre dans l&rsquo;ensemble de mes recherches.<br>Pas simple d&rsquo;en trouver origine et signification ! Toutefois <a href=\"https:\/\/www.geneanet.org\/prenom\/Preuve\">G\u00e9n\u00e9anet nous donne une piste<\/a> : Preuve est un pr\u00e9nom f\u00e9minin particuli\u00e8rement pr\u00e9sent autour de Guise (02). Nous n&rsquo;en sommes pas si loin<\/em><\/p>\n\n\n\n<h4 class=\"wp-block-heading\">Sosa 2902 : 1451 G\u00e9n\u00e9ration 11<\/h4>\n\n\n\n<p>Qui donc est Marie Magdeleine le B\u00e8gue, telle qu&rsquo;elle est nomm\u00e9e dans l&rsquo;acte de naissance de son fils ? En continuant \u00e0 remonter le registre de Leuilly, on ne trouve pas trace du mariage. Comme souvent le mariage a du avoir lieu dans la paroisse d&rsquo;origine de la jeune fille, qui invariablement ira vivre ensuite dans la paroisse de son mari. On peut donc en d\u00e9duire que Jean Marie \u00ab\u00a0Le p\u00e8re\u00a0\u00bb est all\u00e9 cherch\u00e9 sa dulcin\u00e9e un peu plus loin. En explorant d&rsquo;abord les paroisses de Laon, j&rsquo;ai assez vite localis\u00e9 le lieu de la rencontre. <br>Ainsi dans les registres de Bapt\u00eame, Mariage et S\u00e9pultures de la paroisse de Saint-R\u00e9my-Porte toujours \u00e0 Laon, j&rsquo;ai trouv\u00e9 en date du 20 f\u00e9vrier 1719 le mariage de Jean Antoine Marest, \u00e2g\u00e9, de 21 ans fils d&rsquo;Antoine Marest (il a perdu le Jean \ud83d\ude42 ) Laboureur  et d&rsquo;Antoinette Chaffaux de la paroisse de Leuilly. Il \u00e9pouse Magdeleine Le B\u00e8gue \u00e2g\u00e9e de 24 ans de cette paroisse.<\/p>\n\n\n\n<div class=\"wp-block-image\"><figure class=\"aligncenter size-large\"><img loading=\"lazy\" decoding=\"async\" width=\"1024\" height=\"326\" src=\"https:\/\/www.asavar.net\/blog\/wp-content\/uploads\/2020\/03\/signatures-marest2-1024x326.png\" alt=\"Sosa 2902 : Les signatures du mariage\" class=\"wp-image-2153\" srcset=\"https:\/\/www.asavar.net\/blog\/wp-content\/uploads\/2020\/03\/signatures-marest2-1024x326.png 1024w, https:\/\/www.asavar.net\/blog\/wp-content\/uploads\/2020\/03\/signatures-marest2-300x96.png 300w, https:\/\/www.asavar.net\/blog\/wp-content\/uploads\/2020\/03\/signatures-marest2-768x245.png 768w, https:\/\/www.asavar.net\/blog\/wp-content\/uploads\/2020\/03\/signatures-marest2-640x204.png 640w, https:\/\/www.asavar.net\/blog\/wp-content\/uploads\/2020\/03\/signatures-marest2.png 1227w\" sizes=\"auto, (max-width: 1024px) 100vw, 1024px\" \/><figcaption>Les signatures, difficile de distinguer le Marest mari\u00e9.<br> <code>Source Archives de l'Aisne. F\u00e9vrier 2020 <\/code><\/figcaption><\/figure><\/div>\n\n\n\n<p>D\u00e9s cet acte nous connaissons l&rsquo;\u00e9tape suivante pour atteindre notre SOSA 2902, en effet Magdeleine est la fille de Jean le B\u00e8gue, lui aussi laboureur, et de d\u00e9funte Barbe Chevalier tous les deux de cette paroisse de Saint-R\u00e9my-Porte. Cette \u00e9tape, donc notre Sosa 1451 est donc <strong>Barbe Chevalier<\/strong>.<br>Passons toutefois un peu de temps avec Magdeleine. Elle est n\u00e9e autour de 1695 comme son age au mariage nous l&rsquo;indique, mais \u00e0 cet instant je n&rsquo;ai pas trouv\u00e9 son acte de bapt\u00eame. Elle vivra jusqu&rsquo;en Janvier 1763, ann\u00e9e pendant laquelle elle d\u00e9c\u00e9dera dans sa maison de Leuilly. Jean Antoine Marest \u00ab\u00a0Le p\u00e8re\u00a0\u00bb lui survivra au mois 12 ans, mais je n&rsquo;ai pas encore trouv\u00e9 son acte de s\u00e9pulture.<\/p>\n\n\n\n<h4 class=\"wp-block-heading\">Derni\u00e8re \u00e9tape  : SOSA 2902 G\u00e9n\u00e9ration 12<\/h4>\n\n\n\n<p>Le p\u00e8re de Barbe Chevalier est donc le cha\u00eenon que nous recherchons, le fameux SOSA 2902 qui va nous permettre d&rsquo;atteindre l&rsquo;objectif fix\u00e9 !<br>Quelle m\u00e9thode allons nous utiliser pour le trouver : Rechercher l&rsquo;acte de d\u00e9c\u00e8s de Barbe ? Retrouver l&rsquo;acte de Mariage de Barbe et Jean Le B\u00e8gue ?<br>Retrouver les enfants de Barbe et Jean soit les fr\u00e8res et s\u0153urs de  Magdeleine ?<br>Petit soucis, j&rsquo;ai tout essay\u00e9 et rien ne marche. J&rsquo;ai remont\u00e9 les ann\u00e9es \u00e0 Saint-R\u00e9my-Porte, pas de traces de mariage, j&rsquo;ai pratiqu\u00e9 la m\u00eame recherche dans toutes les paroisses de Laon, pas mieux !<br>J&rsquo;ai essay\u00e9 la m\u00e9thode de l&rsquo;escargot sur les communes alentour &#8230; Je vous laisse deviner : Pas mieux \ud83d\ude41<br><\/p>\n\n\n\n<h4 class=\"wp-block-heading\">Sosa 2902 : Echouer \u00e0 une \u00e9tape de la fin ?<\/h4>\n\n\n\n<p>Ayant d\u00e9cid\u00e9 de ne pas me laisser submerger par le d\u00e9sespoir et un peu press\u00e9 par le temps (A ce moment de mes recherches on doit \u00eatre le 29 F\u00e9vrier \u00e0 21h !!) , je vais tenter les indices sur <a href=\"http:\/\/www.geneanet.fr\">G\u00e9n\u00e9anet<\/a>. Donc petite recherche sur le couple Le Begue x Chevalier dans l&rsquo;Aisne.<br>&#8230; ZERO R\u00e9ponse ! (C&rsquo;est surement une des premi\u00e8res fois que \u00e7a m&rsquo;arrive) Allons, ajoutons les variantes aux deux noms et voil\u00e0 en transformant Le Begue en Lebegue, me voici avec 15 r\u00e9sultats \ud83d\ude42<br>Les affaires reprennent !<br><br>Nos quinze r\u00e9sultats se r\u00e9partissent entre deux communes : La Neuville Bosmont et La Neuville Housset<\/p>\n\n\n\n<div class=\"wp-block-media-text alignwide is-vertically-aligned-center is-image-fill\" style=\"grid-template-columns:58% auto\"><figure class=\"wp-block-media-text__media\" style=\"background-image:url(https:\/\/www.asavar.net\/blog\/wp-content\/uploads\/2020\/03\/Neuvilles-1024x733.png);background-position:50% 50%\"><img loading=\"lazy\" decoding=\"async\" width=\"1024\" height=\"733\" src=\"https:\/\/www.asavar.net\/blog\/wp-content\/uploads\/2020\/03\/Neuvilles-1024x733.png\" alt=\"Sosa 2902 : Carte La Neuville Bosmont + La Neuville Housset\nSource : Google Maps\" class=\"wp-image-2157\" srcset=\"https:\/\/www.asavar.net\/blog\/wp-content\/uploads\/2020\/03\/Neuvilles-1024x733.png 1024w, https:\/\/www.asavar.net\/blog\/wp-content\/uploads\/2020\/03\/Neuvilles-300x215.png 300w, https:\/\/www.asavar.net\/blog\/wp-content\/uploads\/2020\/03\/Neuvilles-768x549.png 768w, https:\/\/www.asavar.net\/blog\/wp-content\/uploads\/2020\/03\/Neuvilles-640x458.png 640w, https:\/\/www.asavar.net\/blog\/wp-content\/uploads\/2020\/03\/Neuvilles.png 1226w\" sizes=\"auto, (max-width: 1024px) 100vw, 1024px\" \/><\/figure><div class=\"wp-block-media-text__content\">\n<p class=\"has-normal-font-size\">Les deux communes sont distantes d&rsquo;environ 15 km, et \u00e0 une vingtaine de Laon. Je n&rsquo;y serais pas all\u00e9 voir naturellement. Les deux noms sont cependant proches et je me demande s&rsquo;il n&rsquo;y aurait pas de petites erreurs de saisie ? <\/p>\n<\/div><\/div>\n\n\n\n<p>Je vais donc aller chercher les preuves de ces d\u00e9couvertes dans les registres des archives. Mariage signal\u00e9 en 1691 sur la Neuville Housset par quelques r\u00e9sultats : Aucune trace dans les registres !<br>En furetant dans les ann\u00e9es autour &#8230; je ne vois rien qui correspondent \u00e0 cette famille. Partons donc voir la deuxi\u00e8me commune, La Neuville Bosmont.<\/p>\n\n\n\n<div class=\"wp-block-media-text alignwide\"><figure class=\"wp-block-media-text__media\"><img loading=\"lazy\" decoding=\"async\" width=\"372\" height=\"243\" src=\"https:\/\/www.asavar.net\/blog\/wp-content\/uploads\/2020\/03\/aucun-r\u00e9sultat.png\" alt=\"\" class=\"wp-image-2161\" srcset=\"https:\/\/www.asavar.net\/blog\/wp-content\/uploads\/2020\/03\/aucun-r\u00e9sultat.png 372w, https:\/\/www.asavar.net\/blog\/wp-content\/uploads\/2020\/03\/aucun-r\u00e9sultat-300x196.png 300w\" sizes=\"auto, (max-width: 372px) 100vw, 372px\" \/><\/figure><div class=\"wp-block-media-text__content\">\n<p class=\"has-text-align-center has-large-font-size\">Surprise !<\/p>\n\n\n\n<p>Pas de registre sur La Neuville Bosmont avant 1756 !<br>Donc aucun moyen (rapide en tout cas) de v\u00e9rifier les trouvailles de G\u00e9n\u00e9anet<\/p>\n<\/div><\/div>\n\n\n\n<h4 class=\"wp-block-heading\">Sosa 2902 : On s&rsquo;arr\u00eate la pour cette ann\u00e9e &#8230; Je n&rsquo;ai plus d&rsquo;id\u00e9e \ud83d\ude41<\/h4>\n\n\n\n<p>Pour conclure, j\u2019ai eu un remords de derni\u00e8re minute et je me suis dit que je n&rsquo;aurais pas du tenter de gagner une g\u00e9n\u00e9ration et donc partir de moi plut\u00f4t que de mes enfants &#8230; et j&rsquo;ai v\u00e9rifi\u00e9.<\/p>\n\n\n\n<div class=\"wp-block-columns is-layout-flex wp-container-core-columns-is-layout-9d6595d7 wp-block-columns-is-layout-flex\">\n<div class=\"wp-block-column is-layout-flow wp-block-column-is-layout-flow\">\n<ul class=\"wp-block-list\"><li>1 : Mes enfants<\/li><li>2 : Moi<\/li><li>5 : Ma m\u00e8re<\/li><li>11 : Ma Grand-m\u00e8re (Rose)<\/li><li>22 : Louis Charles Dain<\/li><li>45 : Marie Victorine Lambinet<\/li><li>90 : Jean Martin Lambinet<\/li><li>181 : Marie Catherine Maret<\/li><li>362 :<em> Jean Antoine Maret<\/em><\/li><li>725 : <em>Madeleine le B\u00e8gue <\/em><\/li><li>1451 : <em>Barbe Chevalier<\/em><\/li><li>2902 : <strong>Inconnu<\/strong> <\/li><\/ul>\n<\/div>\n\n\n\n<div class=\"wp-block-column is-layout-flow wp-block-column-is-layout-flow\">\n<ul class=\"wp-block-list\"><li>1 : Moi<\/li><li>2 : Mon p\u00e8re<\/li><li>5 : Ma Grand m\u00e8re (Simone)<\/li><li>11 : Gabrielle Maillet<\/li><li>22 : Jules Maillet<\/li><li>45 : Jos\u00e9phine Autin<\/li><li>90 : Pierre Autin<\/li><li>181 : Fran\u00e7oise Potier<\/li><li><strong>362 : Inconnu<\/strong><\/li><li><strong>725 : Inconnue <\/strong><\/li><li><strong>1451 : Inconnue<\/strong><\/li><li><strong>2902 : Inconnu <\/strong><\/li><\/ul>\n<\/div>\n<\/div>\n","protected":false},"excerpt":{"rendered":"<p>Pourquoi chercher ce sosa 2902 particuli\u00e8rement ? Pour ce 29 F\u00e9vrier qui n&rsquo;arrive que tous les quatre ans, je souhaitais trouver quelque chose \u00e0 associer au fameux hashtag #29f\u00e9vrier. Las, aucun de nos anc\u00eatres directs n&rsquo;a souhait\u00e9 profiter de cette&hellip; <a href=\"https:\/\/www.asavar.net\/blog\/2020\/03\/08\/sosa-2902-comment-ne-pas-le-trouver\/\" class=\"more-link\">Continuer la lecture <span class=\"meta-nav\">&rarr;<\/span><\/a><\/p>\n","protected":false},"author":2,"featured_media":2146,"comment_status":"open","ping_status":"closed","sticky":false,"template":"","format":"standard","meta":{"ngg_post_thumbnail":0,"jetpack_post_was_ever_published":false,"_jetpack_newsletter_access":"","_jetpack_dont_email_post_to_subs":false,"_jetpack_newsletter_tier_id":0,"_jetpack_memberships_contains_paywalled_content":false,"_jetpack_memberships_contains_paid_content":false,"footnotes":"","jetpack_publicize_message":"SOSA 2902 : Comment ne pas le trouver !\n#29fevrier #genealogie #sosa2902","jetpack_publicize_feature_enabled":true,"jetpack_social_post_already_shared":true,"jetpack_social_options":{"image_generator_settings":{"template":"highway","default_image_id":0,"font":"","enabled":false},"version":2}},"categories":[45],"tags":[170,171],"class_list":["post-2133","post","type-post","status-publish","format-standard","has-post-thumbnail","hentry","category-genealogie","tag-29fevrier","tag-sosa2902"],"yoast_head":"<!-- This site is optimized with the Yoast SEO plugin v26.4 - https:\/\/yoast.com\/wordpress\/plugins\/seo\/ -->\n<title>SOSA 2902 : Comment ne pas le trouver ! - Le vide-grenier d&#039;Asavar<\/title>\n<meta name=\"description\" content=\"Pour ce 29 F\u00e9vrier qui n\u2019arrive que tous les quatre ans, je souhaitais trouver quelque chose \u00e0 associer au fameux hashtag #29f\u00e9vrier.\" \/>\n<meta name=\"robots\" content=\"index, follow, max-snippet:-1, max-image-preview:large, max-video-preview:-1\" \/>\n<link rel=\"canonical\" href=\"https:\/\/www.asavar.net\/blog\/2020\/03\/08\/sosa-2902-comment-ne-pas-le-trouver\/\" \/>\n<meta property=\"og:locale\" content=\"fr_FR\" \/>\n<meta property=\"og:type\" content=\"article\" \/>\n<meta property=\"og:title\" content=\"SOSA 2902 : Comment ne pas le trouver ! - Le vide-grenier d&#039;Asavar\" \/>\n<meta property=\"og:description\" content=\"Pour ce 29 F\u00e9vrier qui n\u2019arrive que tous les quatre ans, je souhaitais trouver quelque chose \u00e0 associer au fameux hashtag #29f\u00e9vrier.\" \/>\n<meta property=\"og:url\" content=\"https:\/\/www.asavar.net\/blog\/2020\/03\/08\/sosa-2902-comment-ne-pas-le-trouver\/\" \/>\n<meta property=\"og:site_name\" content=\"Le vide-grenier d&#039;Asavar\" \/>\n<meta property=\"article:published_time\" content=\"2020-03-08T08:00:00+00:00\" \/>\n<meta property=\"article:modified_time\" content=\"2020-04-01T19:47:47+00:00\" \/>\n<meta property=\"og:image\" content=\"https:\/\/www.asavar.net\/blog\/wp-content\/uploads\/2020\/03\/pixiz-06-03-2020-23-35-10.jpg\" \/>\n\t<meta property=\"og:image:width\" content=\"1024\" \/>\n\t<meta property=\"og:image:height\" content=\"734\" \/>\n\t<meta property=\"og:image:type\" content=\"image\/jpeg\" \/>\n<meta name=\"author\" content=\"Asavar\" \/>\n<meta name=\"twitter:card\" content=\"summary_large_image\" \/>\n<meta name=\"twitter:creator\" content=\"@vmarty\" \/>\n<meta name=\"twitter:site\" content=\"@vmarty\" \/>\n<meta name=\"twitter:label1\" content=\"\u00c9crit par\" \/>\n\t<meta name=\"twitter:data1\" content=\"Asavar\" \/>\n\t<meta name=\"twitter:label2\" content=\"Dur\u00e9e de lecture estim\u00e9e\" \/>\n\t<meta name=\"twitter:data2\" content=\"8 minutes\" \/>\n<script type=\"application\/ld+json\" class=\"yoast-schema-graph\">{\"@context\":\"https:\/\/schema.org\",\"@graph\":[{\"@type\":\"Article\",\"@id\":\"https:\/\/www.asavar.net\/blog\/2020\/03\/08\/sosa-2902-comment-ne-pas-le-trouver\/#article\",\"isPartOf\":{\"@id\":\"https:\/\/www.asavar.net\/blog\/2020\/03\/08\/sosa-2902-comment-ne-pas-le-trouver\/\"},\"author\":{\"name\":\"Asavar\",\"@id\":\"https:\/\/www.asavar.net\/blog\/#\/schema\/person\/1dac85d1f2ae9333ccd3fd359d1bf303\"},\"headline\":\"SOSA 2902 : Comment ne pas le trouver !\",\"datePublished\":\"2020-03-08T08:00:00+00:00\",\"dateModified\":\"2020-04-01T19:47:47+00:00\",\"mainEntityOfPage\":{\"@id\":\"https:\/\/www.asavar.net\/blog\/2020\/03\/08\/sosa-2902-comment-ne-pas-le-trouver\/\"},\"wordCount\":1572,\"commentCount\":0,\"publisher\":{\"@id\":\"https:\/\/www.asavar.net\/blog\/#\/schema\/person\/1dac85d1f2ae9333ccd3fd359d1bf303\"},\"image\":{\"@id\":\"https:\/\/www.asavar.net\/blog\/2020\/03\/08\/sosa-2902-comment-ne-pas-le-trouver\/#primaryimage\"},\"thumbnailUrl\":\"https:\/\/www.asavar.net\/blog\/wp-content\/uploads\/2020\/03\/pixiz-06-03-2020-23-35-10.jpg\",\"keywords\":[\"#29fevrier\",\"#sosa2902\"],\"articleSection\":[\"G\u00e9n\u00e9alogie\"],\"inLanguage\":\"fr-FR\",\"potentialAction\":[{\"@type\":\"CommentAction\",\"name\":\"Comment\",\"target\":[\"https:\/\/www.asavar.net\/blog\/2020\/03\/08\/sosa-2902-comment-ne-pas-le-trouver\/#respond\"]}]},{\"@type\":\"WebPage\",\"@id\":\"https:\/\/www.asavar.net\/blog\/2020\/03\/08\/sosa-2902-comment-ne-pas-le-trouver\/\",\"url\":\"https:\/\/www.asavar.net\/blog\/2020\/03\/08\/sosa-2902-comment-ne-pas-le-trouver\/\",\"name\":\"SOSA 2902 : Comment ne pas le trouver ! - Le vide-grenier d&#039;Asavar\",\"isPartOf\":{\"@id\":\"https:\/\/www.asavar.net\/blog\/#website\"},\"primaryImageOfPage\":{\"@id\":\"https:\/\/www.asavar.net\/blog\/2020\/03\/08\/sosa-2902-comment-ne-pas-le-trouver\/#primaryimage\"},\"image\":{\"@id\":\"https:\/\/www.asavar.net\/blog\/2020\/03\/08\/sosa-2902-comment-ne-pas-le-trouver\/#primaryimage\"},\"thumbnailUrl\":\"https:\/\/www.asavar.net\/blog\/wp-content\/uploads\/2020\/03\/pixiz-06-03-2020-23-35-10.jpg\",\"datePublished\":\"2020-03-08T08:00:00+00:00\",\"dateModified\":\"2020-04-01T19:47:47+00:00\",\"description\":\"Pour ce 29 F\u00e9vrier qui n\u2019arrive que tous les quatre ans, je souhaitais trouver quelque chose \u00e0 associer au fameux hashtag #29f\u00e9vrier.\",\"inLanguage\":\"fr-FR\",\"potentialAction\":[{\"@type\":\"ReadAction\",\"target\":[\"https:\/\/www.asavar.net\/blog\/2020\/03\/08\/sosa-2902-comment-ne-pas-le-trouver\/\"]}]},{\"@type\":\"ImageObject\",\"inLanguage\":\"fr-FR\",\"@id\":\"https:\/\/www.asavar.net\/blog\/2020\/03\/08\/sosa-2902-comment-ne-pas-le-trouver\/#primaryimage\",\"url\":\"https:\/\/www.asavar.net\/blog\/wp-content\/uploads\/2020\/03\/pixiz-06-03-2020-23-35-10.jpg\",\"contentUrl\":\"https:\/\/www.asavar.net\/blog\/wp-content\/uploads\/2020\/03\/pixiz-06-03-2020-23-35-10.jpg\",\"width\":1024,\"height\":734,\"caption\":\"Que faire le pour le 29 f\u00e9vrier ?\"},{\"@type\":\"WebSite\",\"@id\":\"https:\/\/www.asavar.net\/blog\/#website\",\"url\":\"https:\/\/www.asavar.net\/blog\/\",\"name\":\"Le vide-grenier d&#039;Asavar\",\"description\":\"Virtuel mais pas forc\u00e9ment poussi\u00e9reux\",\"publisher\":{\"@id\":\"https:\/\/www.asavar.net\/blog\/#\/schema\/person\/1dac85d1f2ae9333ccd3fd359d1bf303\"},\"potentialAction\":[{\"@type\":\"SearchAction\",\"target\":{\"@type\":\"EntryPoint\",\"urlTemplate\":\"https:\/\/www.asavar.net\/blog\/?s={search_term_string}\"},\"query-input\":{\"@type\":\"PropertyValueSpecification\",\"valueRequired\":true,\"valueName\":\"search_term_string\"}}],\"inLanguage\":\"fr-FR\"},{\"@type\":[\"Person\",\"Organization\"],\"@id\":\"https:\/\/www.asavar.net\/blog\/#\/schema\/person\/1dac85d1f2ae9333ccd3fd359d1bf303\",\"name\":\"Asavar\",\"image\":{\"@type\":\"ImageObject\",\"inLanguage\":\"fr-FR\",\"@id\":\"https:\/\/www.asavar.net\/blog\/#\/schema\/person\/image\/\",\"url\":\"https:\/\/secure.gravatar.com\/avatar\/417bd47d3e1676e2b0d7c39b2ef87304659819698adabc98296ebe9b659a0e21?s=96&d=wavatar&r=g\",\"contentUrl\":\"https:\/\/secure.gravatar.com\/avatar\/417bd47d3e1676e2b0d7c39b2ef87304659819698adabc98296ebe9b659a0e21?s=96&d=wavatar&r=g\",\"caption\":\"Asavar\"},\"logo\":{\"@id\":\"https:\/\/www.asavar.net\/blog\/#\/schema\/person\/image\/\"},\"sameAs\":[\"http:\/\/www.asavar.net\"]}]}<\/script>\n<!-- \/ Yoast SEO plugin. -->","yoast_head_json":{"title":"SOSA 2902 : Comment ne pas le trouver ! - Le vide-grenier d&#039;Asavar","description":"Pour ce 29 F\u00e9vrier qui n\u2019arrive que tous les quatre ans, je souhaitais trouver quelque chose \u00e0 associer au fameux hashtag #29f\u00e9vrier.","robots":{"index":"index","follow":"follow","max-snippet":"max-snippet:-1","max-image-preview":"max-image-preview:large","max-video-preview":"max-video-preview:-1"},"canonical":"https:\/\/www.asavar.net\/blog\/2020\/03\/08\/sosa-2902-comment-ne-pas-le-trouver\/","og_locale":"fr_FR","og_type":"article","og_title":"SOSA 2902 : Comment ne pas le trouver ! - Le vide-grenier d&#039;Asavar","og_description":"Pour ce 29 F\u00e9vrier qui n\u2019arrive que tous les quatre ans, je souhaitais trouver quelque chose \u00e0 associer au fameux hashtag #29f\u00e9vrier.","og_url":"https:\/\/www.asavar.net\/blog\/2020\/03\/08\/sosa-2902-comment-ne-pas-le-trouver\/","og_site_name":"Le vide-grenier d&#039;Asavar","article_published_time":"2020-03-08T08:00:00+00:00","article_modified_time":"2020-04-01T19:47:47+00:00","og_image":[{"width":1024,"height":734,"url":"https:\/\/www.asavar.net\/blog\/wp-content\/uploads\/2020\/03\/pixiz-06-03-2020-23-35-10.jpg","type":"image\/jpeg"}],"author":"Asavar","twitter_card":"summary_large_image","twitter_creator":"@vmarty","twitter_site":"@vmarty","twitter_misc":{"\u00c9crit par":"Asavar","Dur\u00e9e de lecture estim\u00e9e":"8 minutes"},"schema":{"@context":"https:\/\/schema.org","@graph":[{"@type":"Article","@id":"https:\/\/www.asavar.net\/blog\/2020\/03\/08\/sosa-2902-comment-ne-pas-le-trouver\/#article","isPartOf":{"@id":"https:\/\/www.asavar.net\/blog\/2020\/03\/08\/sosa-2902-comment-ne-pas-le-trouver\/"},"author":{"name":"Asavar","@id":"https:\/\/www.asavar.net\/blog\/#\/schema\/person\/1dac85d1f2ae9333ccd3fd359d1bf303"},"headline":"SOSA 2902 : Comment ne pas le trouver !","datePublished":"2020-03-08T08:00:00+00:00","dateModified":"2020-04-01T19:47:47+00:00","mainEntityOfPage":{"@id":"https:\/\/www.asavar.net\/blog\/2020\/03\/08\/sosa-2902-comment-ne-pas-le-trouver\/"},"wordCount":1572,"commentCount":0,"publisher":{"@id":"https:\/\/www.asavar.net\/blog\/#\/schema\/person\/1dac85d1f2ae9333ccd3fd359d1bf303"},"image":{"@id":"https:\/\/www.asavar.net\/blog\/2020\/03\/08\/sosa-2902-comment-ne-pas-le-trouver\/#primaryimage"},"thumbnailUrl":"https:\/\/www.asavar.net\/blog\/wp-content\/uploads\/2020\/03\/pixiz-06-03-2020-23-35-10.jpg","keywords":["#29fevrier","#sosa2902"],"articleSection":["G\u00e9n\u00e9alogie"],"inLanguage":"fr-FR","potentialAction":[{"@type":"CommentAction","name":"Comment","target":["https:\/\/www.asavar.net\/blog\/2020\/03\/08\/sosa-2902-comment-ne-pas-le-trouver\/#respond"]}]},{"@type":"WebPage","@id":"https:\/\/www.asavar.net\/blog\/2020\/03\/08\/sosa-2902-comment-ne-pas-le-trouver\/","url":"https:\/\/www.asavar.net\/blog\/2020\/03\/08\/sosa-2902-comment-ne-pas-le-trouver\/","name":"SOSA 2902 : Comment ne pas le trouver ! - Le vide-grenier d&#039;Asavar","isPartOf":{"@id":"https:\/\/www.asavar.net\/blog\/#website"},"primaryImageOfPage":{"@id":"https:\/\/www.asavar.net\/blog\/2020\/03\/08\/sosa-2902-comment-ne-pas-le-trouver\/#primaryimage"},"image":{"@id":"https:\/\/www.asavar.net\/blog\/2020\/03\/08\/sosa-2902-comment-ne-pas-le-trouver\/#primaryimage"},"thumbnailUrl":"https:\/\/www.asavar.net\/blog\/wp-content\/uploads\/2020\/03\/pixiz-06-03-2020-23-35-10.jpg","datePublished":"2020-03-08T08:00:00+00:00","dateModified":"2020-04-01T19:47:47+00:00","description":"Pour ce 29 F\u00e9vrier qui n\u2019arrive que tous les quatre ans, je souhaitais trouver quelque chose \u00e0 associer au fameux hashtag #29f\u00e9vrier.","inLanguage":"fr-FR","potentialAction":[{"@type":"ReadAction","target":["https:\/\/www.asavar.net\/blog\/2020\/03\/08\/sosa-2902-comment-ne-pas-le-trouver\/"]}]},{"@type":"ImageObject","inLanguage":"fr-FR","@id":"https:\/\/www.asavar.net\/blog\/2020\/03\/08\/sosa-2902-comment-ne-pas-le-trouver\/#primaryimage","url":"https:\/\/www.asavar.net\/blog\/wp-content\/uploads\/2020\/03\/pixiz-06-03-2020-23-35-10.jpg","contentUrl":"https:\/\/www.asavar.net\/blog\/wp-content\/uploads\/2020\/03\/pixiz-06-03-2020-23-35-10.jpg","width":1024,"height":734,"caption":"Que faire le pour le 29 f\u00e9vrier ?"},{"@type":"WebSite","@id":"https:\/\/www.asavar.net\/blog\/#website","url":"https:\/\/www.asavar.net\/blog\/","name":"Le vide-grenier d&#039;Asavar","description":"Virtuel mais pas forc\u00e9ment poussi\u00e9reux","publisher":{"@id":"https:\/\/www.asavar.net\/blog\/#\/schema\/person\/1dac85d1f2ae9333ccd3fd359d1bf303"},"potentialAction":[{"@type":"SearchAction","target":{"@type":"EntryPoint","urlTemplate":"https:\/\/www.asavar.net\/blog\/?s={search_term_string}"},"query-input":{"@type":"PropertyValueSpecification","valueRequired":true,"valueName":"search_term_string"}}],"inLanguage":"fr-FR"},{"@type":["Person","Organization"],"@id":"https:\/\/www.asavar.net\/blog\/#\/schema\/person\/1dac85d1f2ae9333ccd3fd359d1bf303","name":"Asavar","image":{"@type":"ImageObject","inLanguage":"fr-FR","@id":"https:\/\/www.asavar.net\/blog\/#\/schema\/person\/image\/","url":"https:\/\/secure.gravatar.com\/avatar\/417bd47d3e1676e2b0d7c39b2ef87304659819698adabc98296ebe9b659a0e21?s=96&d=wavatar&r=g","contentUrl":"https:\/\/secure.gravatar.com\/avatar\/417bd47d3e1676e2b0d7c39b2ef87304659819698adabc98296ebe9b659a0e21?s=96&d=wavatar&r=g","caption":"Asavar"},"logo":{"@id":"https:\/\/www.asavar.net\/blog\/#\/schema\/person\/image\/"},"sameAs":["http:\/\/www.asavar.net"]}]}},"jetpack_publicize_connections":[],"jetpack_featured_media_url":"https:\/\/www.asavar.net\/blog\/wp-content\/uploads\/2020\/03\/pixiz-06-03-2020-23-35-10.jpg","jetpack_shortlink":"https:\/\/wp.me\/pkpG2-yp","jetpack_likes_enabled":true,"jetpack-related-posts":[],"jetpack_sharing_enabled":true,"_links":{"self":[{"href":"https:\/\/www.asavar.net\/blog\/wp-json\/wp\/v2\/posts\/2133","targetHints":{"allow":["GET"]}}],"collection":[{"href":"https:\/\/www.asavar.net\/blog\/wp-json\/wp\/v2\/posts"}],"about":[{"href":"https:\/\/www.asavar.net\/blog\/wp-json\/wp\/v2\/types\/post"}],"author":[{"embeddable":true,"href":"https:\/\/www.asavar.net\/blog\/wp-json\/wp\/v2\/users\/2"}],"replies":[{"embeddable":true,"href":"https:\/\/www.asavar.net\/blog\/wp-json\/wp\/v2\/comments?post=2133"}],"version-history":[{"count":26,"href":"https:\/\/www.asavar.net\/blog\/wp-json\/wp\/v2\/posts\/2133\/revisions"}],"predecessor-version":[{"id":2249,"href":"https:\/\/www.asavar.net\/blog\/wp-json\/wp\/v2\/posts\/2133\/revisions\/2249"}],"wp:featuredmedia":[{"embeddable":true,"href":"https:\/\/www.asavar.net\/blog\/wp-json\/wp\/v2\/media\/2146"}],"wp:attachment":[{"href":"https:\/\/www.asavar.net\/blog\/wp-json\/wp\/v2\/media?parent=2133"}],"wp:term":[{"taxonomy":"category","embeddable":true,"href":"https:\/\/www.asavar.net\/blog\/wp-json\/wp\/v2\/categories?post=2133"},{"taxonomy":"post_tag","embeddable":true,"href":"https:\/\/www.asavar.net\/blog\/wp-json\/wp\/v2\/tags?post=2133"}],"curies":[{"name":"wp","href":"https:\/\/api.w.org\/{rel}","templated":true}]}}