{"id":2202,"date":"2020-03-31T09:00:00","date_gmt":"2020-03-31T08:00:00","guid":{"rendered":"https:\/\/www.asavar.net\/blog\/?p=2202"},"modified":"2020-04-01T20:46:22","modified_gmt":"2020-04-01T19:46:22","slug":"geneatheme-la-bibliotheque-bombardee","status":"publish","type":"post","link":"https:\/\/www.asavar.net\/blog\/2020\/03\/31\/geneatheme-la-bibliotheque-bombardee\/","title":{"rendered":"G\u00e9n\u00e9ath\u00e8me : La biblioth\u00e8que bombard\u00e9e"},"content":{"rendered":"\n<p>Chaque mois <a href=\"https:\/\/la-gazette-des-ancetres.fr\/\" target=\"_blank\" rel=\"noreferrer noopener\" aria-label=\" (opens in a new tab)\">Sophie Boudarel du blog \u00ab\u00a0La gazette des anc\u00eatres<\/a>\u00a0\u00bb propose aux g\u00e9n\u00e9ablogueurs une th\u00e9matique, le g\u00e9n\u00e9ath\u00e8me, pour (au moins) un article.<br>Ce mois-ci, le th\u00e8me propos\u00e9 \u00e9tait de mettre en sc\u00e8ne un objet transmis par nos anc\u00eatres. <br>J\u2019ai choisi <strong><em>la biblioth\u00e8que bombard\u00e9e<\/em><\/strong> de mes grands-parents.<\/p>\n\n\n\n<div class=\"wp-block-columns is-layout-flex wp-container-core-columns-is-layout-9d6595d7 wp-block-columns-is-layout-flex\">\n<div class=\"wp-block-column is-layout-flow wp-block-column-is-layout-flow\">\n<p class=\"has-text-align-left\"><br> <br><br>Ce n\u2019est pas que je sois super fan du style de cette biblioth\u00e8que, coinc\u00e9 entre <a rel=\"noreferrer noopener\" aria-label=\" (opens in a new tab)\" href=\"https:\/\/fr.wikipedia.org\/wiki\/Art_nouveau\" target=\"_blank\">art nouveau<\/a> et <a rel=\"noreferrer noopener\" aria-label=\" (opens in a new tab)\" href=\"https:\/\/fr.wikipedia.org\/wiki\/Art_d%C3%A9co\" target=\"_blank\">art d\u00e9co<\/a>. <br><br>On lui trouve les caract\u00e9ristiques des meubles des ann\u00e9es 30. En plus de ses d\u00e9cors floraux, elle commence \u00e0 int\u00e9grer des formes de bois torsad\u00e9s. <br><br>Je ne suis pas sp\u00e9cialiste des meubles anciens, mais je peux en tout cas dire qu&rsquo;elle n&rsquo;est ni suffisamment art nouveau ni suffisamment art d\u00e9co pour avoir beaucoup de valeur.<br><br>De plus, l&rsquo;\u00e9paisseur du bois la composant et son \u00e9tat n&rsquo;en font pas un meuble d&rsquo;une valeur financi\u00e8re importante. <\/p>\n<\/div>\n\n\n\n<div class=\"wp-block-column is-layout-flow wp-block-column-is-layout-flow\">\n<figure class=\"wp-block-image size-large is-resized\"><img loading=\"lazy\" decoding=\"async\" src=\"https:\/\/www.asavar.net\/blog\/wp-content\/uploads\/2020\/03\/Armoire-434x1024.jpg\" alt=\"\" class=\"wp-image-2225\" width=\"251\" height=\"591\"\/><figcaption>Une Biblioth\u00e8que pour un g\u00e9n\u00e9ath\u00e8me<\/figcaption><\/figure>\n<\/div>\n<\/div>\n\n\n\n<p>Alors me direz-vous : Pourquoi l&rsquo;avoir choisie pour ce g\u00e9n\u00e9ath\u00e8me ?<br>Parce que sa particularit\u00e9, comme indiqu\u00e9e dans le titre de l&rsquo;article, r\u00e9side dans le bombardement \ud83d\ude42<br>Cette biblioth\u00e8que contient un \u00e9clat de bombe re\u00e7u pendant la deuxi\u00e8me guerre mondiale. Il est aujourd&rsquo;hui encore ins\u00e9r\u00e9 dans le bois.<br>Lorsque j&rsquo;\u00e9tais enfant, ce morceau de m\u00e9tal (et son histoire) me fascinait au point que, \u00e0 chaque visite chez mes grands-parents, j&rsquo;allais voir cette biblioth\u00e8que dans l\u2019entr\u00e9e de l\u2019appartement pour y toucher bois et m\u00e9tal.<\/p>\n\n\n\n<p>Mais remettons nous dans le contexte de ce g\u00e9n\u00e9ath\u00e8me en commen\u00e7ant par mes grands parents.<\/p>\n\n\n\n<h2 class=\"wp-block-heading\">Mes grands-parents paternels Pierre et Simonne<\/h2>\n\n\n\n<p>Pierre et Simonne font le lien entre deux parties de ma famille, celle issue du cantal d\u2019o\u00f9 Pierre est originaire et celle issue du nord de la France, la Somme o\u00f9 est n\u00e9e Simonne.<\/p>\n\n\n\n<figure class=\"wp-block-image size-large class=\u201dcentered\u201d\"><img loading=\"lazy\" decoding=\"async\" width=\"595\" height=\"1024\" src=\"https:\/\/www.asavar.net\/blog\/wp-content\/uploads\/2020\/03\/Pierre-et-Simone.png-595x1024.jpg\" alt=\"Geneath\u00e8me  La Biblioth\u00e8que bombard\u00e9e\" class=\"wp-image-2211\" srcset=\"https:\/\/www.asavar.net\/blog\/wp-content\/uploads\/2020\/03\/Pierre-et-Simone.png-595x1024.jpg 595w, https:\/\/www.asavar.net\/blog\/wp-content\/uploads\/2020\/03\/Pierre-et-Simone.png-174x300.jpg 174w, https:\/\/www.asavar.net\/blog\/wp-content\/uploads\/2020\/03\/Pierre-et-Simone.png-640x1101.jpg 640w, https:\/\/www.asavar.net\/blog\/wp-content\/uploads\/2020\/03\/Pierre-et-Simone.png.jpg 691w\" sizes=\"auto, (max-width: 595px) 100vw, 595px\" \/><figcaption> Pierre et Simonne, mes grands parents paternels<\/figcaption><\/figure>\n\n\n\n<h4 class=\"wp-block-heading\">D<strong>\u2019<\/strong>o\u00f9 viennent ils ?<\/h4>\n\n\n\n<p>Honneur \u00e0 la dame : Simonne est n\u00e9e Doyen (Simonne Louise Elisa) en 1909 \u00e0 Abbeville dans la Somme. Pas de faute d\u2019orthographe, son pr\u00e9nom s\u2019\u00e9crit bien avec deux \u00ab n \u00bb et est bien sur d\u00e9riv\u00e9 du pr\u00e9nom Simone. Peu donn\u00e9 sous cette forme-ci, il semble qu\u2019il fut assez en vogue dans les ann\u00e9es 20.<br>Ses parents Paul et Gabrielle (Maillet) tiennent un commerce \u00e0 Abbeville.<br>Gabrielle y est corseti\u00e8re alors que Paul a eu une carri\u00e8re militaire auparavant. <br>S\u2019il a servi, bien sur, durant la premi\u00e8re guerre mondiale, il ne conna\u00eetra pas la seconde, d\u00e9c\u00e9dant en 1930. Gabrielle la conna\u00eetra puisqu\u2019elle mourra \u00e0 Amiens en 1946.<br>Son ascendance, d\u2019origine du Pas-de-Calais, remonte, \u00e0 aujourd\u2019hui dans ce que je connais, jusqu\u2019en 1643.<br>En ce qui concerne Paul, son ascendance partag\u00e9e entre la Somme et l\u2019Aisne remonte, toujours avec ce que j\u2019en connais aujourd\u2019hui, \u00e0 1600.<\/p>\n\n\n\n<p>Passons maintenant \u00e0 Pierre. <br>Nous sommes dans une toute autre partie de la France. En effet, Pierre a vu le jour en 1906 \u00e0 Saint-\u00c9tienne de Carlat dans le Cantal.<br>Ses parents, Calixte et Marie Louise (Bruel) y sont cultivateurs et seront plus tard commer\u00e7ants. Je me souviens encore avoir pass\u00e9 du temps, petit gar\u00e7on, dans leur \u00e9picerie d\u2019Aurillac. (<a rel=\"noreferrer noopener\" href=\"https:\/\/twitter.com\/vmarty\/status\/1236982702965997568?s=21\" target=\"_blank\">Post\u00e9e en photo dans une session de #1jour1anc\u00eatre<\/a>).<br><br>Leur ascendance \u00e0 tous les deux semble tr\u00e8s locale dans ce petit coin du cantal entre Aurillac, Saint \u00c9tienne de Carlat, Saint Jacques des Blats et autres Thi\u00e9zac.<br><br>Pour Marie Louise, \u00e0 l\u2019heure actuelle, son ascendance connue remonte autour de 1600, quand celle de Calixte plafonne autour de 1670.<\/p>\n\n\n\n<h4 class=\"wp-block-heading\">Une rencontre gr\u00e2ce \u00e0 l\u2019administration<\/h4>\n\n\n\n<p>Et oui, l\u2019administration aura tout fait pour que mes grands parents finissent par se rencontrer. A commencer par l\u2019affectation de Pierre pour effectuer son service militaire.<br>Il le fera en effet, de mai 1926 \u00e0 novembre 1927, au mus\u00e9e des arm\u00e9es \u00e0 l\u2019h\u00f4tel des Invalides \u00e0 Paris. Voil\u00e0 d\u00e9j\u00e0 un bon bout de chemin effectu\u00e9 entre Aurillac et Abbeville \ud83d\ude42<br>A la suite de ce service militaire, il retourne dans l\u2019administration. Il demande l\u2019appui d\u2019un g\u00e9n\u00e9ral pour \u00eatre affect\u00e9 dans une r\u00e9gion du centre ou du midi de la France. Ce ne devait pas \u00eatre le bon puisqu\u2019il est affect\u00e9 Commis aux enregistrements au bureau des actes judiciaires &#8230; d\u2019Abbeville.<\/p>\n\n\n\n<p>Apr\u00e8s s\u2019\u00eatre rencontr\u00e9s, ils se marieront en 1929 \u00e0 Abbeville. Ils partiront sur Amiens probablement dans le cadre d\u2019une mutation professionnelle apr\u00e8s la naissance de mon p\u00e8re.<\/p>\n\n\n\n<h4 class=\"wp-block-heading\"><strong>1<\/strong>944 \u00e0 Amiens : Bombardements de la <strong>Pentec\u00f4te<\/strong><\/h4>\n\n\n\n<p>A l\u2019\u00e9poque, mes grands parents habitaient \u00e0 Amiens rue Vaquette. Cette rue nomm\u00e9e en l\u2019honneur de Jean Vaquette (1658-1739), l\u2019un des premiers maires d\u2019Amiens, fait partie du <a rel=\"noreferrer noopener\" href=\"https:\/\/fr.wikipedia.org\/wiki\/Quartiers_d%27Amiens\" target=\"_blank\">quartier Saint-Acheul<\/a>. C\u2019est une longue rue entre deux axes plus importants constitu\u00e9e de maisons typiquement ami\u00e9noises en briques rouges.<br>On peut supposer que ces maisons datent de l\u2019apr\u00e8s guerre. Amiens fut presque int\u00e9gralement d\u00e9truite par les bombardement successifs de la seconde guerre mondiale.<br><br>On peut ainsi citer : <\/p>\n\n\n\n<ul class=\"wp-block-list\"><li>Les journ\u00e9es du 18 et 19 mai 1940 d\u00e9truisirent une grande partie du centre ville, la gare et plusieurs quartiers. Il y eu un incendie qui dura 5 jours mais qui \u00e0 l\u2019instar des bombes \u00e9pargna la cath\u00e9drale d\u2019Amiens. Ce sont \u00e0 ce moment les allemands qui sont \u00e0 la manoeuvre.<\/li><li>L\u2019op\u00e9ration dite \u00ab Jericho \u00bb, bombardement de la prison d\u2019Amiens le 18 f\u00e9vrier 1944 par &#8230; les anglais.<\/li><li>Enfin les bombardements de la Pentec\u00f4te 1944 sont ceux qui nous int\u00e9ressent plus particuli\u00e8rement dans le cadre de ce g\u00e9n\u00e9ath\u00e8me. Ils ont fait plus de 200 morts et d\u00e9truit environ 4 000 maisons dont la maison de mes grands-parents. Les am\u00e9ricains \u00ab s\u2019y collent \u00bb faisant d\u2019Amiens une ville particuli\u00e8rement touch\u00e9e \u00e0 la fois par ses ennemis et pas ses alli\u00e9s.<\/li><\/ul>\n\n\n\n<p>Mes grands-parents, ainsi que mon p\u00e8re, alors adolescent, avaient trouv\u00e9 refuge dans la cave de leur maison. Ils ont ainsi pu survivre sans blessure \u00e0 cette ultime session de bombardement effectu\u00e9e en pr\u00e9vision du d\u00e9barquement.<\/p>\n\n\n\n<p>Notre biblioth\u00e8que dont je ne connais pas la provenance \u00e9tait pr\u00e9sente dans la maison rue Vaquette. Si elle n\u2019a pas \u00e9t\u00e9 d\u00e9truite, elle porte bien les stigmates de cette Pentec\u00f4te 1944.<br><br>On peut penser que mes grands parents en ont fait l\u2019acquisition avant la guerre soit neuve soit d\u2019occasion. Mon grand-p\u00e8re \u00e9tait plut\u00f4t un amateur de la salle des ventes. <br><br>Je vous laisse d\u00e9couvrir sur les photos les impacts et l\u2019\u00e9tat de la biblioth\u00e8que bombard\u00e9e de ce g\u00e9n\u00e9ath\u00e8me. La question se pose r\u00e9guli\u00e8rement de la remettre en \u00e9tat et de la r\u00e9parer. Je ne le souhaite pas car pour moi sa valeur principale r\u00e9side dans le symbole qu\u2019elle repr\u00e9sente. Symbole d\u2019un danger \u00e9vit\u00e9 qui a permis \u00e0 ma famille de continuer \u00e0 exister.<\/p>\n\n\n\n<p><\/p>\n\n\n\n<div class=\"wp-block-group\"><div class=\"wp-block-group__inner-container is-layout-flow wp-block-group-is-layout-flow\">\n<figure class=\"wp-block-image size-large\"><img loading=\"lazy\" decoding=\"async\" width=\"1024\" height=\"768\" src=\"https:\/\/www.asavar.net\/blog\/wp-content\/uploads\/2020\/03\/IMG_20200329_184255-1024x768.jpg\" alt=\"\" class=\"wp-image-2226\" srcset=\"https:\/\/www.asavar.net\/blog\/wp-content\/uploads\/2020\/03\/IMG_20200329_184255-1024x768.jpg 1024w, https:\/\/www.asavar.net\/blog\/wp-content\/uploads\/2020\/03\/IMG_20200329_184255-300x225.jpg 300w, https:\/\/www.asavar.net\/blog\/wp-content\/uploads\/2020\/03\/IMG_20200329_184255-768x576.jpg 768w, https:\/\/www.asavar.net\/blog\/wp-content\/uploads\/2020\/03\/IMG_20200329_184255-1536x1152.jpg 1536w, https:\/\/www.asavar.net\/blog\/wp-content\/uploads\/2020\/03\/IMG_20200329_184255-2048x1536.jpg 2048w, https:\/\/www.asavar.net\/blog\/wp-content\/uploads\/2020\/03\/IMG_20200329_184255-640x480.jpg 640w\" sizes=\"auto, (max-width: 1024px) 100vw, 1024px\" \/><\/figure>\n<\/div><\/div>\n\n\n\n<div class=\"wp-block-columns is-layout-flex wp-container-core-columns-is-layout-9d6595d7 wp-block-columns-is-layout-flex\">\n<div class=\"wp-block-column is-layout-flow wp-block-column-is-layout-flow\">\n<figure class=\"wp-block-image size-large\"><img loading=\"lazy\" decoding=\"async\" width=\"1024\" height=\"768\" src=\"https:\/\/www.asavar.net\/blog\/wp-content\/uploads\/2020\/03\/IMG_20200329_184315-1024x768.jpg\" alt=\"G\u00e9n\u00e9ath\u00e8me la partie abim\u00e9e\" class=\"wp-image-2227\" srcset=\"https:\/\/www.asavar.net\/blog\/wp-content\/uploads\/2020\/03\/IMG_20200329_184315-1024x768.jpg 1024w, https:\/\/www.asavar.net\/blog\/wp-content\/uploads\/2020\/03\/IMG_20200329_184315-300x225.jpg 300w, https:\/\/www.asavar.net\/blog\/wp-content\/uploads\/2020\/03\/IMG_20200329_184315-768x576.jpg 768w, https:\/\/www.asavar.net\/blog\/wp-content\/uploads\/2020\/03\/IMG_20200329_184315-1536x1152.jpg 1536w, https:\/\/www.asavar.net\/blog\/wp-content\/uploads\/2020\/03\/IMG_20200329_184315-2048x1536.jpg 2048w, https:\/\/www.asavar.net\/blog\/wp-content\/uploads\/2020\/03\/IMG_20200329_184315-640x480.jpg 640w\" sizes=\"auto, (max-width: 1024px) 100vw, 1024px\" \/><\/figure>\n<\/div>\n\n\n\n<div class=\"wp-block-column is-layout-flow wp-block-column-is-layout-flow\">\n<figure class=\"wp-block-image size-large\"><img loading=\"lazy\" decoding=\"async\" width=\"1024\" height=\"768\" src=\"https:\/\/www.asavar.net\/blog\/wp-content\/uploads\/2020\/03\/IMG_20200329_184352-1024x768.jpg\" alt=\"G\u00e9n\u00e9ath\u00e8me gros plan sur l'\u00e9clat\" class=\"wp-image-2228\" srcset=\"https:\/\/www.asavar.net\/blog\/wp-content\/uploads\/2020\/03\/IMG_20200329_184352-1024x768.jpg 1024w, https:\/\/www.asavar.net\/blog\/wp-content\/uploads\/2020\/03\/IMG_20200329_184352-300x225.jpg 300w, https:\/\/www.asavar.net\/blog\/wp-content\/uploads\/2020\/03\/IMG_20200329_184352-768x576.jpg 768w, https:\/\/www.asavar.net\/blog\/wp-content\/uploads\/2020\/03\/IMG_20200329_184352-1536x1152.jpg 1536w, https:\/\/www.asavar.net\/blog\/wp-content\/uploads\/2020\/03\/IMG_20200329_184352-2048x1536.jpg 2048w, https:\/\/www.asavar.net\/blog\/wp-content\/uploads\/2020\/03\/IMG_20200329_184352-640x480.jpg 640w\" sizes=\"auto, (max-width: 1024px) 100vw, 1024px\" \/><figcaption>Une biblioth\u00e8que avec de l&rsquo;\u00e9clat<\/figcaption><\/figure>\n<\/div>\n<\/div>\n\n\n\n<div class=\"wp-block-group\"><div class=\"wp-block-group__inner-container is-layout-flow wp-block-group-is-layout-flow\">\n<p>S\u2019il est bien une philosophie que nous pouvons tirer de cette g\u00e9n\u00e9alogie, c\u2019est que la vie que nous avons est issue de tellement de fils si t\u00e9nus et fragiles que nous nous devons d\u2019en profiter le plus possible.<br><a href=\"https:\/\/www.asavar.net\/blog\/2012\/02\/07\/genealogie-quete-collection-histoire\/\">Chacun est toutefois libre d&rsquo;y chercher ce qu&rsquo;il souhaite<\/a> \ud83d\ude42<\/p>\n\n\n\n<p>En toute fin, <strong><em>petit coucou et gros merci \u00e0 ma s\u0153ur<\/em><\/strong> qui a men\u00e9 une grande partie des recherches g\u00e9n\u00e9alogiques sur cette partie de la famille et qui, encore avant-hier, m\u2019envoyait des scans de documents familiaux qui ont servi pour ce g\u00e9n\u00e9ath\u00e8me de Mars 2020.<\/p>\n<\/div><\/div>\n","protected":false},"excerpt":{"rendered":"<p>Pour ce g\u00e9n\u00e9ath\u00e8me de Mars 2020, parlons de la biblioth\u00e8que un peu particuli\u00e8re de mes grands-parents.<br \/>\nElle \u00e9tait chez mes grands-parents <a href=\"https:\/\/www.asavar.net\/blog\/2020\/03\/31\/geneatheme-la-bibliotheque-bombardee\/\" class=\"more-link\">Continuer la lecture <span class=\"meta-nav\">&rarr;<\/span><\/a><\/p>\n","protected":false},"author":2,"featured_media":2224,"comment_status":"open","ping_status":"closed","sticky":false,"template":"","format":"standard","meta":{"ngg_post_thumbnail":0,"jetpack_post_was_ever_published":false,"_jetpack_newsletter_access":"","_jetpack_dont_email_post_to_subs":false,"_jetpack_newsletter_tier_id":0,"_jetpack_memberships_contains_paywalled_content":false,"_jetpack_memberships_contains_paid_content":false,"footnotes":"","jetpack_publicize_message":"Partant du principe que c'est au pied du mur ... que l'on voit le mieux le mur :) pour le dernier jour du mois voici mon #G\u00e9n\u00e9ath\u00e8me : La biblioth\u00e8que bombard\u00e9e","jetpack_publicize_feature_enabled":true,"jetpack_social_post_already_shared":true,"jetpack_social_options":{"image_generator_settings":{"template":"highway","default_image_id":0,"font":"","enabled":false},"version":2}},"categories":[45],"tags":[172],"class_list":["post-2202","post","type-post","status-publish","format-standard","has-post-thumbnail","hentry","category-genealogie","tag-geneatheme"],"yoast_head":"<!-- This site is optimized with the Yoast SEO plugin v26.4 - https:\/\/yoast.com\/wordpress\/plugins\/seo\/ -->\n<title>G\u00e9n\u00e9ath\u00e8me : La biblioth\u00e8que bombard\u00e9e - Le vide-grenier d&#039;Asavar<\/title>\n<meta name=\"description\" content=\"Pour ce g\u00e9n\u00e9ath\u00e8me de Mars 2020, parlons de la biblioth\u00e8que un peu particuli\u00e8re de mes grands-parents. Elle \u00e9tait chez mes grands-parents\" \/>\n<meta name=\"robots\" content=\"index, follow, max-snippet:-1, max-image-preview:large, max-video-preview:-1\" \/>\n<link rel=\"canonical\" href=\"https:\/\/www.asavar.net\/blog\/2020\/03\/31\/geneatheme-la-bibliotheque-bombardee\/\" \/>\n<meta property=\"og:locale\" content=\"fr_FR\" \/>\n<meta property=\"og:type\" content=\"article\" \/>\n<meta property=\"og:title\" content=\"G\u00e9n\u00e9ath\u00e8me : La biblioth\u00e8que bombard\u00e9e - Le vide-grenier d&#039;Asavar\" \/>\n<meta property=\"og:description\" content=\"Pour ce g\u00e9n\u00e9ath\u00e8me de Mars 2020, parlons de la biblioth\u00e8que un peu particuli\u00e8re de mes grands-parents. Elle \u00e9tait chez mes grands-parents\" \/>\n<meta property=\"og:url\" content=\"https:\/\/www.asavar.net\/blog\/2020\/03\/31\/geneatheme-la-bibliotheque-bombardee\/\" \/>\n<meta property=\"og:site_name\" content=\"Le vide-grenier d&#039;Asavar\" \/>\n<meta property=\"article:published_time\" content=\"2020-03-31T08:00:00+00:00\" \/>\n<meta property=\"article:modified_time\" content=\"2020-04-01T19:46:22+00:00\" \/>\n<meta property=\"og:image\" content=\"https:\/\/www.asavar.net\/blog\/wp-content\/uploads\/2020\/03\/IMG_20200329_184307-scaled.jpg\" \/>\n\t<meta property=\"og:image:width\" content=\"2560\" \/>\n\t<meta property=\"og:image:height\" content=\"1920\" \/>\n\t<meta property=\"og:image:type\" content=\"image\/jpeg\" \/>\n<meta name=\"author\" content=\"Asavar\" \/>\n<meta name=\"twitter:card\" content=\"summary_large_image\" \/>\n<meta name=\"twitter:creator\" content=\"@vmarty\" \/>\n<meta name=\"twitter:site\" content=\"@vmarty\" \/>\n<meta name=\"twitter:label1\" content=\"\u00c9crit par\" \/>\n\t<meta name=\"twitter:data1\" content=\"Asavar\" \/>\n\t<meta name=\"twitter:label2\" content=\"Dur\u00e9e de lecture estim\u00e9e\" \/>\n\t<meta name=\"twitter:data2\" content=\"6 minutes\" \/>\n<script type=\"application\/ld+json\" class=\"yoast-schema-graph\">{\"@context\":\"https:\/\/schema.org\",\"@graph\":[{\"@type\":\"Article\",\"@id\":\"https:\/\/www.asavar.net\/blog\/2020\/03\/31\/geneatheme-la-bibliotheque-bombardee\/#article\",\"isPartOf\":{\"@id\":\"https:\/\/www.asavar.net\/blog\/2020\/03\/31\/geneatheme-la-bibliotheque-bombardee\/\"},\"author\":{\"name\":\"Asavar\",\"@id\":\"https:\/\/www.asavar.net\/blog\/#\/schema\/person\/1dac85d1f2ae9333ccd3fd359d1bf303\"},\"headline\":\"G\u00e9n\u00e9ath\u00e8me : La biblioth\u00e8que bombard\u00e9e\",\"datePublished\":\"2020-03-31T08:00:00+00:00\",\"dateModified\":\"2020-04-01T19:46:22+00:00\",\"mainEntityOfPage\":{\"@id\":\"https:\/\/www.asavar.net\/blog\/2020\/03\/31\/geneatheme-la-bibliotheque-bombardee\/\"},\"wordCount\":1302,\"commentCount\":5,\"publisher\":{\"@id\":\"https:\/\/www.asavar.net\/blog\/#\/schema\/person\/1dac85d1f2ae9333ccd3fd359d1bf303\"},\"image\":{\"@id\":\"https:\/\/www.asavar.net\/blog\/2020\/03\/31\/geneatheme-la-bibliotheque-bombardee\/#primaryimage\"},\"thumbnailUrl\":\"https:\/\/www.asavar.net\/blog\/wp-content\/uploads\/2020\/03\/IMG_20200329_184307-scaled.jpg\",\"keywords\":[\"#geneatheme\"],\"articleSection\":[\"G\u00e9n\u00e9alogie\"],\"inLanguage\":\"fr-FR\",\"potentialAction\":[{\"@type\":\"CommentAction\",\"name\":\"Comment\",\"target\":[\"https:\/\/www.asavar.net\/blog\/2020\/03\/31\/geneatheme-la-bibliotheque-bombardee\/#respond\"]}]},{\"@type\":\"WebPage\",\"@id\":\"https:\/\/www.asavar.net\/blog\/2020\/03\/31\/geneatheme-la-bibliotheque-bombardee\/\",\"url\":\"https:\/\/www.asavar.net\/blog\/2020\/03\/31\/geneatheme-la-bibliotheque-bombardee\/\",\"name\":\"G\u00e9n\u00e9ath\u00e8me : La biblioth\u00e8que bombard\u00e9e - Le vide-grenier d&#039;Asavar\",\"isPartOf\":{\"@id\":\"https:\/\/www.asavar.net\/blog\/#website\"},\"primaryImageOfPage\":{\"@id\":\"https:\/\/www.asavar.net\/blog\/2020\/03\/31\/geneatheme-la-bibliotheque-bombardee\/#primaryimage\"},\"image\":{\"@id\":\"https:\/\/www.asavar.net\/blog\/2020\/03\/31\/geneatheme-la-bibliotheque-bombardee\/#primaryimage\"},\"thumbnailUrl\":\"https:\/\/www.asavar.net\/blog\/wp-content\/uploads\/2020\/03\/IMG_20200329_184307-scaled.jpg\",\"datePublished\":\"2020-03-31T08:00:00+00:00\",\"dateModified\":\"2020-04-01T19:46:22+00:00\",\"description\":\"Pour ce g\u00e9n\u00e9ath\u00e8me de Mars 2020, parlons de la biblioth\u00e8que un peu particuli\u00e8re de mes grands-parents. Elle \u00e9tait chez mes grands-parents\",\"inLanguage\":\"fr-FR\",\"potentialAction\":[{\"@type\":\"ReadAction\",\"target\":[\"https:\/\/www.asavar.net\/blog\/2020\/03\/31\/geneatheme-la-bibliotheque-bombardee\/\"]}]},{\"@type\":\"ImageObject\",\"inLanguage\":\"fr-FR\",\"@id\":\"https:\/\/www.asavar.net\/blog\/2020\/03\/31\/geneatheme-la-bibliotheque-bombardee\/#primaryimage\",\"url\":\"https:\/\/www.asavar.net\/blog\/wp-content\/uploads\/2020\/03\/IMG_20200329_184307-scaled.jpg\",\"contentUrl\":\"https:\/\/www.asavar.net\/blog\/wp-content\/uploads\/2020\/03\/IMG_20200329_184307-scaled.jpg\",\"width\":2560,\"height\":1920,\"caption\":\"La Biblioth\u00e8que\"},{\"@type\":\"WebSite\",\"@id\":\"https:\/\/www.asavar.net\/blog\/#website\",\"url\":\"https:\/\/www.asavar.net\/blog\/\",\"name\":\"Le vide-grenier d&#039;Asavar\",\"description\":\"Virtuel mais pas forc\u00e9ment poussi\u00e9reux\",\"publisher\":{\"@id\":\"https:\/\/www.asavar.net\/blog\/#\/schema\/person\/1dac85d1f2ae9333ccd3fd359d1bf303\"},\"potentialAction\":[{\"@type\":\"SearchAction\",\"target\":{\"@type\":\"EntryPoint\",\"urlTemplate\":\"https:\/\/www.asavar.net\/blog\/?s={search_term_string}\"},\"query-input\":{\"@type\":\"PropertyValueSpecification\",\"valueRequired\":true,\"valueName\":\"search_term_string\"}}],\"inLanguage\":\"fr-FR\"},{\"@type\":[\"Person\",\"Organization\"],\"@id\":\"https:\/\/www.asavar.net\/blog\/#\/schema\/person\/1dac85d1f2ae9333ccd3fd359d1bf303\",\"name\":\"Asavar\",\"image\":{\"@type\":\"ImageObject\",\"inLanguage\":\"fr-FR\",\"@id\":\"https:\/\/www.asavar.net\/blog\/#\/schema\/person\/image\/\",\"url\":\"https:\/\/secure.gravatar.com\/avatar\/417bd47d3e1676e2b0d7c39b2ef87304659819698adabc98296ebe9b659a0e21?s=96&d=wavatar&r=g\",\"contentUrl\":\"https:\/\/secure.gravatar.com\/avatar\/417bd47d3e1676e2b0d7c39b2ef87304659819698adabc98296ebe9b659a0e21?s=96&d=wavatar&r=g\",\"caption\":\"Asavar\"},\"logo\":{\"@id\":\"https:\/\/www.asavar.net\/blog\/#\/schema\/person\/image\/\"},\"sameAs\":[\"http:\/\/www.asavar.net\"]}]}<\/script>\n<!-- \/ Yoast SEO plugin. -->","yoast_head_json":{"title":"G\u00e9n\u00e9ath\u00e8me : La biblioth\u00e8que bombard\u00e9e - Le vide-grenier d&#039;Asavar","description":"Pour ce g\u00e9n\u00e9ath\u00e8me de Mars 2020, parlons de la biblioth\u00e8que un peu particuli\u00e8re de mes grands-parents. Elle \u00e9tait chez mes grands-parents","robots":{"index":"index","follow":"follow","max-snippet":"max-snippet:-1","max-image-preview":"max-image-preview:large","max-video-preview":"max-video-preview:-1"},"canonical":"https:\/\/www.asavar.net\/blog\/2020\/03\/31\/geneatheme-la-bibliotheque-bombardee\/","og_locale":"fr_FR","og_type":"article","og_title":"G\u00e9n\u00e9ath\u00e8me : La biblioth\u00e8que bombard\u00e9e - Le vide-grenier d&#039;Asavar","og_description":"Pour ce g\u00e9n\u00e9ath\u00e8me de Mars 2020, parlons de la biblioth\u00e8que un peu particuli\u00e8re de mes grands-parents. Elle \u00e9tait chez mes grands-parents","og_url":"https:\/\/www.asavar.net\/blog\/2020\/03\/31\/geneatheme-la-bibliotheque-bombardee\/","og_site_name":"Le vide-grenier d&#039;Asavar","article_published_time":"2020-03-31T08:00:00+00:00","article_modified_time":"2020-04-01T19:46:22+00:00","og_image":[{"width":2560,"height":1920,"url":"https:\/\/www.asavar.net\/blog\/wp-content\/uploads\/2020\/03\/IMG_20200329_184307-scaled.jpg","type":"image\/jpeg"}],"author":"Asavar","twitter_card":"summary_large_image","twitter_creator":"@vmarty","twitter_site":"@vmarty","twitter_misc":{"\u00c9crit par":"Asavar","Dur\u00e9e de lecture estim\u00e9e":"6 minutes"},"schema":{"@context":"https:\/\/schema.org","@graph":[{"@type":"Article","@id":"https:\/\/www.asavar.net\/blog\/2020\/03\/31\/geneatheme-la-bibliotheque-bombardee\/#article","isPartOf":{"@id":"https:\/\/www.asavar.net\/blog\/2020\/03\/31\/geneatheme-la-bibliotheque-bombardee\/"},"author":{"name":"Asavar","@id":"https:\/\/www.asavar.net\/blog\/#\/schema\/person\/1dac85d1f2ae9333ccd3fd359d1bf303"},"headline":"G\u00e9n\u00e9ath\u00e8me : La biblioth\u00e8que bombard\u00e9e","datePublished":"2020-03-31T08:00:00+00:00","dateModified":"2020-04-01T19:46:22+00:00","mainEntityOfPage":{"@id":"https:\/\/www.asavar.net\/blog\/2020\/03\/31\/geneatheme-la-bibliotheque-bombardee\/"},"wordCount":1302,"commentCount":5,"publisher":{"@id":"https:\/\/www.asavar.net\/blog\/#\/schema\/person\/1dac85d1f2ae9333ccd3fd359d1bf303"},"image":{"@id":"https:\/\/www.asavar.net\/blog\/2020\/03\/31\/geneatheme-la-bibliotheque-bombardee\/#primaryimage"},"thumbnailUrl":"https:\/\/www.asavar.net\/blog\/wp-content\/uploads\/2020\/03\/IMG_20200329_184307-scaled.jpg","keywords":["#geneatheme"],"articleSection":["G\u00e9n\u00e9alogie"],"inLanguage":"fr-FR","potentialAction":[{"@type":"CommentAction","name":"Comment","target":["https:\/\/www.asavar.net\/blog\/2020\/03\/31\/geneatheme-la-bibliotheque-bombardee\/#respond"]}]},{"@type":"WebPage","@id":"https:\/\/www.asavar.net\/blog\/2020\/03\/31\/geneatheme-la-bibliotheque-bombardee\/","url":"https:\/\/www.asavar.net\/blog\/2020\/03\/31\/geneatheme-la-bibliotheque-bombardee\/","name":"G\u00e9n\u00e9ath\u00e8me : La biblioth\u00e8que bombard\u00e9e - Le vide-grenier d&#039;Asavar","isPartOf":{"@id":"https:\/\/www.asavar.net\/blog\/#website"},"primaryImageOfPage":{"@id":"https:\/\/www.asavar.net\/blog\/2020\/03\/31\/geneatheme-la-bibliotheque-bombardee\/#primaryimage"},"image":{"@id":"https:\/\/www.asavar.net\/blog\/2020\/03\/31\/geneatheme-la-bibliotheque-bombardee\/#primaryimage"},"thumbnailUrl":"https:\/\/www.asavar.net\/blog\/wp-content\/uploads\/2020\/03\/IMG_20200329_184307-scaled.jpg","datePublished":"2020-03-31T08:00:00+00:00","dateModified":"2020-04-01T19:46:22+00:00","description":"Pour ce g\u00e9n\u00e9ath\u00e8me de Mars 2020, parlons de la biblioth\u00e8que un peu particuli\u00e8re de mes grands-parents. Elle \u00e9tait chez mes grands-parents","inLanguage":"fr-FR","potentialAction":[{"@type":"ReadAction","target":["https:\/\/www.asavar.net\/blog\/2020\/03\/31\/geneatheme-la-bibliotheque-bombardee\/"]}]},{"@type":"ImageObject","inLanguage":"fr-FR","@id":"https:\/\/www.asavar.net\/blog\/2020\/03\/31\/geneatheme-la-bibliotheque-bombardee\/#primaryimage","url":"https:\/\/www.asavar.net\/blog\/wp-content\/uploads\/2020\/03\/IMG_20200329_184307-scaled.jpg","contentUrl":"https:\/\/www.asavar.net\/blog\/wp-content\/uploads\/2020\/03\/IMG_20200329_184307-scaled.jpg","width":2560,"height":1920,"caption":"La Biblioth\u00e8que"},{"@type":"WebSite","@id":"https:\/\/www.asavar.net\/blog\/#website","url":"https:\/\/www.asavar.net\/blog\/","name":"Le vide-grenier d&#039;Asavar","description":"Virtuel mais pas forc\u00e9ment poussi\u00e9reux","publisher":{"@id":"https:\/\/www.asavar.net\/blog\/#\/schema\/person\/1dac85d1f2ae9333ccd3fd359d1bf303"},"potentialAction":[{"@type":"SearchAction","target":{"@type":"EntryPoint","urlTemplate":"https:\/\/www.asavar.net\/blog\/?s={search_term_string}"},"query-input":{"@type":"PropertyValueSpecification","valueRequired":true,"valueName":"search_term_string"}}],"inLanguage":"fr-FR"},{"@type":["Person","Organization"],"@id":"https:\/\/www.asavar.net\/blog\/#\/schema\/person\/1dac85d1f2ae9333ccd3fd359d1bf303","name":"Asavar","image":{"@type":"ImageObject","inLanguage":"fr-FR","@id":"https:\/\/www.asavar.net\/blog\/#\/schema\/person\/image\/","url":"https:\/\/secure.gravatar.com\/avatar\/417bd47d3e1676e2b0d7c39b2ef87304659819698adabc98296ebe9b659a0e21?s=96&d=wavatar&r=g","contentUrl":"https:\/\/secure.gravatar.com\/avatar\/417bd47d3e1676e2b0d7c39b2ef87304659819698adabc98296ebe9b659a0e21?s=96&d=wavatar&r=g","caption":"Asavar"},"logo":{"@id":"https:\/\/www.asavar.net\/blog\/#\/schema\/person\/image\/"},"sameAs":["http:\/\/www.asavar.net"]}]}},"jetpack_publicize_connections":[],"jetpack_featured_media_url":"https:\/\/www.asavar.net\/blog\/wp-content\/uploads\/2020\/03\/IMG_20200329_184307-scaled.jpg","jetpack_shortlink":"https:\/\/wp.me\/pkpG2-zw","jetpack_likes_enabled":true,"jetpack-related-posts":[],"jetpack_sharing_enabled":true,"_links":{"self":[{"href":"https:\/\/www.asavar.net\/blog\/wp-json\/wp\/v2\/posts\/2202","targetHints":{"allow":["GET"]}}],"collection":[{"href":"https:\/\/www.asavar.net\/blog\/wp-json\/wp\/v2\/posts"}],"about":[{"href":"https:\/\/www.asavar.net\/blog\/wp-json\/wp\/v2\/types\/post"}],"author":[{"embeddable":true,"href":"https:\/\/www.asavar.net\/blog\/wp-json\/wp\/v2\/users\/2"}],"replies":[{"embeddable":true,"href":"https:\/\/www.asavar.net\/blog\/wp-json\/wp\/v2\/comments?post=2202"}],"version-history":[{"count":35,"href":"https:\/\/www.asavar.net\/blog\/wp-json\/wp\/v2\/posts\/2202\/revisions"}],"predecessor-version":[{"id":2261,"href":"https:\/\/www.asavar.net\/blog\/wp-json\/wp\/v2\/posts\/2202\/revisions\/2261"}],"wp:featuredmedia":[{"embeddable":true,"href":"https:\/\/www.asavar.net\/blog\/wp-json\/wp\/v2\/media\/2224"}],"wp:attachment":[{"href":"https:\/\/www.asavar.net\/blog\/wp-json\/wp\/v2\/media?parent=2202"}],"wp:term":[{"taxonomy":"category","embeddable":true,"href":"https:\/\/www.asavar.net\/blog\/wp-json\/wp\/v2\/categories?post=2202"},{"taxonomy":"post_tag","embeddable":true,"href":"https:\/\/www.asavar.net\/blog\/wp-json\/wp\/v2\/tags?post=2202"}],"curies":[{"name":"wp","href":"https:\/\/api.w.org\/{rel}","templated":true}]}}