{"id":642,"date":"2012-02-19T19:10:03","date_gmt":"2012-02-19T18:10:03","guid":{"rendered":"http:\/\/www.asavar.net\/blog\/?p=642"},"modified":"2024-02-24T16:25:54","modified_gmt":"2024-02-24T15:25:54","slug":"la-biographie-de-steve-jobs","status":"publish","type":"post","link":"https:\/\/www.asavar.net\/blog\/2012\/02\/19\/la-biographie-de-steve-jobs\/","title":{"rendered":"Steve Jobs : La bio pour les fanboys ?"},"content":{"rendered":"<h4>Steve Jobs &#8211; Biographie par Walter Isaacson<\/h4>\n<p>En tant qu&rsquo;utilisateur d&rsquo;un <a href=\"https:\/\/www.asavar.net\/blog\/2010\/10\/09\/passage-a-liphone-4\/\">certain nombre de produits Apple<\/a>, je me suis demand\u00e9 pendant un certain &nbsp;temps si je devais lire ou non la biographie de son fondateur Steve Jobs. Sortie en Angleterre avant de sortir chez nous, je l&rsquo;ai un peu feuillet\u00e9e dans une librairie outre manche. J&rsquo;\u00e9tais assez dubitatif, je l&rsquo;avoue.<\/p>\n<p>Cependant plus le temps passait, plus j&rsquo;\u00e9tais tent\u00e9. Je me sentait tout de m\u00eame assez touch\u00e9 par le d\u00e9c\u00e8s de cet homme qui avait&nbsp; r\u00e9volutionn\u00e9 trois march\u00e9s dans sa carri\u00e8re.<\/p>\n<p>Le sort en a finalement d\u00e9cid\u00e9 puisque j&rsquo;ai re\u00e7u le livre en cadeau d&rsquo;anniversaire (Merci Sophie et Fran\u00e7ois \ud83d\ude09 ). Je me suis donc finalement plong\u00e9 dedans. Plong\u00e9 certes mais avec un \u00e0 priori; je craignais que l&rsquo;ouvrage ne soit complaisant car la 4\u00e9me de couverture me semble toutefois un peu (beaucoup) exag\u00e9r\u00e9e :<\/p>\n<blockquote>\n<p style=\"text-align: center;\"><em>La Biographie du g\u00e9nie qui a chang\u00e9 le monde<\/em><\/p>\n<p><em>A partir d&rsquo;une quarantaine d&rsquo;interviews exclusives et de multiples rencontres avec sa famille, ses proches, ses collaborateurs, ses amis comme ses adversaires, Walter Isaacson a reconstitu\u00e9 d&rsquo;une fa\u00e7on magistrale et passionn\u00e9e la vie, l&rsquo;oeuvre et la pens\u00e9e d&rsquo;un des plus grands innovateurs et visionnaires de notre \u00e9poque.<\/em><\/p><\/blockquote>\n<p>Alors g\u00e9nie peut \u00eatre mais qui a chang\u00e9 le monde me semble un peu trop fort !<\/p>\n<p>Bon maintenant que je viens de me mettre tous les <a title=\"Fanboy wikipedia\" href=\"http:\/\/fr.wikipedia.org\/wiki\/Fanboy\" target=\"_blank\" rel=\"noopener\">fan-boys<\/a> \u00e0 dos :), je peux parler du bouquin. C&rsquo;est quand m\u00eame cela qui nous int\u00e9resse.<\/p>\n<h4>Mes doutes et ce que j&rsquo;ai aim\u00e9<\/h4>\n<p>Je ne suis pas un grand adepte des biographies. Je pensais de prime, abord, que la vision chronologique serait adopt\u00e9e dans ce type d&rsquo;ouvrage. Si c&rsquo;est bien le cas dans la prime jeunesse du sujet, \u00e7a ne l&rsquo;est plus ensuite. Je dois avouer avoir \u00e9t\u00e9 un peu perturb\u00e9 par cette fa\u00e7on de narrer. Ceci \u00e9tant, arriv\u00e9 au bout de l&rsquo;ouvrage, c&rsquo;\u00e9tait finalement pas mal.<\/p>\n<p>Au risque de faire un joli spoiler : Ce livre finit mal et il meurt \u00e0 la fin !&nbsp;<br \/>\nMais c&rsquo;est en fait un bon r\u00e9sum\u00e9 de cette bio. Il est mort comme il avait v\u00e9cu, sans concessions, ni changement de sa ligne de conduite, sans devenir vraiment responsable non plus.<\/p>\n<p>Je ne d\u00e9voilerais pas le contenu de la vie de Jobs r\u00e9v\u00e9l\u00e9 dans le livre. Ce n&rsquo;est pas le but, mais je voudrais plut\u00f4t dire que ce sont surtout les premi\u00e8res ann\u00e9es qui m&rsquo;ont sembl\u00e9es passionnantes car elles nous font toucher du doigt la construction de la personnalit\u00e9 de Steve Jobs. Le d\u00e9roulement de ces ann\u00e9es au c\u0153ur de la silicon valley et \u00e0 une \u00e9poque ou j&rsquo;\u00e9tait encore tout minot, ne me semblait pas coller au personnage. Et pourtant, c&rsquo;est ainsi que se sont mis en place les divers \u00e9l\u00e9ments cl\u00e9s du sc\u00e9nario. Sc\u00e9nario qui a fait qu&rsquo;aujourd&rsquo;hui les deux grandes entreprises pour lesquelles Steve Jobs avaient une affection particuli\u00e8re (Apple et Pixar) sont devenues ce qu&rsquo;elle sont aujourd&rsquo;hui.<\/p>\n<p>Finalement cet ouvrage, qui est tout de m\u00eame un pav\u00e9 de 640 pages, se lit tr\u00e8s facilement. Je l&rsquo;ai donc termin\u00e9 en moins de deux semaines. Int\u00e9r\u00eat et plaisir un peu en baisse sur la fin de l&rsquo;ouvrage. Cette baisse \u00e9tant particuli\u00e8rement du, je pense, au fait que c&rsquo;est la partie de sa vie que l&rsquo;on connait le mieux malgr\u00e9 tout le secret qu&rsquo;il y avait mis.<\/p>\n<h4>En synth\u00e8se<\/h4>\n<p>Un ouvrage ou l&rsquo;auteur d\u00e9crit un homme et sa vie sans complaisance. On sent toutefois poindre, sur la fin, un certain attachement au personnage.<\/p>\n<p>Il est maintenant temps de r\u00e9pondre \u00e0 la question initiale : <strong>Est ce un livre pour les Apple Addicts<\/strong> ? &nbsp;<\/p>\n<p>Je pense que tout le monde peut le lire. Cependant si le monde de la technologie et de ses usages n&rsquo;est pas votre tasse de th\u00e9, passez votre chemin.<br \/>\nCe livre remet un certain nombre de pendules \u00e0 l&rsquo;heure, et ne donnera aucun argument \u00e0 un camp comme \u00e0 l&rsquo;autre. Et c&rsquo;est plut\u00f4t une bonne nouvelle parce que personnellement je suis un peu&nbsp; fatigu\u00e9 du <a title=\"Troll Wikipedia\" href=\"http:\/\/fr.wikipedia.org\/wiki\/Troll_(Internet)\" target=\"_blank\" rel=\"noopener\">troll syst\u00e9matique<\/a> qui d\u00e9marre d\u00e9s que l&rsquo;on parle d&rsquo;Apple (dans un sens ou l&rsquo;autre).<\/p>\n<p>Bonne Lecture<\/p>\n<p>&nbsp;<\/p>\n<p>&nbsp;<\/p>\n","protected":false},"excerpt":{"rendered":"<p>Steve Jobs &#8211; Biographie par Walter Isaacson En tant qu&rsquo;utilisateur d&rsquo;un certain nombre de produits Apple, je me suis demand\u00e9 pendant un certain &nbsp;temps si je devais lire ou non la biographie de son fondateur Steve Jobs. Sortie en Angleterre&hellip; <a href=\"https:\/\/www.asavar.net\/blog\/2012\/02\/19\/la-biographie-de-steve-jobs\/\" class=\"more-link\">Continuer la lecture <span class=\"meta-nav\">&rarr;<\/span><\/a><\/p>\n","protected":false},"author":2,"featured_media":1782,"comment_status":"open","ping_status":"closed","sticky":false,"template":"","format":"standard","meta":{"ngg_post_thumbnail":0,"jetpack_post_was_ever_published":false,"_jetpack_newsletter_access":"","_jetpack_dont_email_post_to_subs":false,"_jetpack_newsletter_tier_id":0,"_jetpack_memberships_contains_paywalled_content":false,"_jetpack_memberships_contains_paid_content":false,"footnotes":"","jetpack_publicize_message":"","jetpack_publicize_feature_enabled":true,"jetpack_social_post_already_shared":false,"jetpack_social_options":{"image_generator_settings":{"template":"highway","default_image_id":0,"font":"","enabled":false},"version":2}},"categories":[73],"tags":[8,134,137,152,136,135],"class_list":["post-642","post","type-post","status-publish","format-standard","has-post-thumbnail","hentry","category-lectures","tag-apple","tag-biographie","tag-fan-boys","tag-geek","tag-isaacson","tag-steve-jobs"],"yoast_head":"<!-- This site is optimized with the Yoast SEO plugin v26.4 - https:\/\/yoast.com\/wordpress\/plugins\/seo\/ -->\n<title>Steve Jobs : La bio pour les fanboys ? - Le vide-grenier d&#039;Asavar<\/title>\n<meta name=\"description\" content=\"Critique de la biographie de Steve Jobs, un livre que j&#039;ai longtemps h\u00e9sit\u00e9 \u00e0 lire. Re\u00e7u en cadeau d&#039;anniversaire , je m&#039;y suis donc attel\u00e9...\" \/>\n<meta name=\"robots\" content=\"index, follow, max-snippet:-1, max-image-preview:large, max-video-preview:-1\" \/>\n<link rel=\"canonical\" href=\"https:\/\/www.asavar.net\/blog\/2012\/02\/19\/la-biographie-de-steve-jobs\/\" \/>\n<meta property=\"og:locale\" content=\"fr_FR\" \/>\n<meta property=\"og:type\" content=\"article\" \/>\n<meta property=\"og:title\" content=\"Steve Jobs : La bio pour les fanboys ? - Le vide-grenier d&#039;Asavar\" \/>\n<meta property=\"og:description\" content=\"Critique de la biographie de Steve Jobs, un livre que j&#039;ai longtemps h\u00e9sit\u00e9 \u00e0 lire. Re\u00e7u en cadeau d&#039;anniversaire , je m&#039;y suis donc attel\u00e9...\" \/>\n<meta property=\"og:url\" content=\"https:\/\/www.asavar.net\/blog\/2012\/02\/19\/la-biographie-de-steve-jobs\/\" \/>\n<meta property=\"og:site_name\" content=\"Le vide-grenier d&#039;Asavar\" \/>\n<meta property=\"article:published_time\" content=\"2012-02-19T18:10:03+00:00\" \/>\n<meta property=\"article:modified_time\" content=\"2024-02-24T15:25:54+00:00\" \/>\n<meta property=\"og:image\" content=\"https:\/\/www.asavar.net\/blog\/wp-content\/uploads\/2018\/01\/Steve-Jobs-Walter-isaacson.jpg\" \/>\n\t<meta property=\"og:image:width\" content=\"400\" \/>\n\t<meta property=\"og:image:height\" content=\"609\" \/>\n\t<meta property=\"og:image:type\" content=\"image\/jpeg\" \/>\n<meta name=\"author\" content=\"Asavar\" \/>\n<meta name=\"twitter:card\" content=\"summary_large_image\" \/>\n<meta name=\"twitter:creator\" content=\"@vmarty\" \/>\n<meta name=\"twitter:site\" content=\"@vmarty\" \/>\n<meta name=\"twitter:label1\" content=\"\u00c9crit par\" \/>\n\t<meta name=\"twitter:data1\" content=\"Asavar\" \/>\n\t<meta name=\"twitter:label2\" content=\"Dur\u00e9e de lecture estim\u00e9e\" \/>\n\t<meta name=\"twitter:data2\" content=\"4 minutes\" \/>\n<script type=\"application\/ld+json\" class=\"yoast-schema-graph\">{\"@context\":\"https:\/\/schema.org\",\"@graph\":[{\"@type\":\"Article\",\"@id\":\"https:\/\/www.asavar.net\/blog\/2012\/02\/19\/la-biographie-de-steve-jobs\/#article\",\"isPartOf\":{\"@id\":\"https:\/\/www.asavar.net\/blog\/2012\/02\/19\/la-biographie-de-steve-jobs\/\"},\"author\":{\"name\":\"Asavar\",\"@id\":\"https:\/\/www.asavar.net\/blog\/#\/schema\/person\/1dac85d1f2ae9333ccd3fd359d1bf303\"},\"headline\":\"Steve Jobs : La bio pour les fanboys ?\",\"datePublished\":\"2012-02-19T18:10:03+00:00\",\"dateModified\":\"2024-02-24T15:25:54+00:00\",\"mainEntityOfPage\":{\"@id\":\"https:\/\/www.asavar.net\/blog\/2012\/02\/19\/la-biographie-de-steve-jobs\/\"},\"wordCount\":769,\"commentCount\":1,\"publisher\":{\"@id\":\"https:\/\/www.asavar.net\/blog\/#\/schema\/person\/1dac85d1f2ae9333ccd3fd359d1bf303\"},\"image\":{\"@id\":\"https:\/\/www.asavar.net\/blog\/2012\/02\/19\/la-biographie-de-steve-jobs\/#primaryimage\"},\"thumbnailUrl\":\"https:\/\/www.asavar.net\/blog\/wp-content\/uploads\/2018\/01\/Steve-Jobs-Walter-isaacson.jpg\",\"keywords\":[\"Apple\",\"biographie\",\"fan boys\",\"Geek\",\"Isaacson\",\"Steve Jobs\"],\"articleSection\":[\"Lectures\"],\"inLanguage\":\"fr-FR\",\"potentialAction\":[{\"@type\":\"CommentAction\",\"name\":\"Comment\",\"target\":[\"https:\/\/www.asavar.net\/blog\/2012\/02\/19\/la-biographie-de-steve-jobs\/#respond\"]}]},{\"@type\":\"WebPage\",\"@id\":\"https:\/\/www.asavar.net\/blog\/2012\/02\/19\/la-biographie-de-steve-jobs\/\",\"url\":\"https:\/\/www.asavar.net\/blog\/2012\/02\/19\/la-biographie-de-steve-jobs\/\",\"name\":\"Steve Jobs : La bio pour les fanboys ? - Le vide-grenier d&#039;Asavar\",\"isPartOf\":{\"@id\":\"https:\/\/www.asavar.net\/blog\/#website\"},\"primaryImageOfPage\":{\"@id\":\"https:\/\/www.asavar.net\/blog\/2012\/02\/19\/la-biographie-de-steve-jobs\/#primaryimage\"},\"image\":{\"@id\":\"https:\/\/www.asavar.net\/blog\/2012\/02\/19\/la-biographie-de-steve-jobs\/#primaryimage\"},\"thumbnailUrl\":\"https:\/\/www.asavar.net\/blog\/wp-content\/uploads\/2018\/01\/Steve-Jobs-Walter-isaacson.jpg\",\"datePublished\":\"2012-02-19T18:10:03+00:00\",\"dateModified\":\"2024-02-24T15:25:54+00:00\",\"description\":\"Critique de la biographie de Steve Jobs, un livre que j'ai longtemps h\u00e9sit\u00e9 \u00e0 lire. Re\u00e7u en cadeau d'anniversaire , je m'y suis donc attel\u00e9...\",\"inLanguage\":\"fr-FR\",\"potentialAction\":[{\"@type\":\"ReadAction\",\"target\":[\"https:\/\/www.asavar.net\/blog\/2012\/02\/19\/la-biographie-de-steve-jobs\/\"]}]},{\"@type\":\"ImageObject\",\"inLanguage\":\"fr-FR\",\"@id\":\"https:\/\/www.asavar.net\/blog\/2012\/02\/19\/la-biographie-de-steve-jobs\/#primaryimage\",\"url\":\"https:\/\/www.asavar.net\/blog\/wp-content\/uploads\/2018\/01\/Steve-Jobs-Walter-isaacson.jpg\",\"contentUrl\":\"https:\/\/www.asavar.net\/blog\/wp-content\/uploads\/2018\/01\/Steve-Jobs-Walter-isaacson.jpg\",\"width\":400,\"height\":609,\"caption\":\"Steve Jobs par Walter Isaacson\"},{\"@type\":\"WebSite\",\"@id\":\"https:\/\/www.asavar.net\/blog\/#website\",\"url\":\"https:\/\/www.asavar.net\/blog\/\",\"name\":\"Le vide-grenier d&#039;Asavar\",\"description\":\"Virtuel mais pas forc\u00e9ment poussi\u00e9reux\",\"publisher\":{\"@id\":\"https:\/\/www.asavar.net\/blog\/#\/schema\/person\/1dac85d1f2ae9333ccd3fd359d1bf303\"},\"potentialAction\":[{\"@type\":\"SearchAction\",\"target\":{\"@type\":\"EntryPoint\",\"urlTemplate\":\"https:\/\/www.asavar.net\/blog\/?s={search_term_string}\"},\"query-input\":{\"@type\":\"PropertyValueSpecification\",\"valueRequired\":true,\"valueName\":\"search_term_string\"}}],\"inLanguage\":\"fr-FR\"},{\"@type\":[\"Person\",\"Organization\"],\"@id\":\"https:\/\/www.asavar.net\/blog\/#\/schema\/person\/1dac85d1f2ae9333ccd3fd359d1bf303\",\"name\":\"Asavar\",\"image\":{\"@type\":\"ImageObject\",\"inLanguage\":\"fr-FR\",\"@id\":\"https:\/\/www.asavar.net\/blog\/#\/schema\/person\/image\/\",\"url\":\"https:\/\/secure.gravatar.com\/avatar\/417bd47d3e1676e2b0d7c39b2ef87304659819698adabc98296ebe9b659a0e21?s=96&d=wavatar&r=g\",\"contentUrl\":\"https:\/\/secure.gravatar.com\/avatar\/417bd47d3e1676e2b0d7c39b2ef87304659819698adabc98296ebe9b659a0e21?s=96&d=wavatar&r=g\",\"caption\":\"Asavar\"},\"logo\":{\"@id\":\"https:\/\/www.asavar.net\/blog\/#\/schema\/person\/image\/\"},\"sameAs\":[\"http:\/\/www.asavar.net\"]}]}<\/script>\n<!-- \/ Yoast SEO plugin. -->","yoast_head_json":{"title":"Steve Jobs : La bio pour les fanboys ? - Le vide-grenier d&#039;Asavar","description":"Critique de la biographie de Steve Jobs, un livre que j'ai longtemps h\u00e9sit\u00e9 \u00e0 lire. Re\u00e7u en cadeau d'anniversaire , je m'y suis donc attel\u00e9...","robots":{"index":"index","follow":"follow","max-snippet":"max-snippet:-1","max-image-preview":"max-image-preview:large","max-video-preview":"max-video-preview:-1"},"canonical":"https:\/\/www.asavar.net\/blog\/2012\/02\/19\/la-biographie-de-steve-jobs\/","og_locale":"fr_FR","og_type":"article","og_title":"Steve Jobs : La bio pour les fanboys ? - Le vide-grenier d&#039;Asavar","og_description":"Critique de la biographie de Steve Jobs, un livre que j'ai longtemps h\u00e9sit\u00e9 \u00e0 lire. Re\u00e7u en cadeau d'anniversaire , je m'y suis donc attel\u00e9...","og_url":"https:\/\/www.asavar.net\/blog\/2012\/02\/19\/la-biographie-de-steve-jobs\/","og_site_name":"Le vide-grenier d&#039;Asavar","article_published_time":"2012-02-19T18:10:03+00:00","article_modified_time":"2024-02-24T15:25:54+00:00","og_image":[{"width":400,"height":609,"url":"https:\/\/www.asavar.net\/blog\/wp-content\/uploads\/2018\/01\/Steve-Jobs-Walter-isaacson.jpg","type":"image\/jpeg"}],"author":"Asavar","twitter_card":"summary_large_image","twitter_creator":"@vmarty","twitter_site":"@vmarty","twitter_misc":{"\u00c9crit par":"Asavar","Dur\u00e9e de lecture estim\u00e9e":"4 minutes"},"schema":{"@context":"https:\/\/schema.org","@graph":[{"@type":"Article","@id":"https:\/\/www.asavar.net\/blog\/2012\/02\/19\/la-biographie-de-steve-jobs\/#article","isPartOf":{"@id":"https:\/\/www.asavar.net\/blog\/2012\/02\/19\/la-biographie-de-steve-jobs\/"},"author":{"name":"Asavar","@id":"https:\/\/www.asavar.net\/blog\/#\/schema\/person\/1dac85d1f2ae9333ccd3fd359d1bf303"},"headline":"Steve Jobs : La bio pour les fanboys ?","datePublished":"2012-02-19T18:10:03+00:00","dateModified":"2024-02-24T15:25:54+00:00","mainEntityOfPage":{"@id":"https:\/\/www.asavar.net\/blog\/2012\/02\/19\/la-biographie-de-steve-jobs\/"},"wordCount":769,"commentCount":1,"publisher":{"@id":"https:\/\/www.asavar.net\/blog\/#\/schema\/person\/1dac85d1f2ae9333ccd3fd359d1bf303"},"image":{"@id":"https:\/\/www.asavar.net\/blog\/2012\/02\/19\/la-biographie-de-steve-jobs\/#primaryimage"},"thumbnailUrl":"https:\/\/www.asavar.net\/blog\/wp-content\/uploads\/2018\/01\/Steve-Jobs-Walter-isaacson.jpg","keywords":["Apple","biographie","fan boys","Geek","Isaacson","Steve Jobs"],"articleSection":["Lectures"],"inLanguage":"fr-FR","potentialAction":[{"@type":"CommentAction","name":"Comment","target":["https:\/\/www.asavar.net\/blog\/2012\/02\/19\/la-biographie-de-steve-jobs\/#respond"]}]},{"@type":"WebPage","@id":"https:\/\/www.asavar.net\/blog\/2012\/02\/19\/la-biographie-de-steve-jobs\/","url":"https:\/\/www.asavar.net\/blog\/2012\/02\/19\/la-biographie-de-steve-jobs\/","name":"Steve Jobs : La bio pour les fanboys ? - Le vide-grenier d&#039;Asavar","isPartOf":{"@id":"https:\/\/www.asavar.net\/blog\/#website"},"primaryImageOfPage":{"@id":"https:\/\/www.asavar.net\/blog\/2012\/02\/19\/la-biographie-de-steve-jobs\/#primaryimage"},"image":{"@id":"https:\/\/www.asavar.net\/blog\/2012\/02\/19\/la-biographie-de-steve-jobs\/#primaryimage"},"thumbnailUrl":"https:\/\/www.asavar.net\/blog\/wp-content\/uploads\/2018\/01\/Steve-Jobs-Walter-isaacson.jpg","datePublished":"2012-02-19T18:10:03+00:00","dateModified":"2024-02-24T15:25:54+00:00","description":"Critique de la biographie de Steve Jobs, un livre que j'ai longtemps h\u00e9sit\u00e9 \u00e0 lire. Re\u00e7u en cadeau d'anniversaire , je m'y suis donc attel\u00e9...","inLanguage":"fr-FR","potentialAction":[{"@type":"ReadAction","target":["https:\/\/www.asavar.net\/blog\/2012\/02\/19\/la-biographie-de-steve-jobs\/"]}]},{"@type":"ImageObject","inLanguage":"fr-FR","@id":"https:\/\/www.asavar.net\/blog\/2012\/02\/19\/la-biographie-de-steve-jobs\/#primaryimage","url":"https:\/\/www.asavar.net\/blog\/wp-content\/uploads\/2018\/01\/Steve-Jobs-Walter-isaacson.jpg","contentUrl":"https:\/\/www.asavar.net\/blog\/wp-content\/uploads\/2018\/01\/Steve-Jobs-Walter-isaacson.jpg","width":400,"height":609,"caption":"Steve Jobs par Walter Isaacson"},{"@type":"WebSite","@id":"https:\/\/www.asavar.net\/blog\/#website","url":"https:\/\/www.asavar.net\/blog\/","name":"Le vide-grenier d&#039;Asavar","description":"Virtuel mais pas forc\u00e9ment poussi\u00e9reux","publisher":{"@id":"https:\/\/www.asavar.net\/blog\/#\/schema\/person\/1dac85d1f2ae9333ccd3fd359d1bf303"},"potentialAction":[{"@type":"SearchAction","target":{"@type":"EntryPoint","urlTemplate":"https:\/\/www.asavar.net\/blog\/?s={search_term_string}"},"query-input":{"@type":"PropertyValueSpecification","valueRequired":true,"valueName":"search_term_string"}}],"inLanguage":"fr-FR"},{"@type":["Person","Organization"],"@id":"https:\/\/www.asavar.net\/blog\/#\/schema\/person\/1dac85d1f2ae9333ccd3fd359d1bf303","name":"Asavar","image":{"@type":"ImageObject","inLanguage":"fr-FR","@id":"https:\/\/www.asavar.net\/blog\/#\/schema\/person\/image\/","url":"https:\/\/secure.gravatar.com\/avatar\/417bd47d3e1676e2b0d7c39b2ef87304659819698adabc98296ebe9b659a0e21?s=96&d=wavatar&r=g","contentUrl":"https:\/\/secure.gravatar.com\/avatar\/417bd47d3e1676e2b0d7c39b2ef87304659819698adabc98296ebe9b659a0e21?s=96&d=wavatar&r=g","caption":"Asavar"},"logo":{"@id":"https:\/\/www.asavar.net\/blog\/#\/schema\/person\/image\/"},"sameAs":["http:\/\/www.asavar.net"]}]}},"jetpack_publicize_connections":[],"jetpack_featured_media_url":"https:\/\/www.asavar.net\/blog\/wp-content\/uploads\/2018\/01\/Steve-Jobs-Walter-isaacson.jpg","jetpack_shortlink":"https:\/\/wp.me\/pkpG2-am","jetpack_likes_enabled":true,"jetpack-related-posts":[],"jetpack_sharing_enabled":true,"_links":{"self":[{"href":"https:\/\/www.asavar.net\/blog\/wp-json\/wp\/v2\/posts\/642","targetHints":{"allow":["GET"]}}],"collection":[{"href":"https:\/\/www.asavar.net\/blog\/wp-json\/wp\/v2\/posts"}],"about":[{"href":"https:\/\/www.asavar.net\/blog\/wp-json\/wp\/v2\/types\/post"}],"author":[{"embeddable":true,"href":"https:\/\/www.asavar.net\/blog\/wp-json\/wp\/v2\/users\/2"}],"replies":[{"embeddable":true,"href":"https:\/\/www.asavar.net\/blog\/wp-json\/wp\/v2\/comments?post=642"}],"version-history":[{"count":23,"href":"https:\/\/www.asavar.net\/blog\/wp-json\/wp\/v2\/posts\/642\/revisions"}],"predecessor-version":[{"id":3383,"href":"https:\/\/www.asavar.net\/blog\/wp-json\/wp\/v2\/posts\/642\/revisions\/3383"}],"wp:featuredmedia":[{"embeddable":true,"href":"https:\/\/www.asavar.net\/blog\/wp-json\/wp\/v2\/media\/1782"}],"wp:attachment":[{"href":"https:\/\/www.asavar.net\/blog\/wp-json\/wp\/v2\/media?parent=642"}],"wp:term":[{"taxonomy":"category","embeddable":true,"href":"https:\/\/www.asavar.net\/blog\/wp-json\/wp\/v2\/categories?post=642"},{"taxonomy":"post_tag","embeddable":true,"href":"https:\/\/www.asavar.net\/blog\/wp-json\/wp\/v2\/tags?post=642"}],"curies":[{"name":"wp","href":"https:\/\/api.w.org\/{rel}","templated":true}]}}